{"id":10159,"date":"2024-05-29T21:08:33","date_gmt":"2024-05-29T19:08:33","guid":{"rendered":"https:\/\/foodtruckya.com\/magazine\/?p=10159"},"modified":"2024-05-29T21:09:39","modified_gmt":"2024-05-29T19:09:39","slug":"la-forzuda-alquiler-de-food-truck","status":"publish","type":"post","link":"https:\/\/foodtruckya.com\/magazine\/reportajes-empresas\/la-forzuda-alquiler-de-food-truck\/","title":{"rendered":"La Forzuda, alquiler de food truck"},"content":{"rendered":"\n<p>Charlamos con Fernando Pose y Carmen Sampalo, responsables del food truck en alquiler <strong><em><a href=\"https:\/\/foodtruckya.com\/es\/alquiler\/la-forzuda\" target=\"_blank\" rel=\"noreferrer noopener\">La Forzuda<\/a><\/em><\/strong>.<\/p>\n\n\n<div class=\"wp-block-image\">\n<figure class=\"aligncenter size-full\"><img  loading=\"lazy\"  decoding=\"async\"  width=\"686\"  height=\"733\"  src=\"data:image\/png;base64,iVBORw0KGgoAAAANSUhEUgAAAAEAAAABAQMAAAAl21bKAAAAA1BMVEUAAP+KeNJXAAAAAXRSTlMAQObYZgAAAApJREFUCNdjYAAAAAIAAeIhvDMAAAAASUVORK5CYII=\"  alt=\"\"  class=\"wp-image-10161 pk-lazyload\"  data-pk-sizes=\"auto\"  data-ls-sizes=\"(max-width: 686px) 100vw, 686px\"  data-pk-src=\"https:\/\/foodtruckya.com\/magazine\/wp-content\/uploads\/2024\/05\/Captura-de-pantalla-2024-05-29-210009.png\"  data-pk-srcset=\"https:\/\/foodtruckya.com\/magazine\/wp-content\/uploads\/2024\/05\/Captura-de-pantalla-2024-05-29-210009.png 686w, https:\/\/foodtruckya.com\/magazine\/wp-content\/uploads\/2024\/05\/Captura-de-pantalla-2024-05-29-210009-120x128.png 120w, https:\/\/foodtruckya.com\/magazine\/wp-content\/uploads\/2024\/05\/Captura-de-pantalla-2024-05-29-210009-90x96.png 90w, https:\/\/foodtruckya.com\/magazine\/wp-content\/uploads\/2024\/05\/Captura-de-pantalla-2024-05-29-210009-320x342.png 320w, https:\/\/foodtruckya.com\/magazine\/wp-content\/uploads\/2024\/05\/Captura-de-pantalla-2024-05-29-210009-560x598.png 560w\" ><\/figure><\/div>\n\n\n<p><strong>Realizarnos por favor una breve presentaci\u00f3n sobre la empresa<\/strong>.<\/p>\n\n\n\n<p>La Forzuda es un foodtruck original. Somos una compa\u00f1\u00eda de circo y teatro ambulante.<br>Empezamos en 2023 con la idea de ofrecer comida mientras se realizan espect\u00e1culos.<\/p>\n\n\n\n<p>Ofrecemos un alquiler flexible, t\u00fa eliges si quieres contar con un pizzero o nosotros te damos tanto los conocimientos como la materia prima, para que t\u00fa mismo puedas hacer las pizzas. Tambi\u00e9n ofrecemos m\u00fasica y espect\u00e1culos en vivo.<\/p>\n\n\n\n<figure class=\"wp-block-image size-full\"><img  loading=\"lazy\"  decoding=\"async\"  width=\"682\"  height=\"640\"  src=\"data:image\/png;base64,iVBORw0KGgoAAAANSUhEUgAAAAEAAAABAQMAAAAl21bKAAAAA1BMVEUAAP+KeNJXAAAAAXRSTlMAQObYZgAAAApJREFUCNdjYAAAAAIAAeIhvDMAAAAASUVORK5CYII=\"  alt=\"\"  class=\"wp-image-10162 pk-lazyload\"  data-pk-sizes=\"auto\"  data-ls-sizes=\"(max-width: 682px) 100vw, 682px\"  data-pk-src=\"https:\/\/foodtruckya.com\/magazine\/wp-content\/uploads\/2024\/05\/forzuda2.png\"  data-pk-srcset=\"https:\/\/foodtruckya.com\/magazine\/wp-content\/uploads\/2024\/05\/forzuda2.png 682w, https:\/\/foodtruckya.com\/magazine\/wp-content\/uploads\/2024\/05\/forzuda2-120x113.png 120w, https:\/\/foodtruckya.com\/magazine\/wp-content\/uploads\/2024\/05\/forzuda2-90x84.png 90w, https:\/\/foodtruckya.com\/magazine\/wp-content\/uploads\/2024\/05\/forzuda2-320x300.png 320w, https:\/\/foodtruckya.com\/magazine\/wp-content\/uploads\/2024\/05\/forzuda2-560x526.png 560w\" ><\/figure>\n\n\n\n<p><strong>\u00bfD\u00f3nde est\u00e1is ubicados?<\/strong><\/p>\n\n\n\n<p>Matar\u00f3-Barcelona.<\/p>\n\n\n\n<p><strong>\u00bfC\u00f3mo funciona vuestro servicio de alquiler de food truck, qu\u00e9 incluye?<\/strong><\/p>\n\n\n\n<p>Plancha, freidora a gas, microondas, horno a gas, extintor, congelador, 2 botelleros, mesa fr\u00eda, vitrina fr\u00eda, lavamanos con agua caliente, campana extractora y caja registradora.<\/p>\n\n\n\n<p><strong>\u00bfEl food truck est\u00e1 equipado o debe encargarse el cliente?<\/strong><\/p>\n\n\n\n<p>Est\u00e1 equipado.<\/p>\n\n\n\n<p><strong>\u00bfQu\u00e9 debe tener en cuenta un cliente que quiera alquilar vuestro food truck?<\/strong> <\/p>\n\n\n\n<p>Todo lo necesario para poder ofrecer sus servicios. Cada cliente se tiene que responsabilizar de tener su propio seguro de responsabilidad civil y sus acreditaciones en manipulaci\u00f3n de alimentos.<\/p>\n\n\n\n<p><strong>Adem\u00e1s del alquiler de food truck, \u00bfofrec\u00e9is otros servicios?<\/strong><\/p>\n\n\n\n<p>Ofrecemos el transporte hasta el sitio solicitado y la vinilaci\u00f3n a acordar con la necesidad del cliente<\/p>\n\n\n\n<p><strong>\u00bfQu\u00e9 modelo de food truck ten\u00e9is en alquiler?<\/strong><\/p>\n\n\n\n<p>Tenemos un solo modelo que por sus caracter\u00edsticas es muy vers\u00e1til.<\/p>\n\n\n\n<figure class=\"wp-block-image size-large\"><img  loading=\"lazy\"  decoding=\"async\"  width=\"1160\"  height=\"870\"  src=\"data:image\/png;base64,iVBORw0KGgoAAAANSUhEUgAAAAEAAAABAQMAAAAl21bKAAAAA1BMVEUAAP+KeNJXAAAAAXRSTlMAQObYZgAAAApJREFUCNdjYAAAAAIAAeIhvDMAAAAASUVORK5CYII=\"  alt=\"\"  class=\"wp-image-10163 pk-lazyload\"  data-pk-sizes=\"auto\"  data-ls-sizes=\"(max-width: 1160px) 100vw, 1160px\"  data-pk-src=\"https:\/\/foodtruckya.com\/magazine\/wp-content\/uploads\/2024\/05\/forzuda-1160x870.jpg\"  data-pk-srcset=\"https:\/\/foodtruckya.com\/magazine\/wp-content\/uploads\/2024\/05\/forzuda-1160x870.jpg 1160w, https:\/\/foodtruckya.com\/magazine\/wp-content\/uploads\/2024\/05\/forzuda-800x600.jpg 800w, https:\/\/foodtruckya.com\/magazine\/wp-content\/uploads\/2024\/05\/forzuda-320x240.jpg 320w, https:\/\/foodtruckya.com\/magazine\/wp-content\/uploads\/2024\/05\/forzuda-1536x1152.jpg 1536w, https:\/\/foodtruckya.com\/magazine\/wp-content\/uploads\/2024\/05\/forzuda-2048x1536.jpg 2048w, https:\/\/foodtruckya.com\/magazine\/wp-content\/uploads\/2024\/05\/forzuda-300x225.jpg 300w, https:\/\/foodtruckya.com\/magazine\/wp-content\/uploads\/2024\/05\/forzuda-120x90.jpg 120w, https:\/\/foodtruckya.com\/magazine\/wp-content\/uploads\/2024\/05\/forzuda-90x68.jpg 90w, https:\/\/foodtruckya.com\/magazine\/wp-content\/uploads\/2024\/05\/forzuda-560x420.jpg 560w, https:\/\/foodtruckya.com\/magazine\/wp-content\/uploads\/2024\/05\/forzuda-1920x1440.jpg 1920w, https:\/\/foodtruckya.com\/magazine\/wp-content\/uploads\/2024\/05\/forzuda-scaled.jpg 2560w\" ><\/figure>\n\n\n\n<p><strong>\u00bfQu\u00e9 tipo de cliente ten\u00e9is?<\/strong><\/p>\n\n\n\n<p>Principalmente tenemos particulares y empresas que van a festivales.<\/p>\n\n\n\n<p><strong>\u00bfPara qu\u00e9 suelen alquilarse? <\/strong><\/p>\n\n\n\n<p>Para festivales de Circo principalmente y eventos particulares.<\/p>\n\n\n\n<p><strong>\u00bfCu\u00e1nto suele ser el tiempo medio de alquiler?<\/strong> <\/p>\n\n\n\n<p>Normalmente por d\u00edas aunque hemos tenido clientes que lo han alquilado por semanas.<\/p>\n\n\n\n<hr class=\"wp-block-separator has-alpha-channel-opacity\"\/>\n\n\n\n<p>Puedes ver su ficha de alquiler de food trucks y contactar con ellos para alquilar un food truck en Espa\u00f1a para tu pr\u00f3ximo evento, festival, rodaje o proyecto\u00a0<strong><em><a href=\"https:\/\/foodtruckya.com\/es\/alquiler\/la-forzuda\" target=\"_blank\" rel=\"noreferrer noopener\">aqu\u00ed<\/a><\/em><\/strong><\/p>\n\n\n\n<p><br><br><\/p>\n","protected":false},"excerpt":{"rendered":"<p>Charlamos con Fernando Pose y Carmen Sampalo, responsables del food truck en alquiler La Forzuda. Realizarnos por favor una breve presentaci\u00f3n sobre la empresa. La Forzuda es un foodtruck original.&hellip;<\/p>\n","protected":false},"author":7,"featured_media":10161,"comment_status":"open","ping_status":"open","sticky":false,"template":"","format":"standard","meta":{"footnotes":""},"categories":[45,50],"tags":[1156,332,320],"powerkit_post_featured":[],"yoast_head":"<!-- This site is optimized with the Yoast SEO plugin v24.2 - https:\/\/yoast.com\/wordpress\/plugins\/seo\/ -->\n<title>La Forzuda, alquiler de food truck &#8212; Street Food Magazine<\/title>\n<meta name=\"description\" content=\"Charlamos con Fernando Pose y Carmen Sampalo, responsables del food truck en alquiler La Forzuda, con base en Matar\u00f3, Barcelona\" \/>\n<meta name=\"robots\" content=\"index, follow, max-snippet:-1, max-image-preview:large, max-video-preview:-1\" \/>\n<link rel=\"canonical\" href=\"https:\/\/foodtruckya.com\/magazine\/reportajes-empresas\/la-forzuda-alquiler-de-food-truck\/\" \/>\n<meta property=\"og:locale\" content=\"es_ES\" \/>\n<meta property=\"og:type\" content=\"article\" \/>\n<meta property=\"og:title\" content=\"La Forzuda, alquiler de food truck &#8212; Street Food Magazine\" \/>\n<meta property=\"og:description\" content=\"Charlamos con Fernando Pose y Carmen Sampalo, responsables del food truck en alquiler La Forzuda, con base en Matar\u00f3, Barcelona\" \/>\n<meta property=\"og:url\" content=\"https:\/\/foodtruckya.com\/magazine\/reportajes-empresas\/la-forzuda-alquiler-de-food-truck\/\" \/>\n<meta property=\"og:site_name\" content=\"Street Food Magazine\" \/>\n<meta property=\"article:publisher\" content=\"https:\/\/www.facebook.com\/Foodtruckya\/\" \/>\n<meta property=\"article:published_time\" content=\"2024-05-29T19:08:33+00:00\" \/>\n<meta property=\"article:modified_time\" content=\"2024-05-29T19:09:39+00:00\" \/>\n<meta property=\"og:image\" content=\"https:\/\/foodtruckya.com\/magazine\/wp-content\/uploads\/2024\/05\/Captura-de-pantalla-2024-05-29-210009.png\" \/>\n\t<meta property=\"og:image:width\" content=\"686\" \/>\n\t<meta property=\"og:image:height\" content=\"733\" \/>\n\t<meta property=\"og:image:type\" content=\"image\/png\" \/>\n<meta name=\"author\" content=\"Aitor Apraiz\" \/>\n<meta name=\"twitter:card\" content=\"summary_large_image\" \/>\n<meta name=\"twitter:creator\" content=\"@Foodtruckya\" \/>\n<meta name=\"twitter:site\" content=\"@Foodtruckya\" \/>\n<meta name=\"twitter:label1\" content=\"Escrito por\" \/>\n\t<meta name=\"twitter:data1\" content=\"Aitor Apraiz\" \/>\n\t<meta name=\"twitter:label2\" content=\"Tiempo de lectura\" \/>\n\t<meta name=\"twitter:data2\" content=\"2 minutos\" \/>\n<script type=\"application\/ld+json\" class=\"yoast-schema-graph\">{\"@context\":\"https:\/\/schema.org\",\"@graph\":[{\"@type\":\"Article\",\"@id\":\"https:\/\/foodtruckya.com\/magazine\/reportajes-empresas\/la-forzuda-alquiler-de-food-truck\/#article\",\"isPartOf\":{\"@id\":\"https:\/\/foodtruckya.com\/magazine\/reportajes-empresas\/la-forzuda-alquiler-de-food-truck\/\"},\"author\":{\"name\":\"Aitor Apraiz\",\"@id\":\"https:\/\/foodtruckya.com\/magazine\/#\/schema\/person\/c63463dfe4a6cb311fe8efe83b961b7a\"},\"headline\":\"La Forzuda, alquiler de food truck\",\"datePublished\":\"2024-05-29T19:08:33+00:00\",\"dateModified\":\"2024-05-29T19:09:39+00:00\",\"mainEntityOfPage\":{\"@id\":\"https:\/\/foodtruckya.com\/magazine\/reportajes-empresas\/la-forzuda-alquiler-de-food-truck\/\"},\"wordCount\":332,\"commentCount\":0,\"publisher\":{\"@id\":\"https:\/\/foodtruckya.com\/magazine\/#organization\"},\"image\":{\"@id\":\"https:\/\/foodtruckya.com\/magazine\/reportajes-empresas\/la-forzuda-alquiler-de-food-truck\/#primaryimage\"},\"thumbnailUrl\":\"https:\/\/foodtruckya.com\/magazine\/wp-content\/uploads\/2024\/05\/Captura-de-pantalla-2024-05-29-210009.png\",\"keywords\":[\"alquilerfoodtruck\",\"food trucks\",\"foodtrucks\"],\"articleSection\":[\"Reportajes\",\"Reportajes Espa\u00f1a\"],\"inLanguage\":\"es\",\"potentialAction\":[{\"@type\":\"CommentAction\",\"name\":\"Comment\",\"target\":[\"https:\/\/foodtruckya.com\/magazine\/reportajes-empresas\/la-forzuda-alquiler-de-food-truck\/#respond\"]}]},{\"@type\":\"WebPage\",\"@id\":\"https:\/\/foodtruckya.com\/magazine\/reportajes-empresas\/la-forzuda-alquiler-de-food-truck\/\",\"url\":\"https:\/\/foodtruckya.com\/magazine\/reportajes-empresas\/la-forzuda-alquiler-de-food-truck\/\",\"name\":\"La Forzuda, alquiler de food truck &#8212; Street Food Magazine\",\"isPartOf\":{\"@id\":\"https:\/\/foodtruckya.com\/magazine\/#website\"},\"primaryImageOfPage\":{\"@id\":\"https:\/\/foodtruckya.com\/magazine\/reportajes-empresas\/la-forzuda-alquiler-de-food-truck\/#primaryimage\"},\"image\":{\"@id\":\"https:\/\/foodtruckya.com\/magazine\/reportajes-empresas\/la-forzuda-alquiler-de-food-truck\/#primaryimage\"},\"thumbnailUrl\":\"https:\/\/foodtruckya.com\/magazine\/wp-content\/uploads\/2024\/05\/Captura-de-pantalla-2024-05-29-210009.png\",\"datePublished\":\"2024-05-29T19:08:33+00:00\",\"dateModified\":\"2024-05-29T19:09:39+00:00\",\"description\":\"Charlamos con Fernando Pose y Carmen Sampalo, responsables del food truck en alquiler La Forzuda, con base en Matar\u00f3, Barcelona\",\"breadcrumb\":{\"@id\":\"https:\/\/foodtruckya.com\/magazine\/reportajes-empresas\/la-forzuda-alquiler-de-food-truck\/#breadcrumb\"},\"inLanguage\":\"es\",\"potentialAction\":[{\"@type\":\"ReadAction\",\"target\":[\"https:\/\/foodtruckya.com\/magazine\/reportajes-empresas\/la-forzuda-alquiler-de-food-truck\/\"]}]},{\"@type\":\"ImageObject\",\"inLanguage\":\"es\",\"@id\":\"https:\/\/foodtruckya.com\/magazine\/reportajes-empresas\/la-forzuda-alquiler-de-food-truck\/#primaryimage\",\"url\":\"https:\/\/foodtruckya.com\/magazine\/wp-content\/uploads\/2024\/05\/Captura-de-pantalla-2024-05-29-210009.png\",\"contentUrl\":\"https:\/\/foodtruckya.com\/magazine\/wp-content\/uploads\/2024\/05\/Captura-de-pantalla-2024-05-29-210009.png\",\"width\":686,\"height\":733,\"caption\":\"La Forzuda alquiler food truck\"},{\"@type\":\"BreadcrumbList\",\"@id\":\"https:\/\/foodtruckya.com\/magazine\/reportajes-empresas\/la-forzuda-alquiler-de-food-truck\/#breadcrumb\",\"itemListElement\":[{\"@type\":\"ListItem\",\"position\":1,\"name\":\"Portada\",\"item\":\"https:\/\/foodtruckya.com\/magazine\/\"},{\"@type\":\"ListItem\",\"position\":2,\"name\":\"La Forzuda, alquiler de food truck\"}]},{\"@type\":\"WebSite\",\"@id\":\"https:\/\/foodtruckya.com\/magazine\/#website\",\"url\":\"https:\/\/foodtruckya.com\/magazine\/\",\"name\":\"Street Food Magazine\",\"description\":\"Informaci\u00f3n sobre food trucks by Foodtruckya\",\"publisher\":{\"@id\":\"https:\/\/foodtruckya.com\/magazine\/#organization\"},\"potentialAction\":[{\"@type\":\"SearchAction\",\"target\":{\"@type\":\"EntryPoint\",\"urlTemplate\":\"https:\/\/foodtruckya.com\/magazine\/?s={search_term_string}\"},\"query-input\":{\"@type\":\"PropertyValueSpecification\",\"valueRequired\":true,\"valueName\":\"search_term_string\"}}],\"inLanguage\":\"es\"},{\"@type\":\"Organization\",\"@id\":\"https:\/\/foodtruckya.com\/magazine\/#organization\",\"name\":\"Foodtruckya\",\"url\":\"https:\/\/foodtruckya.com\/magazine\/\",\"logo\":{\"@type\":\"ImageObject\",\"inLanguage\":\"es\",\"@id\":\"https:\/\/foodtruckya.com\/magazine\/#\/schema\/logo\/image\/\",\"url\":\"https:\/\/foodtruckya.com\/magazine\/wp-content\/uploads\/2023\/05\/logo.png\",\"contentUrl\":\"https:\/\/foodtruckya.com\/magazine\/wp-content\/uploads\/2023\/05\/logo.png\",\"width\":500,\"height\":133,\"caption\":\"Foodtruckya\"},\"image\":{\"@id\":\"https:\/\/foodtruckya.com\/magazine\/#\/schema\/logo\/image\/\"},\"sameAs\":[\"https:\/\/www.facebook.com\/Foodtruckya\/\",\"https:\/\/x.com\/Foodtruckya\",\"https:\/\/www.instagram.com\/foodtruckya_oficial\/\"]},{\"@type\":\"Person\",\"@id\":\"https:\/\/foodtruckya.com\/magazine\/#\/schema\/person\/c63463dfe4a6cb311fe8efe83b961b7a\",\"name\":\"Aitor Apraiz\",\"url\":\"https:\/\/foodtruckya.com\/magazine\/author\/aitor\/\"}]}<\/script>\n<!-- \/ Yoast SEO plugin. -->","yoast_head_json":{"title":"La Forzuda, alquiler de food truck &#8212; Street Food Magazine","description":"Charlamos con Fernando Pose y Carmen Sampalo, responsables del food truck en alquiler La Forzuda, con base en Matar\u00f3, Barcelona","robots":{"index":"index","follow":"follow","max-snippet":"max-snippet:-1","max-image-preview":"max-image-preview:large","max-video-preview":"max-video-preview:-1"},"canonical":"https:\/\/foodtruckya.com\/magazine\/reportajes-empresas\/la-forzuda-alquiler-de-food-truck\/","og_locale":"es_ES","og_type":"article","og_title":"La Forzuda, alquiler de food truck &#8212; Street Food Magazine","og_description":"Charlamos con Fernando Pose y Carmen Sampalo, responsables del food truck en alquiler La Forzuda, con base en Matar\u00f3, Barcelona","og_url":"https:\/\/foodtruckya.com\/magazine\/reportajes-empresas\/la-forzuda-alquiler-de-food-truck\/","og_site_name":"Street Food Magazine","article_publisher":"https:\/\/www.facebook.com\/Foodtruckya\/","article_published_time":"2024-05-29T19:08:33+00:00","article_modified_time":"2024-05-29T19:09:39+00:00","og_image":[{"width":686,"height":733,"url":"https:\/\/foodtruckya.com\/magazine\/wp-content\/uploads\/2024\/05\/Captura-de-pantalla-2024-05-29-210009.png","type":"image\/png"}],"author":"Aitor Apraiz","twitter_card":"summary_large_image","twitter_creator":"@Foodtruckya","twitter_site":"@Foodtruckya","twitter_misc":{"Escrito por":"Aitor Apraiz","Tiempo de lectura":"2 minutos"},"schema":{"@context":"https:\/\/schema.org","@graph":[{"@type":"Article","@id":"https:\/\/foodtruckya.com\/magazine\/reportajes-empresas\/la-forzuda-alquiler-de-food-truck\/#article","isPartOf":{"@id":"https:\/\/foodtruckya.com\/magazine\/reportajes-empresas\/la-forzuda-alquiler-de-food-truck\/"},"author":{"name":"Aitor Apraiz","@id":"https:\/\/foodtruckya.com\/magazine\/#\/schema\/person\/c63463dfe4a6cb311fe8efe83b961b7a"},"headline":"La Forzuda, alquiler de food truck","datePublished":"2024-05-29T19:08:33+00:00","dateModified":"2024-05-29T19:09:39+00:00","mainEntityOfPage":{"@id":"https:\/\/foodtruckya.com\/magazine\/reportajes-empresas\/la-forzuda-alquiler-de-food-truck\/"},"wordCount":332,"commentCount":0,"publisher":{"@id":"https:\/\/foodtruckya.com\/magazine\/#organization"},"image":{"@id":"https:\/\/foodtruckya.com\/magazine\/reportajes-empresas\/la-forzuda-alquiler-de-food-truck\/#primaryimage"},"thumbnailUrl":"https:\/\/foodtruckya.com\/magazine\/wp-content\/uploads\/2024\/05\/Captura-de-pantalla-2024-05-29-210009.png","keywords":["alquilerfoodtruck","food trucks","foodtrucks"],"articleSection":["Reportajes","Reportajes Espa\u00f1a"],"inLanguage":"es","potentialAction":[{"@type":"CommentAction","name":"Comment","target":["https:\/\/foodtruckya.com\/magazine\/reportajes-empresas\/la-forzuda-alquiler-de-food-truck\/#respond"]}]},{"@type":"WebPage","@id":"https:\/\/foodtruckya.com\/magazine\/reportajes-empresas\/la-forzuda-alquiler-de-food-truck\/","url":"https:\/\/foodtruckya.com\/magazine\/reportajes-empresas\/la-forzuda-alquiler-de-food-truck\/","name":"La Forzuda, alquiler de food truck &#8212; Street Food Magazine","isPartOf":{"@id":"https:\/\/foodtruckya.com\/magazine\/#website"},"primaryImageOfPage":{"@id":"https:\/\/foodtruckya.com\/magazine\/reportajes-empresas\/la-forzuda-alquiler-de-food-truck\/#primaryimage"},"image":{"@id":"https:\/\/foodtruckya.com\/magazine\/reportajes-empresas\/la-forzuda-alquiler-de-food-truck\/#primaryimage"},"thumbnailUrl":"https:\/\/foodtruckya.com\/magazine\/wp-content\/uploads\/2024\/05\/Captura-de-pantalla-2024-05-29-210009.png","datePublished":"2024-05-29T19:08:33+00:00","dateModified":"2024-05-29T19:09:39+00:00","description":"Charlamos con Fernando Pose y Carmen Sampalo, responsables del food truck en alquiler La Forzuda, con base en Matar\u00f3, Barcelona","breadcrumb":{"@id":"https:\/\/foodtruckya.com\/magazine\/reportajes-empresas\/la-forzuda-alquiler-de-food-truck\/#breadcrumb"},"inLanguage":"es","potentialAction":[{"@type":"ReadAction","target":["https:\/\/foodtruckya.com\/magazine\/reportajes-empresas\/la-forzuda-alquiler-de-food-truck\/"]}]},{"@type":"ImageObject","inLanguage":"es","@id":"https:\/\/foodtruckya.com\/magazine\/reportajes-empresas\/la-forzuda-alquiler-de-food-truck\/#primaryimage","url":"https:\/\/foodtruckya.com\/magazine\/wp-content\/uploads\/2024\/05\/Captura-de-pantalla-2024-05-29-210009.png","contentUrl":"https:\/\/foodtruckya.com\/magazine\/wp-content\/uploads\/2024\/05\/Captura-de-pantalla-2024-05-29-210009.png","width":686,"height":733,"caption":"La Forzuda alquiler food truck"},{"@type":"BreadcrumbList","@id":"https:\/\/foodtruckya.com\/magazine\/reportajes-empresas\/la-forzuda-alquiler-de-food-truck\/#breadcrumb","itemListElement":[{"@type":"ListItem","position":1,"name":"Portada","item":"https:\/\/foodtruckya.com\/magazine\/"},{"@type":"ListItem","position":2,"name":"La Forzuda, alquiler de food truck"}]},{"@type":"WebSite","@id":"https:\/\/foodtruckya.com\/magazine\/#website","url":"https:\/\/foodtruckya.com\/magazine\/","name":"Street Food Magazine","description":"Informaci\u00f3n sobre food trucks by Foodtruckya","publisher":{"@id":"https:\/\/foodtruckya.com\/magazine\/#organization"},"potentialAction":[{"@type":"SearchAction","target":{"@type":"EntryPoint","urlTemplate":"https:\/\/foodtruckya.com\/magazine\/?s={search_term_string}"},"query-input":{"@type":"PropertyValueSpecification","valueRequired":true,"valueName":"search_term_string"}}],"inLanguage":"es"},{"@type":"Organization","@id":"https:\/\/foodtruckya.com\/magazine\/#organization","name":"Foodtruckya","url":"https:\/\/foodtruckya.com\/magazine\/","logo":{"@type":"ImageObject","inLanguage":"es","@id":"https:\/\/foodtruckya.com\/magazine\/#\/schema\/logo\/image\/","url":"https:\/\/foodtruckya.com\/magazine\/wp-content\/uploads\/2023\/05\/logo.png","contentUrl":"https:\/\/foodtruckya.com\/magazine\/wp-content\/uploads\/2023\/05\/logo.png","width":500,"height":133,"caption":"Foodtruckya"},"image":{"@id":"https:\/\/foodtruckya.com\/magazine\/#\/schema\/logo\/image\/"},"sameAs":["https:\/\/www.facebook.com\/Foodtruckya\/","https:\/\/x.com\/Foodtruckya","https:\/\/www.instagram.com\/foodtruckya_oficial\/"]},{"@type":"Person","@id":"https:\/\/foodtruckya.com\/magazine\/#\/schema\/person\/c63463dfe4a6cb311fe8efe83b961b7a","name":"Aitor Apraiz","url":"https:\/\/foodtruckya.com\/magazine\/author\/aitor\/"}]}},"_links":{"self":[{"href":"https:\/\/foodtruckya.com\/magazine\/wp-json\/wp\/v2\/posts\/10159"}],"collection":[{"href":"https:\/\/foodtruckya.com\/magazine\/wp-json\/wp\/v2\/posts"}],"about":[{"href":"https:\/\/foodtruckya.com\/magazine\/wp-json\/wp\/v2\/types\/post"}],"author":[{"embeddable":true,"href":"https:\/\/foodtruckya.com\/magazine\/wp-json\/wp\/v2\/users\/7"}],"replies":[{"embeddable":true,"href":"https:\/\/foodtruckya.com\/magazine\/wp-json\/wp\/v2\/comments?post=10159"}],"version-history":[{"count":3,"href":"https:\/\/foodtruckya.com\/magazine\/wp-json\/wp\/v2\/posts\/10159\/revisions"}],"predecessor-version":[{"id":10165,"href":"https:\/\/foodtruckya.com\/magazine\/wp-json\/wp\/v2\/posts\/10159\/revisions\/10165"}],"wp:featuredmedia":[{"embeddable":true,"href":"https:\/\/foodtruckya.com\/magazine\/wp-json\/wp\/v2\/media\/10161"}],"wp:attachment":[{"href":"https:\/\/foodtruckya.com\/magazine\/wp-json\/wp\/v2\/media?parent=10159"}],"wp:term":[{"taxonomy":"category","embeddable":true,"href":"https:\/\/foodtruckya.com\/magazine\/wp-json\/wp\/v2\/categories?post=10159"},{"taxonomy":"post_tag","embeddable":true,"href":"https:\/\/foodtruckya.com\/magazine\/wp-json\/wp\/v2\/tags?post=10159"},{"taxonomy":"powerkit_post_featured","embeddable":true,"href":"https:\/\/foodtruckya.com\/magazine\/wp-json\/wp\/v2\/powerkit_post_featured?post=10159"}],"curies":[{"name":"wp","href":"https:\/\/api.w.org\/{rel}","templated":true}]}}