{"id":10805,"date":"2024-10-23T08:21:04","date_gmt":"2024-10-23T06:21:04","guid":{"rendered":"https:\/\/foodtruckya.com\/magazine\/?p=10805"},"modified":"2024-10-23T08:24:08","modified_gmt":"2024-10-23T06:24:08","slug":"iniciativa-cruz-roja-con-food-trucks","status":"publish","type":"post","link":"https:\/\/foodtruckya.com\/magazine\/actualidad\/iniciativa-cruz-roja-con-food-trucks\/","title":{"rendered":"Iniciativa Cruz Roja con food trucks"},"content":{"rendered":"\n<h4 id=\"food-truck-para-promover-la-alimentacion-consciente-para-una-vida-saludable\" class=\"wp-block-heading\">Food truck para promover la alimentaci\u00f3n consciente, para una vida saludable<\/h4>\n\n\n\n<p>Cruz Roja en Galicia ha puesto en marcha \u2018Creamos Sa\u00fade Tour\u2019, una iniciativa auton\u00f3mica que utiliza un food truck para promover la alimentaci\u00f3n consciente entre personas mayores de 65 a\u00f1os. El proyecto busca acercar recetas tradicionales y fomentar h\u00e1bitos de consumo saludables de una manera innovadora, llevando el food truck a distintas localidades de la regi\u00f3n. La iniciativa cuenta con la colaboraci\u00f3n de una cadena de supermercados y escuelas de hosteler\u00eda de las cuatro provincias gallegas.<\/p>\n\n\n\n<figure class=\"wp-block-image size-large\"><img  loading=\"lazy\"  decoding=\"async\"  width=\"1160\"  height=\"770\"  src=\"data:image\/png;base64,iVBORw0KGgoAAAANSUhEUgAABIgAAAMCAQMAAAA4bm+wAAAAA1BMVEUAAP+KeNJXAAAAAXRSTlMAQObYZgAAAAlwSFlzAAAOxAAADsQBlSsOGwAAAIRJREFUeNrtwQENAAAAwqD3T20ON6AAAAAAAAAAAAAAAAAAAAAAAAAAAAAAAAAAAAAAAAAAAAAAAAAAAAAAAAAAAAAAAAAAAAAAAAAAAAAAAAAAAAAAAAAAAAAAAAAAAAAAAAAAAAAAAAAAAAAAAAAAAAAAAAAAAAAAAAAAAAAAAACAZwO3MwABObYPzQAAAABJRU5ErkJggg==\"  alt=\"\"  class=\"wp-image-10806 pk-lazyload\"  data-pk-sizes=\"auto\"  data-ls-sizes=\"(max-width: 1160px) 100vw, 1160px\"  data-pk-src=\"https:\/\/foodtruckya.com\/magazine\/wp-content\/uploads\/2024\/10\/cruzroja-1160x770.jpg\"  data-pk-srcset=\"https:\/\/foodtruckya.com\/magazine\/wp-content\/uploads\/2024\/10\/cruzroja-1160x770.jpg 1160w, https:\/\/foodtruckya.com\/magazine\/wp-content\/uploads\/2024\/10\/cruzroja-800x531.jpg 800w, https:\/\/foodtruckya.com\/magazine\/wp-content\/uploads\/2024\/10\/cruzroja-120x80.jpg 120w, https:\/\/foodtruckya.com\/magazine\/wp-content\/uploads\/2024\/10\/cruzroja-90x60.jpg 90w, https:\/\/foodtruckya.com\/magazine\/wp-content\/uploads\/2024\/10\/cruzroja-320x212.jpg 320w, https:\/\/foodtruckya.com\/magazine\/wp-content\/uploads\/2024\/10\/cruzroja-560x371.jpg 560w, https:\/\/foodtruckya.com\/magazine\/wp-content\/uploads\/2024\/10\/cruzroja-240x159.jpg 240w, https:\/\/foodtruckya.com\/magazine\/wp-content\/uploads\/2024\/10\/cruzroja-180x119.jpg 180w, https:\/\/foodtruckya.com\/magazine\/wp-content\/uploads\/2024\/10\/cruzroja-640x425.jpg 640w, https:\/\/foodtruckya.com\/magazine\/wp-content\/uploads\/2024\/10\/cruzroja-1120x743.jpg 1120w, https:\/\/foodtruckya.com\/magazine\/wp-content\/uploads\/2024\/10\/cruzroja.jpg 1420w\" ><figcaption class=\"wp-element-caption\">foto by web cruz roja<\/figcaption><\/figure>\n\n\n\n<p>El food truck, financiado con fondos de la Xunta de Galicia, ha sido clave para facilitar el acceso a las actividades del proyecto. Este veh\u00edculo itinerante permite a Cruz Roja llegar directamente a las comunidades, ofreciendo recetas preparadas en vivo, degustaciones y recetarios que promueven h\u00e1bitos alimenticios saludables. Adem\u00e1s, la propuesta tiene un componente de sostenibilidad, ya que destaca el uso de productos locales y fomenta la reducci\u00f3n de desperdicio alimentario al rescatar recetas tradicionales que evitan el consumo excesivo de productos envasados.<\/p>\n\n\n\n<p>Desde su inicio a finales de septiembre, el food truck ha recorrido diez localidades gallegas, adaptando las recetas a las tradiciones culinarias de cada zona. Ejemplos incluyen el pulpo en O Carballi\u00f1o, el taco de bonito en A Coru\u00f1a, y la merluza con habas en Viveiro. Este enfoque ha permitido no solo disfrutar de platos t\u00edpicos, sino tambi\u00e9n acercar la experiencia gastron\u00f3mica a personas mayores de una manera accesible y directa.<\/p>\n\n\n\n<figure class=\"wp-block-image size-large\"><img  loading=\"lazy\"  decoding=\"async\"  width=\"1160\"  height=\"355\"  src=\"data:image\/png;base64,iVBORw0KGgoAAAANSUhEUgAABIgAAAFjAQMAAABsWaJmAAAAA1BMVEUAAP+KeNJXAAAAAXRSTlMAQObYZgAAAAlwSFlzAAAOxAAADsQBlSsOGwAAAEhJREFUeNrtwQEBAAAAgiD\/r25IQAEAAAAAAAAAAAAAAAAAAAAAAAAAAAAAAAAAAAAAAAAAAAAAAAAAAAAAAAAAAAAAAAAAPBjKdgAB403nNgAAAABJRU5ErkJggg==\"  alt=\"\"  class=\"wp-image-10810 pk-lazyload\"  data-pk-sizes=\"auto\"  data-ls-sizes=\"(max-width: 1160px) 100vw, 1160px\"  data-pk-src=\"https:\/\/foodtruckya.com\/magazine\/wp-content\/uploads\/2024\/10\/CreamosSaude_Cabecera-1160x355.jpg\"  data-pk-srcset=\"https:\/\/foodtruckya.com\/magazine\/wp-content\/uploads\/2024\/10\/CreamosSaude_Cabecera-1160x355.jpg 1160w, https:\/\/foodtruckya.com\/magazine\/wp-content\/uploads\/2024\/10\/CreamosSaude_Cabecera-800x245.jpg 800w, https:\/\/foodtruckya.com\/magazine\/wp-content\/uploads\/2024\/10\/CreamosSaude_Cabecera-1536x470.jpg 1536w, https:\/\/foodtruckya.com\/magazine\/wp-content\/uploads\/2024\/10\/CreamosSaude_Cabecera-120x37.jpg 120w, https:\/\/foodtruckya.com\/magazine\/wp-content\/uploads\/2024\/10\/CreamosSaude_Cabecera-90x28.jpg 90w, https:\/\/foodtruckya.com\/magazine\/wp-content\/uploads\/2024\/10\/CreamosSaude_Cabecera-320x98.jpg 320w, https:\/\/foodtruckya.com\/magazine\/wp-content\/uploads\/2024\/10\/CreamosSaude_Cabecera-560x171.jpg 560w, https:\/\/foodtruckya.com\/magazine\/wp-content\/uploads\/2024\/10\/CreamosSaude_Cabecera-240x73.jpg 240w, https:\/\/foodtruckya.com\/magazine\/wp-content\/uploads\/2024\/10\/CreamosSaude_Cabecera-180x55.jpg 180w, https:\/\/foodtruckya.com\/magazine\/wp-content\/uploads\/2024\/10\/CreamosSaude_Cabecera-640x196.jpg 640w, https:\/\/foodtruckya.com\/magazine\/wp-content\/uploads\/2024\/10\/CreamosSaude_Cabecera-1120x342.jpg 1120w, https:\/\/foodtruckya.com\/magazine\/wp-content\/uploads\/2024\/10\/CreamosSaude_Cabecera.jpg 1583w\" ><figcaption class=\"wp-element-caption\">foto by web cruz roja<\/figcaption><\/figure>\n\n\n\n<p>Adem\u00e1s de las degustaciones, el food truck ha funcionado como un espacio interactivo, donde las personas mayores han compartido sus propios conocimientos y t\u00e9cnicas sobre la conservaci\u00f3n y preparaci\u00f3n de alimentos, enriqueciendo as\u00ed el proyecto.<\/p>\n\n\n\n<p>Cruz Roja destaca que el uso del food truck ha sido esencial para crear un espacio de comunicaci\u00f3n y participaci\u00f3n, llevando la alimentaci\u00f3n consciente a la calle y facilitando un intercambio valioso de saberes culinarios tradicionales y modernos.<\/p>\n\n\n\n<p>M\u00e1s info <strong><em><a href=\"https:\/\/www2.cruzroja.es\/web\/ahora\/-\/food-trucks-alimentacion-consciente\" target=\"_blank\" rel=\"noreferrer noopener\">aqu\u00ed<\/a><\/em><\/strong><\/p>\n\n\n\n<hr class=\"wp-block-separator has-alpha-channel-opacity\"\/>\n\n\n\n<p>*<em>Recuerda que puedes visitar nuestra plataforma&nbsp;<strong>Foodtruckya<\/strong>, para encontrar food trucks de catering, food trucks en alquiler, food trucks en venta o proveedores para food trucks.<\/em><\/p>\n\n\n\n<div class=\"wp-block-buttons is-content-justification-center is-layout-flex wp-container-core-buttons-is-layout-1 wp-block-buttons-is-layout-flex\">\n<div class=\"wp-block-button\"><a class=\"wp-block-button__link wp-element-button\" href=\"https:\/\/foodtruckya.com\/\">IR A FOODTRUCKYA<\/a><\/div>\n<\/div>\n","protected":false},"excerpt":{"rendered":"<p>Food truck para promover la alimentaci\u00f3n consciente, para una vida saludable Cruz Roja en Galicia ha puesto en marcha \u2018Creamos Sa\u00fade Tour\u2019, una iniciativa auton\u00f3mica que utiliza un food truck&hellip;<\/p>\n","protected":false},"author":7,"featured_media":10806,"comment_status":"open","ping_status":"open","sticky":false,"template":"","format":"standard","meta":{"footnotes":""},"categories":[51],"tags":[332,320],"powerkit_post_featured":[],"yoast_head":"<!-- This site is optimized with the Yoast SEO plugin v24.2 - https:\/\/yoast.com\/wordpress\/plugins\/seo\/ -->\n<title>Iniciativa Cruz Roja con food trucks &#8212; Street Food Magazine<\/title>\n<meta name=\"description\" content=\"Iniciativa Cruz roja food truck. Proyecto con food truck en Galicia para promover la alimentaci\u00f3n consciente\" \/>\n<meta name=\"robots\" content=\"index, follow, max-snippet:-1, max-image-preview:large, max-video-preview:-1\" \/>\n<link rel=\"canonical\" href=\"https:\/\/foodtruckya.com\/magazine\/actualidad\/iniciativa-cruz-roja-con-food-trucks\/\" \/>\n<meta property=\"og:locale\" content=\"es_ES\" \/>\n<meta property=\"og:type\" content=\"article\" \/>\n<meta property=\"og:title\" content=\"Iniciativa Cruz Roja con food trucks &#8212; Street Food Magazine\" \/>\n<meta property=\"og:description\" content=\"Iniciativa Cruz roja food truck. Proyecto con food truck en Galicia para promover la alimentaci\u00f3n consciente\" \/>\n<meta property=\"og:url\" content=\"https:\/\/foodtruckya.com\/magazine\/actualidad\/iniciativa-cruz-roja-con-food-trucks\/\" \/>\n<meta property=\"og:site_name\" content=\"Street Food Magazine\" \/>\n<meta property=\"article:publisher\" content=\"https:\/\/www.facebook.com\/Foodtruckya\/\" \/>\n<meta property=\"article:published_time\" content=\"2024-10-23T06:21:04+00:00\" \/>\n<meta property=\"article:modified_time\" content=\"2024-10-23T06:24:08+00:00\" \/>\n<meta property=\"og:image\" content=\"https:\/\/foodtruckya.com\/magazine\/wp-content\/uploads\/2024\/10\/cruzroja.jpg\" \/>\n\t<meta property=\"og:image:width\" content=\"1420\" \/>\n\t<meta property=\"og:image:height\" content=\"942\" \/>\n\t<meta property=\"og:image:type\" content=\"image\/jpeg\" \/>\n<meta name=\"author\" content=\"Aitor Apraiz\" \/>\n<meta name=\"twitter:card\" content=\"summary_large_image\" \/>\n<meta name=\"twitter:creator\" content=\"@Foodtruckya\" \/>\n<meta name=\"twitter:site\" content=\"@Foodtruckya\" \/>\n<meta name=\"twitter:label1\" content=\"Escrito por\" \/>\n\t<meta name=\"twitter:data1\" content=\"Aitor Apraiz\" \/>\n\t<meta name=\"twitter:label2\" content=\"Tiempo de lectura\" \/>\n\t<meta name=\"twitter:data2\" content=\"3 minutos\" \/>\n<script type=\"application\/ld+json\" class=\"yoast-schema-graph\">{\"@context\":\"https:\/\/schema.org\",\"@graph\":[{\"@type\":\"Article\",\"@id\":\"https:\/\/foodtruckya.com\/magazine\/actualidad\/iniciativa-cruz-roja-con-food-trucks\/#article\",\"isPartOf\":{\"@id\":\"https:\/\/foodtruckya.com\/magazine\/actualidad\/iniciativa-cruz-roja-con-food-trucks\/\"},\"author\":{\"name\":\"Aitor Apraiz\",\"@id\":\"https:\/\/foodtruckya.com\/magazine\/#\/schema\/person\/c63463dfe4a6cb311fe8efe83b961b7a\"},\"headline\":\"Iniciativa Cruz Roja con food trucks\",\"datePublished\":\"2024-10-23T06:21:04+00:00\",\"dateModified\":\"2024-10-23T06:24:08+00:00\",\"mainEntityOfPage\":{\"@id\":\"https:\/\/foodtruckya.com\/magazine\/actualidad\/iniciativa-cruz-roja-con-food-trucks\/\"},\"wordCount\":388,\"commentCount\":0,\"publisher\":{\"@id\":\"https:\/\/foodtruckya.com\/magazine\/#organization\"},\"image\":{\"@id\":\"https:\/\/foodtruckya.com\/magazine\/actualidad\/iniciativa-cruz-roja-con-food-trucks\/#primaryimage\"},\"thumbnailUrl\":\"https:\/\/foodtruckya.com\/magazine\/wp-content\/uploads\/2024\/10\/cruzroja.jpg\",\"keywords\":[\"food trucks\",\"foodtrucks\"],\"articleSection\":[\"Actualidad\"],\"inLanguage\":\"es\",\"potentialAction\":[{\"@type\":\"CommentAction\",\"name\":\"Comment\",\"target\":[\"https:\/\/foodtruckya.com\/magazine\/actualidad\/iniciativa-cruz-roja-con-food-trucks\/#respond\"]}]},{\"@type\":\"WebPage\",\"@id\":\"https:\/\/foodtruckya.com\/magazine\/actualidad\/iniciativa-cruz-roja-con-food-trucks\/\",\"url\":\"https:\/\/foodtruckya.com\/magazine\/actualidad\/iniciativa-cruz-roja-con-food-trucks\/\",\"name\":\"Iniciativa Cruz Roja con food trucks &#8212; Street Food Magazine\",\"isPartOf\":{\"@id\":\"https:\/\/foodtruckya.com\/magazine\/#website\"},\"primaryImageOfPage\":{\"@id\":\"https:\/\/foodtruckya.com\/magazine\/actualidad\/iniciativa-cruz-roja-con-food-trucks\/#primaryimage\"},\"image\":{\"@id\":\"https:\/\/foodtruckya.com\/magazine\/actualidad\/iniciativa-cruz-roja-con-food-trucks\/#primaryimage\"},\"thumbnailUrl\":\"https:\/\/foodtruckya.com\/magazine\/wp-content\/uploads\/2024\/10\/cruzroja.jpg\",\"datePublished\":\"2024-10-23T06:21:04+00:00\",\"dateModified\":\"2024-10-23T06:24:08+00:00\",\"description\":\"Iniciativa Cruz roja food truck. Proyecto con food truck en Galicia para promover la alimentaci\u00f3n consciente\",\"breadcrumb\":{\"@id\":\"https:\/\/foodtruckya.com\/magazine\/actualidad\/iniciativa-cruz-roja-con-food-trucks\/#breadcrumb\"},\"inLanguage\":\"es\",\"potentialAction\":[{\"@type\":\"ReadAction\",\"target\":[\"https:\/\/foodtruckya.com\/magazine\/actualidad\/iniciativa-cruz-roja-con-food-trucks\/\"]}]},{\"@type\":\"ImageObject\",\"inLanguage\":\"es\",\"@id\":\"https:\/\/foodtruckya.com\/magazine\/actualidad\/iniciativa-cruz-roja-con-food-trucks\/#primaryimage\",\"url\":\"https:\/\/foodtruckya.com\/magazine\/wp-content\/uploads\/2024\/10\/cruzroja.jpg\",\"contentUrl\":\"https:\/\/foodtruckya.com\/magazine\/wp-content\/uploads\/2024\/10\/cruzroja.jpg\",\"width\":1420,\"height\":942,\"caption\":\"proyecto food truck\"},{\"@type\":\"BreadcrumbList\",\"@id\":\"https:\/\/foodtruckya.com\/magazine\/actualidad\/iniciativa-cruz-roja-con-food-trucks\/#breadcrumb\",\"itemListElement\":[{\"@type\":\"ListItem\",\"position\":1,\"name\":\"Portada\",\"item\":\"https:\/\/foodtruckya.com\/magazine\/\"},{\"@type\":\"ListItem\",\"position\":2,\"name\":\"Iniciativa Cruz Roja con food trucks\"}]},{\"@type\":\"WebSite\",\"@id\":\"https:\/\/foodtruckya.com\/magazine\/#website\",\"url\":\"https:\/\/foodtruckya.com\/magazine\/\",\"name\":\"Street Food Magazine\",\"description\":\"Informaci\u00f3n sobre food trucks by Foodtruckya\",\"publisher\":{\"@id\":\"https:\/\/foodtruckya.com\/magazine\/#organization\"},\"potentialAction\":[{\"@type\":\"SearchAction\",\"target\":{\"@type\":\"EntryPoint\",\"urlTemplate\":\"https:\/\/foodtruckya.com\/magazine\/?s={search_term_string}\"},\"query-input\":{\"@type\":\"PropertyValueSpecification\",\"valueRequired\":true,\"valueName\":\"search_term_string\"}}],\"inLanguage\":\"es\"},{\"@type\":\"Organization\",\"@id\":\"https:\/\/foodtruckya.com\/magazine\/#organization\",\"name\":\"Foodtruckya\",\"url\":\"https:\/\/foodtruckya.com\/magazine\/\",\"logo\":{\"@type\":\"ImageObject\",\"inLanguage\":\"es\",\"@id\":\"https:\/\/foodtruckya.com\/magazine\/#\/schema\/logo\/image\/\",\"url\":\"https:\/\/foodtruckya.com\/magazine\/wp-content\/uploads\/2023\/05\/logo.png\",\"contentUrl\":\"https:\/\/foodtruckya.com\/magazine\/wp-content\/uploads\/2023\/05\/logo.png\",\"width\":500,\"height\":133,\"caption\":\"Foodtruckya\"},\"image\":{\"@id\":\"https:\/\/foodtruckya.com\/magazine\/#\/schema\/logo\/image\/\"},\"sameAs\":[\"https:\/\/www.facebook.com\/Foodtruckya\/\",\"https:\/\/x.com\/Foodtruckya\",\"https:\/\/www.instagram.com\/foodtruckya_oficial\/\"]},{\"@type\":\"Person\",\"@id\":\"https:\/\/foodtruckya.com\/magazine\/#\/schema\/person\/c63463dfe4a6cb311fe8efe83b961b7a\",\"name\":\"Aitor Apraiz\",\"url\":\"https:\/\/foodtruckya.com\/magazine\/author\/aitor\/\"}]}<\/script>\n<!-- \/ Yoast SEO plugin. -->","yoast_head_json":{"title":"Iniciativa Cruz Roja con food trucks &#8212; Street Food Magazine","description":"Iniciativa Cruz roja food truck. Proyecto con food truck en Galicia para promover la alimentaci\u00f3n consciente","robots":{"index":"index","follow":"follow","max-snippet":"max-snippet:-1","max-image-preview":"max-image-preview:large","max-video-preview":"max-video-preview:-1"},"canonical":"https:\/\/foodtruckya.com\/magazine\/actualidad\/iniciativa-cruz-roja-con-food-trucks\/","og_locale":"es_ES","og_type":"article","og_title":"Iniciativa Cruz Roja con food trucks &#8212; Street Food Magazine","og_description":"Iniciativa Cruz roja food truck. Proyecto con food truck en Galicia para promover la alimentaci\u00f3n consciente","og_url":"https:\/\/foodtruckya.com\/magazine\/actualidad\/iniciativa-cruz-roja-con-food-trucks\/","og_site_name":"Street Food Magazine","article_publisher":"https:\/\/www.facebook.com\/Foodtruckya\/","article_published_time":"2024-10-23T06:21:04+00:00","article_modified_time":"2024-10-23T06:24:08+00:00","og_image":[{"width":1420,"height":942,"url":"https:\/\/foodtruckya.com\/magazine\/wp-content\/uploads\/2024\/10\/cruzroja.jpg","type":"image\/jpeg"}],"author":"Aitor Apraiz","twitter_card":"summary_large_image","twitter_creator":"@Foodtruckya","twitter_site":"@Foodtruckya","twitter_misc":{"Escrito por":"Aitor Apraiz","Tiempo de lectura":"3 minutos"},"schema":{"@context":"https:\/\/schema.org","@graph":[{"@type":"Article","@id":"https:\/\/foodtruckya.com\/magazine\/actualidad\/iniciativa-cruz-roja-con-food-trucks\/#article","isPartOf":{"@id":"https:\/\/foodtruckya.com\/magazine\/actualidad\/iniciativa-cruz-roja-con-food-trucks\/"},"author":{"name":"Aitor Apraiz","@id":"https:\/\/foodtruckya.com\/magazine\/#\/schema\/person\/c63463dfe4a6cb311fe8efe83b961b7a"},"headline":"Iniciativa Cruz Roja con food trucks","datePublished":"2024-10-23T06:21:04+00:00","dateModified":"2024-10-23T06:24:08+00:00","mainEntityOfPage":{"@id":"https:\/\/foodtruckya.com\/magazine\/actualidad\/iniciativa-cruz-roja-con-food-trucks\/"},"wordCount":388,"commentCount":0,"publisher":{"@id":"https:\/\/foodtruckya.com\/magazine\/#organization"},"image":{"@id":"https:\/\/foodtruckya.com\/magazine\/actualidad\/iniciativa-cruz-roja-con-food-trucks\/#primaryimage"},"thumbnailUrl":"https:\/\/foodtruckya.com\/magazine\/wp-content\/uploads\/2024\/10\/cruzroja.jpg","keywords":["food trucks","foodtrucks"],"articleSection":["Actualidad"],"inLanguage":"es","potentialAction":[{"@type":"CommentAction","name":"Comment","target":["https:\/\/foodtruckya.com\/magazine\/actualidad\/iniciativa-cruz-roja-con-food-trucks\/#respond"]}]},{"@type":"WebPage","@id":"https:\/\/foodtruckya.com\/magazine\/actualidad\/iniciativa-cruz-roja-con-food-trucks\/","url":"https:\/\/foodtruckya.com\/magazine\/actualidad\/iniciativa-cruz-roja-con-food-trucks\/","name":"Iniciativa Cruz Roja con food trucks &#8212; Street Food Magazine","isPartOf":{"@id":"https:\/\/foodtruckya.com\/magazine\/#website"},"primaryImageOfPage":{"@id":"https:\/\/foodtruckya.com\/magazine\/actualidad\/iniciativa-cruz-roja-con-food-trucks\/#primaryimage"},"image":{"@id":"https:\/\/foodtruckya.com\/magazine\/actualidad\/iniciativa-cruz-roja-con-food-trucks\/#primaryimage"},"thumbnailUrl":"https:\/\/foodtruckya.com\/magazine\/wp-content\/uploads\/2024\/10\/cruzroja.jpg","datePublished":"2024-10-23T06:21:04+00:00","dateModified":"2024-10-23T06:24:08+00:00","description":"Iniciativa Cruz roja food truck. Proyecto con food truck en Galicia para promover la alimentaci\u00f3n consciente","breadcrumb":{"@id":"https:\/\/foodtruckya.com\/magazine\/actualidad\/iniciativa-cruz-roja-con-food-trucks\/#breadcrumb"},"inLanguage":"es","potentialAction":[{"@type":"ReadAction","target":["https:\/\/foodtruckya.com\/magazine\/actualidad\/iniciativa-cruz-roja-con-food-trucks\/"]}]},{"@type":"ImageObject","inLanguage":"es","@id":"https:\/\/foodtruckya.com\/magazine\/actualidad\/iniciativa-cruz-roja-con-food-trucks\/#primaryimage","url":"https:\/\/foodtruckya.com\/magazine\/wp-content\/uploads\/2024\/10\/cruzroja.jpg","contentUrl":"https:\/\/foodtruckya.com\/magazine\/wp-content\/uploads\/2024\/10\/cruzroja.jpg","width":1420,"height":942,"caption":"proyecto food truck"},{"@type":"BreadcrumbList","@id":"https:\/\/foodtruckya.com\/magazine\/actualidad\/iniciativa-cruz-roja-con-food-trucks\/#breadcrumb","itemListElement":[{"@type":"ListItem","position":1,"name":"Portada","item":"https:\/\/foodtruckya.com\/magazine\/"},{"@type":"ListItem","position":2,"name":"Iniciativa Cruz Roja con food trucks"}]},{"@type":"WebSite","@id":"https:\/\/foodtruckya.com\/magazine\/#website","url":"https:\/\/foodtruckya.com\/magazine\/","name":"Street Food Magazine","description":"Informaci\u00f3n sobre food trucks by Foodtruckya","publisher":{"@id":"https:\/\/foodtruckya.com\/magazine\/#organization"},"potentialAction":[{"@type":"SearchAction","target":{"@type":"EntryPoint","urlTemplate":"https:\/\/foodtruckya.com\/magazine\/?s={search_term_string}"},"query-input":{"@type":"PropertyValueSpecification","valueRequired":true,"valueName":"search_term_string"}}],"inLanguage":"es"},{"@type":"Organization","@id":"https:\/\/foodtruckya.com\/magazine\/#organization","name":"Foodtruckya","url":"https:\/\/foodtruckya.com\/magazine\/","logo":{"@type":"ImageObject","inLanguage":"es","@id":"https:\/\/foodtruckya.com\/magazine\/#\/schema\/logo\/image\/","url":"https:\/\/foodtruckya.com\/magazine\/wp-content\/uploads\/2023\/05\/logo.png","contentUrl":"https:\/\/foodtruckya.com\/magazine\/wp-content\/uploads\/2023\/05\/logo.png","width":500,"height":133,"caption":"Foodtruckya"},"image":{"@id":"https:\/\/foodtruckya.com\/magazine\/#\/schema\/logo\/image\/"},"sameAs":["https:\/\/www.facebook.com\/Foodtruckya\/","https:\/\/x.com\/Foodtruckya","https:\/\/www.instagram.com\/foodtruckya_oficial\/"]},{"@type":"Person","@id":"https:\/\/foodtruckya.com\/magazine\/#\/schema\/person\/c63463dfe4a6cb311fe8efe83b961b7a","name":"Aitor Apraiz","url":"https:\/\/foodtruckya.com\/magazine\/author\/aitor\/"}]}},"_links":{"self":[{"href":"https:\/\/foodtruckya.com\/magazine\/wp-json\/wp\/v2\/posts\/10805"}],"collection":[{"href":"https:\/\/foodtruckya.com\/magazine\/wp-json\/wp\/v2\/posts"}],"about":[{"href":"https:\/\/foodtruckya.com\/magazine\/wp-json\/wp\/v2\/types\/post"}],"author":[{"embeddable":true,"href":"https:\/\/foodtruckya.com\/magazine\/wp-json\/wp\/v2\/users\/7"}],"replies":[{"embeddable":true,"href":"https:\/\/foodtruckya.com\/magazine\/wp-json\/wp\/v2\/comments?post=10805"}],"version-history":[{"count":3,"href":"https:\/\/foodtruckya.com\/magazine\/wp-json\/wp\/v2\/posts\/10805\/revisions"}],"predecessor-version":[{"id":10811,"href":"https:\/\/foodtruckya.com\/magazine\/wp-json\/wp\/v2\/posts\/10805\/revisions\/10811"}],"wp:featuredmedia":[{"embeddable":true,"href":"https:\/\/foodtruckya.com\/magazine\/wp-json\/wp\/v2\/media\/10806"}],"wp:attachment":[{"href":"https:\/\/foodtruckya.com\/magazine\/wp-json\/wp\/v2\/media?parent=10805"}],"wp:term":[{"taxonomy":"category","embeddable":true,"href":"https:\/\/foodtruckya.com\/magazine\/wp-json\/wp\/v2\/categories?post=10805"},{"taxonomy":"post_tag","embeddable":true,"href":"https:\/\/foodtruckya.com\/magazine\/wp-json\/wp\/v2\/tags?post=10805"},{"taxonomy":"powerkit_post_featured","embeddable":true,"href":"https:\/\/foodtruckya.com\/magazine\/wp-json\/wp\/v2\/powerkit_post_featured?post=10805"}],"curies":[{"name":"wp","href":"https:\/\/api.w.org\/{rel}","templated":true}]}}