{"id":12577,"date":"2025-07-08T13:27:25","date_gmt":"2025-07-08T11:27:25","guid":{"rendered":"https:\/\/foodtruckya.com\/magazine\/?p=12577"},"modified":"2025-07-08T13:46:58","modified_gmt":"2025-07-08T11:46:58","slug":"todo-al-disco-food-truck","status":"publish","type":"post","link":"https:\/\/foodtruckya.com\/magazine\/entrevistas-food-trucks\/todo-al-disco-food-truck\/","title":{"rendered":"Todo al Disco food truck"},"content":{"rendered":"\n<h1 id=\"entrevista-emprendedores-food-trucks-argentina\" class=\"wp-block-heading has-medium-font-size\">Entrevista emprendedores food trucks Argentina<\/h1>\n\n\n\n<p>Charlamos con Gisela y Fernando, emprendedores del street food y responsables del food truck <strong><em><a href=\"https:\/\/foodtruckya.com\/ar\/catering\/todo-al-disco\" target=\"_blank\" rel=\"noreferrer noopener\">Todo al Disco <\/a><\/em><\/strong><\/p>\n\n\n\n<figure class=\"wp-block-image size-full\"><img  loading=\"lazy\"  decoding=\"async\"  width=\"2048\"  height=\"1536\"  src=\"data:image\/png;base64,iVBORw0KGgoAAAANSUhEUgAACAAAAAYAAQMAAADYVjouAAAAA1BMVEUAAP+KeNJXAAAAAXRSTlMAQObYZgAAAAlwSFlzAAAOxAAADsQBlSsOGwAAAZVJREFUeNrtwTEBAAAAwqD1T+1pCaAAAAAAAAAAAAAAAAAAAAAAAAAAAAAAAAAAAAAAAAAAAAAAAAAAAAAAAAAAAAAAAAAAAAAAAAAAAAAAAAAAAAAAAAAAAAAAAAAAAAAAAAAAAAAAAAAAAAAAAAAAAAAAAAAAAAAAAAAAAAAAAAAAAAAAAAAAAAAAAAAAAAAAAAAAAAAAAAAAAAAAAAAAAAAAAAAAAAAAAAAAAAAAAAAAAAAAAAAAAAAAAAAAAAAAAAAAAAAAAAAAAAAAAAAAAAAAAAAAAAAAAAAAAAAAAAAAAAAAAAAAAAAAAAAAAAAAAAAAAAAAAAAAAAAAAAAAAAAAAAAAAAAAAAAAAAAAAAAAAAAAAAAAAAAAAAAAAAAAAAAAAAAAAAAAAAAAAAAAAAAAAAAAAAAAAAAAAAAAAAAAAAAAAAAAAAAAAAAAAAAAAAAAAAAAAAAAAAAAAAAAAAAAAAAAAAAAAAAAAAAAAAAAAAAAAAAAAAAAAAAAAAAAAAAAAAAAAAAAAAAAAAAAAAAA4AYGWgABsCeblwAAAABJRU5ErkJggg==\"  alt=\"Gisela y Fernando Todo al disco food truck\"  class=\"wp-image-12579 pk-lazyload\"  data-pk-sizes=\"auto\"  data-ls-sizes=\"(max-width: 2048px) 100vw, 2048px\"  data-pk-src=\"https:\/\/foodtruckya.com\/magazine\/wp-content\/uploads\/2025\/07\/gisela1_compressed.jpg\"  data-pk-srcset=\"https:\/\/foodtruckya.com\/magazine\/wp-content\/uploads\/2025\/07\/gisela1_compressed.jpg 2048w, https:\/\/foodtruckya.com\/magazine\/wp-content\/uploads\/2025\/07\/gisela1_compressed-800x600.jpg 800w, https:\/\/foodtruckya.com\/magazine\/wp-content\/uploads\/2025\/07\/gisela1_compressed-1160x870.jpg 1160w, https:\/\/foodtruckya.com\/magazine\/wp-content\/uploads\/2025\/07\/gisela1_compressed-320x240.jpg 320w, https:\/\/foodtruckya.com\/magazine\/wp-content\/uploads\/2025\/07\/gisela1_compressed-1536x1152.jpg 1536w, https:\/\/foodtruckya.com\/magazine\/wp-content\/uploads\/2025\/07\/gisela1_compressed-300x225.jpg 300w, https:\/\/foodtruckya.com\/magazine\/wp-content\/uploads\/2025\/07\/gisela1_compressed-120x90.jpg 120w, https:\/\/foodtruckya.com\/magazine\/wp-content\/uploads\/2025\/07\/gisela1_compressed-90x68.jpg 90w, https:\/\/foodtruckya.com\/magazine\/wp-content\/uploads\/2025\/07\/gisela1_compressed-560x420.jpg 560w, https:\/\/foodtruckya.com\/magazine\/wp-content\/uploads\/2025\/07\/gisela1_compressed-1920x1440.jpg 1920w, https:\/\/foodtruckya.com\/magazine\/wp-content\/uploads\/2025\/07\/gisela1_compressed-600x450.jpg 600w, https:\/\/foodtruckya.com\/magazine\/wp-content\/uploads\/2025\/07\/gisela1_compressed-240x180.jpg 240w, https:\/\/foodtruckya.com\/magazine\/wp-content\/uploads\/2025\/07\/gisela1_compressed-180x136.jpg 180w, https:\/\/foodtruckya.com\/magazine\/wp-content\/uploads\/2025\/07\/gisela1_compressed-640x480.jpg 640w, https:\/\/foodtruckya.com\/magazine\/wp-content\/uploads\/2025\/07\/gisela1_compressed-1120x840.jpg 1120w, https:\/\/foodtruckya.com\/magazine\/wp-content\/uploads\/2025\/07\/gisela1_compressed-1600x1200.jpg 1600w\" ><\/figure>\n\n\n\n<h2 id=\"como-os-adentrasteis-en-el-movimiento-street-food\" class=\"wp-block-heading has-medium-font-size\">\u00bfC\u00f3mo os adentrasteis en el movimiento street food?<\/h2>\n\n\n\n<p>A nosotros ( Gisela y Fernando) nos gustaba ir a\u00a0 la costanera de Buenos Aires, donde hay todo un sector de food trucks en las noches de verano y siempre habl\u00e1bamos de querer en el futuro tener nuestro propio food truck, pero distinto a los dem\u00e1s.<\/p>\n\n\n\n<figure class=\"wp-block-image size-large\"><img  loading=\"lazy\"  decoding=\"async\"  width=\"1160\"  height=\"810\"  src=\"data:image\/png;base64,iVBORw0KGgoAAAANSUhEUgAABIgAAAMqAQMAAADTkejrAAAAA1BMVEUAAP+KeNJXAAAAAXRSTlMAQObYZgAAAAlwSFlzAAAOxAAADsQBlSsOGwAAAIlJREFUeNrtwTEBAAAAwqD1T20KP6AAAAAAAAAAAAAAAAAAAAAAAAAAAAAAAAAAAAAAAAAAAAAAAAAAAAAAAAAAAAAAAAAAAAAAAAAAAAAAAAAAAAAAAAAAAAAAAAAAAAAAAAAAAAAAAAAAAAAAAAAAAAAAAAAAAAAAAAAAAAAAAAAAAAAAAADga84DAAFcgfnFAAAAAElFTkSuQmCC\"  alt=\"\"  class=\"wp-image-12585 pk-lazyload\"  data-pk-sizes=\"auto\"  data-ls-sizes=\"(max-width: 1160px) 100vw, 1160px\"  data-pk-src=\"https:\/\/foodtruckya.com\/magazine\/wp-content\/uploads\/2025\/07\/gisela_compressed-1-1160x810.jpg\"  data-pk-srcset=\"https:\/\/foodtruckya.com\/magazine\/wp-content\/uploads\/2025\/07\/gisela_compressed-1-1160x810.jpg 1160w, https:\/\/foodtruckya.com\/magazine\/wp-content\/uploads\/2025\/07\/gisela_compressed-1-800x559.jpg 800w, https:\/\/foodtruckya.com\/magazine\/wp-content\/uploads\/2025\/07\/gisela_compressed-1-1536x1073.jpg 1536w, https:\/\/foodtruckya.com\/magazine\/wp-content\/uploads\/2025\/07\/gisela_compressed-1-120x84.jpg 120w, https:\/\/foodtruckya.com\/magazine\/wp-content\/uploads\/2025\/07\/gisela_compressed-1-90x63.jpg 90w, https:\/\/foodtruckya.com\/magazine\/wp-content\/uploads\/2025\/07\/gisela_compressed-1-320x223.jpg 320w, https:\/\/foodtruckya.com\/magazine\/wp-content\/uploads\/2025\/07\/gisela_compressed-1-560x391.jpg 560w, https:\/\/foodtruckya.com\/magazine\/wp-content\/uploads\/2025\/07\/gisela_compressed-1-1920x1341.jpg 1920w, https:\/\/foodtruckya.com\/magazine\/wp-content\/uploads\/2025\/07\/gisela_compressed-1-240x168.jpg 240w, https:\/\/foodtruckya.com\/magazine\/wp-content\/uploads\/2025\/07\/gisela_compressed-1-180x126.jpg 180w, https:\/\/foodtruckya.com\/magazine\/wp-content\/uploads\/2025\/07\/gisela_compressed-1-640x447.jpg 640w, https:\/\/foodtruckya.com\/magazine\/wp-content\/uploads\/2025\/07\/gisela_compressed-1-1120x782.jpg 1120w, https:\/\/foodtruckya.com\/magazine\/wp-content\/uploads\/2025\/07\/gisela_compressed-1-1600x1117.jpg 1600w, https:\/\/foodtruckya.com\/magazine\/wp-content\/uploads\/2025\/07\/gisela_compressed-1.jpg 2048w\" ><\/figure>\n\n\n\n<h2 id=\"que-dificultades-habeis-encontrado-para-sacar-adelante-vuestro-proyecto-de-food-truck\" class=\"wp-block-heading has-medium-font-size\">\u00bfQu\u00e9 dificultades hab\u00e9is encontrado para sacar adelante vuestro proyecto de food truck? <\/h2>\n\n\n\n<p>Las dificultades que encontramos es que en\u00a0 Caba\u00a0 es muy dif\u00edcil habilitar un food truck, debido a la cantidad de requisitos que solicitan. Quer\u00edamos dise\u00f1ar nuestro food truck seg\u00fan lo que ten\u00edamos en mente y fue bastante dif\u00edcil poder llevarlo a cabo tal cual lo so\u00f1amos, pero por suerte sali\u00f3 mucho mejor de lo que nos esper\u00e1bamos. Pudimos habilitarlo en Quilmes y Berazategui. <\/p>\n\n\n\n<h2 id=\"que-mejorariais-de-la-normativa-para-food-trucks\" class=\"wp-block-heading has-medium-font-size\">\u00bfQu\u00e9 mejorar\u00edais de la normativa para food trucks?<\/h2>\n\n\n\n<p>La normativa para food trucks en Buenos Aires es bastante exigente en cuanto a seguridad e higiene, que me parece fant\u00e1stico.<\/p>\n\n\n\n<h2 id=\"de-donde-viene-el-nombre-de-vuestro-food-truck\" class=\"wp-block-heading has-medium-font-size\">\u00bfDe d\u00f3nde viene el nombre de vuestro food truck?<\/h2>\n\n\n\n<p>\u00a0El nombre proviene de que todos nuestros sandwich son hechos al disco<\/p>\n\n\n\n<h2 id=\"cual-es-vuestro-plato-estrella\" class=\"wp-block-heading has-medium-font-size\">\u00bfCu\u00e1l es vuestro plato estrella?<\/h2>\n\n\n\n<p>Nuestro plato estrella es el sandwich de mollejas selladas a la crema, y el cordero patag\u00f3nico con vegetales.\u00a0<\/p>\n\n\n\n<figure class=\"wp-block-gallery has-nested-images columns-default is-cropped wp-block-gallery-1 is-layout-flex wp-block-gallery-is-layout-flex\">\n<figure class=\"wp-block-image size-large\"><img  loading=\"lazy\"  decoding=\"async\"  width=\"711\"  height=\"842\"  data-id=\"12582\"  src=\"data:image\/png;base64,iVBORw0KGgoAAAANSUhEUgAAAscAAANKAQMAAABcYXHfAAAAA1BMVEUAAP+KeNJXAAAAAXRSTlMAQObYZgAAAAlwSFlzAAAOxAAADsQBlSsOGwAAAGBJREFUeNrtwQENAAAAwqD3T20ON6AAAAAAAAAAAAAAAAAAAAAAAAAAAAAAAAAAAAAAAAAAAAAAAAAAAAAAAAAAAAAAAAAAAAAAAAAAAAAAAAAAAAAAAAAAAAAAAAAAeDUoEwABQmwRxgAAAABJRU5ErkJggg==\"  alt=\"molleja a la crema, sandwich cordero patag\u00f3nico. food truck todo al disco\"  class=\"wp-image-12582 pk-lazyload\"  data-pk-sizes=\"auto\"  data-ls-sizes=\"(max-width: 711px) 100vw, 711px\"  data-pk-src=\"https:\/\/foodtruckya.com\/magazine\/wp-content\/uploads\/2025\/07\/todoaldisco-foodtruck-6.png\"  data-pk-srcset=\"https:\/\/foodtruckya.com\/magazine\/wp-content\/uploads\/2025\/07\/todoaldisco-foodtruck-6.png 711w, https:\/\/foodtruckya.com\/magazine\/wp-content\/uploads\/2025\/07\/todoaldisco-foodtruck-6-120x142.png 120w, https:\/\/foodtruckya.com\/magazine\/wp-content\/uploads\/2025\/07\/todoaldisco-foodtruck-6-90x107.png 90w, https:\/\/foodtruckya.com\/magazine\/wp-content\/uploads\/2025\/07\/todoaldisco-foodtruck-6-320x379.png 320w, https:\/\/foodtruckya.com\/magazine\/wp-content\/uploads\/2025\/07\/todoaldisco-foodtruck-6-560x663.png 560w, https:\/\/foodtruckya.com\/magazine\/wp-content\/uploads\/2025\/07\/todoaldisco-foodtruck-6-240x284.png 240w, https:\/\/foodtruckya.com\/magazine\/wp-content\/uploads\/2025\/07\/todoaldisco-foodtruck-6-180x213.png 180w, https:\/\/foodtruckya.com\/magazine\/wp-content\/uploads\/2025\/07\/todoaldisco-foodtruck-6-640x758.png 640w\" ><\/figure>\n\n\n\n<figure class=\"wp-block-image size-large\"><img  loading=\"lazy\"  decoding=\"async\"  width=\"879\"  height=\"883\"  data-id=\"12581\"  src=\"data:image\/png;base64,iVBORw0KGgoAAAANSUhEUgAAA28AAANzAQMAAAAEFbJfAAAAA1BMVEUAAP+KeNJXAAAAAXRSTlMAQObYZgAAAAlwSFlzAAAOxAAADsQBlSsOGwAAAHVJREFUeNrtwQEBAAAAgiD\/r25IQAEAAAAAAAAAAAAAAAAAAAAAAAAAAAAAAAAAAAAAAAAAAAAAAAAAAAAAAAAAAAAAAAAAAAAAAAAAAAAAAAAAAAAAAAAAAAAAAAAAAAAAAAAAAAAAAAAAAAAAAAAAAAAAFwZ+7AAB\/IGWUAAAAABJRU5ErkJggg==\"  alt=\"\"  class=\"wp-image-12581 pk-lazyload\"  data-pk-sizes=\"auto\"  data-ls-sizes=\"(max-width: 879px) 100vw, 879px\"  data-pk-src=\"https:\/\/foodtruckya.com\/magazine\/wp-content\/uploads\/2025\/07\/todoaldisco-foodtruck-12.png\"  data-pk-srcset=\"https:\/\/foodtruckya.com\/magazine\/wp-content\/uploads\/2025\/07\/todoaldisco-foodtruck-12.png 879w, https:\/\/foodtruckya.com\/magazine\/wp-content\/uploads\/2025\/07\/todoaldisco-foodtruck-12-800x804.png 800w, https:\/\/foodtruckya.com\/magazine\/wp-content\/uploads\/2025\/07\/todoaldisco-foodtruck-12-80x80.png 80w, https:\/\/foodtruckya.com\/magazine\/wp-content\/uploads\/2025\/07\/todoaldisco-foodtruck-12-120x120.png 120w, https:\/\/foodtruckya.com\/magazine\/wp-content\/uploads\/2025\/07\/todoaldisco-foodtruck-12-90x90.png 90w, https:\/\/foodtruckya.com\/magazine\/wp-content\/uploads\/2025\/07\/todoaldisco-foodtruck-12-320x320.png 320w, https:\/\/foodtruckya.com\/magazine\/wp-content\/uploads\/2025\/07\/todoaldisco-foodtruck-12-560x563.png 560w, https:\/\/foodtruckya.com\/magazine\/wp-content\/uploads\/2025\/07\/todoaldisco-foodtruck-12-160x160.png 160w, https:\/\/foodtruckya.com\/magazine\/wp-content\/uploads\/2025\/07\/todoaldisco-foodtruck-12-240x240.png 240w, https:\/\/foodtruckya.com\/magazine\/wp-content\/uploads\/2025\/07\/todoaldisco-foodtruck-12-180x180.png 180w, https:\/\/foodtruckya.com\/magazine\/wp-content\/uploads\/2025\/07\/todoaldisco-foodtruck-12-640x643.png 640w\" ><\/figure>\n<\/figure>\n\n\n\n<h2 id=\"que-os-hace-un-food-truck-unico-por-que-deben-visitaros\" class=\"wp-block-heading has-medium-font-size\">\u00bfQu\u00e9 os hace un food truck \u00fanico? \u00bfPor qu\u00e9 deben visitaros?<\/h2>\n\n\n\n<p>Nuestro food truck es \u00fanico ya que todo es hecho\u00a0 a la vista de los comensales. Los cocineros est\u00e1n de frente al p\u00fablico y son ellos los verdaderos espectadores de todo.\u00a0<\/p>\n\n\n\n<figure class=\"wp-block-image size-full\"><img  loading=\"lazy\"  decoding=\"async\"  width=\"888\"  height=\"883\"  src=\"data:image\/png;base64,iVBORw0KGgoAAAANSUhEUgAAA3gAAANzAQMAAADBZyjOAAAAA1BMVEUAAP+KeNJXAAAAAXRSTlMAQObYZgAAAAlwSFlzAAAOxAAADsQBlSsOGwAAAHdJREFUeNrtwTEBAAAAwqD1T20JT6AAAAAAAAAAAAAAAAAAAAAAAAAAAAAAAAAAAAAAAAAAAAAAAAAAAAAAAAAAAAAAAAAAAAAAAAAAAAAAAAAAAAAAAAAAAAAAAAAAAAAAAAAAAAAAAAAAAAAAAAAAAAAAAIC3AYJfAAG8wMW6AAAAAElFTkSuQmCC\"  alt=\"sandwicheria todo al disco food truck\"  class=\"wp-image-12583 pk-lazyload\"  data-pk-sizes=\"auto\"  data-ls-sizes=\"(max-width: 888px) 100vw, 888px\"  data-pk-src=\"https:\/\/foodtruckya.com\/magazine\/wp-content\/uploads\/2025\/07\/todoaldisco-foodtruck-11.png\"  data-pk-srcset=\"https:\/\/foodtruckya.com\/magazine\/wp-content\/uploads\/2025\/07\/todoaldisco-foodtruck-11.png 888w, https:\/\/foodtruckya.com\/magazine\/wp-content\/uploads\/2025\/07\/todoaldisco-foodtruck-11-800x795.png 800w, https:\/\/foodtruckya.com\/magazine\/wp-content\/uploads\/2025\/07\/todoaldisco-foodtruck-11-80x80.png 80w, https:\/\/foodtruckya.com\/magazine\/wp-content\/uploads\/2025\/07\/todoaldisco-foodtruck-11-120x120.png 120w, https:\/\/foodtruckya.com\/magazine\/wp-content\/uploads\/2025\/07\/todoaldisco-foodtruck-11-90x90.png 90w, https:\/\/foodtruckya.com\/magazine\/wp-content\/uploads\/2025\/07\/todoaldisco-foodtruck-11-320x318.png 320w, https:\/\/foodtruckya.com\/magazine\/wp-content\/uploads\/2025\/07\/todoaldisco-foodtruck-11-560x557.png 560w, https:\/\/foodtruckya.com\/magazine\/wp-content\/uploads\/2025\/07\/todoaldisco-foodtruck-11-160x160.png 160w, https:\/\/foodtruckya.com\/magazine\/wp-content\/uploads\/2025\/07\/todoaldisco-foodtruck-11-240x240.png 240w, https:\/\/foodtruckya.com\/magazine\/wp-content\/uploads\/2025\/07\/todoaldisco-foodtruck-11-180x180.png 180w, https:\/\/foodtruckya.com\/magazine\/wp-content\/uploads\/2025\/07\/todoaldisco-foodtruck-11-640x636.png 640w\" ><\/figure>\n\n\n\n<hr class=\"wp-block-separator has-alpha-channel-opacity\"\/>\n\n\n\n<p>Puedes ver en <strong><em><a href=\"https:\/\/foodtruckya.com\/ar\/\" target=\"_blank\" rel=\"noreferrer noopener\">Foodtruckya<\/a><\/em><\/strong> Argentina la ficha del food truck <em>Todo al Disco<\/em> y contactarles para tu pr\u00f3ximo evento  <strong><em><a href=\"https:\/\/foodtruckya.com\/ar\/catering\/todo-al-disco\">[VER FICHA FOOD TRUCK]<\/a><\/em><\/strong><\/p>\n\n\n\n<p>\u00a1Much\u00edsimas gracias por atendernos! \ud83d\ude09<\/p>\n\n\n\n<p>\u00a0<\/p>\n","protected":false},"excerpt":{"rendered":"<p>Entrevista emprendedores food trucks Argentina Charlamos con Gisela y Fernando, emprendedores del street food y responsables del food truck Todo al Disco \u00bfC\u00f3mo os adentrasteis en el movimiento street food?&hellip;<\/p>\n","protected":false},"author":7,"featured_media":12579,"comment_status":"closed","ping_status":"closed","sticky":false,"template":"","format":"standard","meta":{"footnotes":""},"categories":[41,1146],"tags":[],"powerkit_post_featured":[],"yoast_head":"<!-- This site is optimized with the Yoast SEO plugin v24.2 - https:\/\/yoast.com\/wordpress\/plugins\/seo\/ -->\n<title>Todo al Disco food truck &#8212; Street Food Magazine<\/title>\n<meta name=\"description\" content=\"Entrevista emprendedores food trucks Argentina. Charlamos con Gisela y Fernando, responsables del food truck Todo al Disco\" \/>\n<meta name=\"robots\" content=\"index, follow, max-snippet:-1, max-image-preview:large, max-video-preview:-1\" \/>\n<link rel=\"canonical\" href=\"https:\/\/foodtruckya.com\/magazine\/entrevistas-food-trucks\/todo-al-disco-food-truck\/\" \/>\n<meta property=\"og:locale\" content=\"es_ES\" \/>\n<meta property=\"og:type\" content=\"article\" \/>\n<meta property=\"og:title\" content=\"Todo al Disco food truck &#8212; Street Food Magazine\" \/>\n<meta property=\"og:description\" content=\"Entrevista emprendedores food trucks Argentina. Charlamos con Gisela y Fernando, responsables del food truck Todo al Disco\" \/>\n<meta property=\"og:url\" content=\"https:\/\/foodtruckya.com\/magazine\/entrevistas-food-trucks\/todo-al-disco-food-truck\/\" \/>\n<meta property=\"og:site_name\" content=\"Street Food Magazine\" \/>\n<meta property=\"article:publisher\" content=\"https:\/\/www.facebook.com\/Foodtruckya\/\" \/>\n<meta property=\"article:published_time\" content=\"2025-07-08T11:27:25+00:00\" \/>\n<meta property=\"article:modified_time\" content=\"2025-07-08T11:46:58+00:00\" \/>\n<meta property=\"og:image\" content=\"https:\/\/foodtruckya.com\/magazine\/wp-content\/uploads\/2025\/07\/gisela1_compressed.jpg\" \/>\n\t<meta property=\"og:image:width\" content=\"2048\" \/>\n\t<meta property=\"og:image:height\" content=\"1536\" \/>\n\t<meta property=\"og:image:type\" content=\"image\/jpeg\" \/>\n<meta name=\"author\" content=\"Aitor Apraiz\" \/>\n<meta name=\"twitter:card\" content=\"summary_large_image\" \/>\n<meta name=\"twitter:creator\" content=\"@Foodtruckya\" \/>\n<meta name=\"twitter:site\" content=\"@Foodtruckya\" \/>\n<meta name=\"twitter:label1\" content=\"Escrito por\" \/>\n\t<meta name=\"twitter:data1\" content=\"Aitor Apraiz\" \/>\n\t<meta name=\"twitter:label2\" content=\"Tiempo de lectura\" \/>\n\t<meta name=\"twitter:data2\" content=\"3 minutos\" \/>\n<script type=\"application\/ld+json\" class=\"yoast-schema-graph\">{\"@context\":\"https:\/\/schema.org\",\"@graph\":[{\"@type\":\"Article\",\"@id\":\"https:\/\/foodtruckya.com\/magazine\/entrevistas-food-trucks\/todo-al-disco-food-truck\/#article\",\"isPartOf\":{\"@id\":\"https:\/\/foodtruckya.com\/magazine\/entrevistas-food-trucks\/todo-al-disco-food-truck\/\"},\"author\":{\"name\":\"Aitor Apraiz\",\"@id\":\"https:\/\/foodtruckya.com\/magazine\/#\/schema\/person\/c63463dfe4a6cb311fe8efe83b961b7a\"},\"headline\":\"Todo al Disco food truck\",\"datePublished\":\"2025-07-08T11:27:25+00:00\",\"dateModified\":\"2025-07-08T11:46:58+00:00\",\"mainEntityOfPage\":{\"@id\":\"https:\/\/foodtruckya.com\/magazine\/entrevistas-food-trucks\/todo-al-disco-food-truck\/\"},\"wordCount\":318,\"publisher\":{\"@id\":\"https:\/\/foodtruckya.com\/magazine\/#organization\"},\"image\":{\"@id\":\"https:\/\/foodtruckya.com\/magazine\/entrevistas-food-trucks\/todo-al-disco-food-truck\/#primaryimage\"},\"thumbnailUrl\":\"https:\/\/foodtruckya.com\/magazine\/wp-content\/uploads\/2025\/07\/gisela1_compressed.jpg\",\"articleSection\":[\"Entrevistas\",\"Entrevistas Argentina\"],\"inLanguage\":\"es\"},{\"@type\":\"WebPage\",\"@id\":\"https:\/\/foodtruckya.com\/magazine\/entrevistas-food-trucks\/todo-al-disco-food-truck\/\",\"url\":\"https:\/\/foodtruckya.com\/magazine\/entrevistas-food-trucks\/todo-al-disco-food-truck\/\",\"name\":\"Todo al Disco food truck &#8212; Street Food Magazine\",\"isPartOf\":{\"@id\":\"https:\/\/foodtruckya.com\/magazine\/#website\"},\"primaryImageOfPage\":{\"@id\":\"https:\/\/foodtruckya.com\/magazine\/entrevistas-food-trucks\/todo-al-disco-food-truck\/#primaryimage\"},\"image\":{\"@id\":\"https:\/\/foodtruckya.com\/magazine\/entrevistas-food-trucks\/todo-al-disco-food-truck\/#primaryimage\"},\"thumbnailUrl\":\"https:\/\/foodtruckya.com\/magazine\/wp-content\/uploads\/2025\/07\/gisela1_compressed.jpg\",\"datePublished\":\"2025-07-08T11:27:25+00:00\",\"dateModified\":\"2025-07-08T11:46:58+00:00\",\"description\":\"Entrevista emprendedores food trucks Argentina. Charlamos con Gisela y Fernando, responsables del food truck Todo al Disco\",\"breadcrumb\":{\"@id\":\"https:\/\/foodtruckya.com\/magazine\/entrevistas-food-trucks\/todo-al-disco-food-truck\/#breadcrumb\"},\"inLanguage\":\"es\",\"potentialAction\":[{\"@type\":\"ReadAction\",\"target\":[\"https:\/\/foodtruckya.com\/magazine\/entrevistas-food-trucks\/todo-al-disco-food-truck\/\"]}]},{\"@type\":\"ImageObject\",\"inLanguage\":\"es\",\"@id\":\"https:\/\/foodtruckya.com\/magazine\/entrevistas-food-trucks\/todo-al-disco-food-truck\/#primaryimage\",\"url\":\"https:\/\/foodtruckya.com\/magazine\/wp-content\/uploads\/2025\/07\/gisela1_compressed.jpg\",\"contentUrl\":\"https:\/\/foodtruckya.com\/magazine\/wp-content\/uploads\/2025\/07\/gisela1_compressed.jpg\",\"width\":2048,\"height\":1536,\"caption\":\"entrevista food trucks argentina Todo al disco\"},{\"@type\":\"BreadcrumbList\",\"@id\":\"https:\/\/foodtruckya.com\/magazine\/entrevistas-food-trucks\/todo-al-disco-food-truck\/#breadcrumb\",\"itemListElement\":[{\"@type\":\"ListItem\",\"position\":1,\"name\":\"Portada\",\"item\":\"https:\/\/foodtruckya.com\/magazine\/\"},{\"@type\":\"ListItem\",\"position\":2,\"name\":\"Todo al Disco food truck\"}]},{\"@type\":\"WebSite\",\"@id\":\"https:\/\/foodtruckya.com\/magazine\/#website\",\"url\":\"https:\/\/foodtruckya.com\/magazine\/\",\"name\":\"Street Food Magazine\",\"description\":\"Informaci\u00f3n sobre food trucks by Foodtruckya\",\"publisher\":{\"@id\":\"https:\/\/foodtruckya.com\/magazine\/#organization\"},\"potentialAction\":[{\"@type\":\"SearchAction\",\"target\":{\"@type\":\"EntryPoint\",\"urlTemplate\":\"https:\/\/foodtruckya.com\/magazine\/?s={search_term_string}\"},\"query-input\":{\"@type\":\"PropertyValueSpecification\",\"valueRequired\":true,\"valueName\":\"search_term_string\"}}],\"inLanguage\":\"es\"},{\"@type\":\"Organization\",\"@id\":\"https:\/\/foodtruckya.com\/magazine\/#organization\",\"name\":\"Foodtruckya\",\"url\":\"https:\/\/foodtruckya.com\/magazine\/\",\"logo\":{\"@type\":\"ImageObject\",\"inLanguage\":\"es\",\"@id\":\"https:\/\/foodtruckya.com\/magazine\/#\/schema\/logo\/image\/\",\"url\":\"https:\/\/foodtruckya.com\/magazine\/wp-content\/uploads\/2023\/05\/logo.png\",\"contentUrl\":\"https:\/\/foodtruckya.com\/magazine\/wp-content\/uploads\/2023\/05\/logo.png\",\"width\":500,\"height\":133,\"caption\":\"Foodtruckya\"},\"image\":{\"@id\":\"https:\/\/foodtruckya.com\/magazine\/#\/schema\/logo\/image\/\"},\"sameAs\":[\"https:\/\/www.facebook.com\/Foodtruckya\/\",\"https:\/\/x.com\/Foodtruckya\",\"https:\/\/www.instagram.com\/foodtruckya_oficial\/\"]},{\"@type\":\"Person\",\"@id\":\"https:\/\/foodtruckya.com\/magazine\/#\/schema\/person\/c63463dfe4a6cb311fe8efe83b961b7a\",\"name\":\"Aitor Apraiz\",\"url\":\"https:\/\/foodtruckya.com\/magazine\/author\/aitor\/\"}]}<\/script>\n<!-- \/ Yoast SEO plugin. -->","yoast_head_json":{"title":"Todo al Disco food truck &#8212; Street Food Magazine","description":"Entrevista emprendedores food trucks Argentina. Charlamos con Gisela y Fernando, responsables del food truck Todo al Disco","robots":{"index":"index","follow":"follow","max-snippet":"max-snippet:-1","max-image-preview":"max-image-preview:large","max-video-preview":"max-video-preview:-1"},"canonical":"https:\/\/foodtruckya.com\/magazine\/entrevistas-food-trucks\/todo-al-disco-food-truck\/","og_locale":"es_ES","og_type":"article","og_title":"Todo al Disco food truck &#8212; Street Food Magazine","og_description":"Entrevista emprendedores food trucks Argentina. Charlamos con Gisela y Fernando, responsables del food truck Todo al Disco","og_url":"https:\/\/foodtruckya.com\/magazine\/entrevistas-food-trucks\/todo-al-disco-food-truck\/","og_site_name":"Street Food Magazine","article_publisher":"https:\/\/www.facebook.com\/Foodtruckya\/","article_published_time":"2025-07-08T11:27:25+00:00","article_modified_time":"2025-07-08T11:46:58+00:00","og_image":[{"width":2048,"height":1536,"url":"https:\/\/foodtruckya.com\/magazine\/wp-content\/uploads\/2025\/07\/gisela1_compressed.jpg","type":"image\/jpeg"}],"author":"Aitor Apraiz","twitter_card":"summary_large_image","twitter_creator":"@Foodtruckya","twitter_site":"@Foodtruckya","twitter_misc":{"Escrito por":"Aitor Apraiz","Tiempo de lectura":"3 minutos"},"schema":{"@context":"https:\/\/schema.org","@graph":[{"@type":"Article","@id":"https:\/\/foodtruckya.com\/magazine\/entrevistas-food-trucks\/todo-al-disco-food-truck\/#article","isPartOf":{"@id":"https:\/\/foodtruckya.com\/magazine\/entrevistas-food-trucks\/todo-al-disco-food-truck\/"},"author":{"name":"Aitor Apraiz","@id":"https:\/\/foodtruckya.com\/magazine\/#\/schema\/person\/c63463dfe4a6cb311fe8efe83b961b7a"},"headline":"Todo al Disco food truck","datePublished":"2025-07-08T11:27:25+00:00","dateModified":"2025-07-08T11:46:58+00:00","mainEntityOfPage":{"@id":"https:\/\/foodtruckya.com\/magazine\/entrevistas-food-trucks\/todo-al-disco-food-truck\/"},"wordCount":318,"publisher":{"@id":"https:\/\/foodtruckya.com\/magazine\/#organization"},"image":{"@id":"https:\/\/foodtruckya.com\/magazine\/entrevistas-food-trucks\/todo-al-disco-food-truck\/#primaryimage"},"thumbnailUrl":"https:\/\/foodtruckya.com\/magazine\/wp-content\/uploads\/2025\/07\/gisela1_compressed.jpg","articleSection":["Entrevistas","Entrevistas Argentina"],"inLanguage":"es"},{"@type":"WebPage","@id":"https:\/\/foodtruckya.com\/magazine\/entrevistas-food-trucks\/todo-al-disco-food-truck\/","url":"https:\/\/foodtruckya.com\/magazine\/entrevistas-food-trucks\/todo-al-disco-food-truck\/","name":"Todo al Disco food truck &#8212; Street Food Magazine","isPartOf":{"@id":"https:\/\/foodtruckya.com\/magazine\/#website"},"primaryImageOfPage":{"@id":"https:\/\/foodtruckya.com\/magazine\/entrevistas-food-trucks\/todo-al-disco-food-truck\/#primaryimage"},"image":{"@id":"https:\/\/foodtruckya.com\/magazine\/entrevistas-food-trucks\/todo-al-disco-food-truck\/#primaryimage"},"thumbnailUrl":"https:\/\/foodtruckya.com\/magazine\/wp-content\/uploads\/2025\/07\/gisela1_compressed.jpg","datePublished":"2025-07-08T11:27:25+00:00","dateModified":"2025-07-08T11:46:58+00:00","description":"Entrevista emprendedores food trucks Argentina. Charlamos con Gisela y Fernando, responsables del food truck Todo al Disco","breadcrumb":{"@id":"https:\/\/foodtruckya.com\/magazine\/entrevistas-food-trucks\/todo-al-disco-food-truck\/#breadcrumb"},"inLanguage":"es","potentialAction":[{"@type":"ReadAction","target":["https:\/\/foodtruckya.com\/magazine\/entrevistas-food-trucks\/todo-al-disco-food-truck\/"]}]},{"@type":"ImageObject","inLanguage":"es","@id":"https:\/\/foodtruckya.com\/magazine\/entrevistas-food-trucks\/todo-al-disco-food-truck\/#primaryimage","url":"https:\/\/foodtruckya.com\/magazine\/wp-content\/uploads\/2025\/07\/gisela1_compressed.jpg","contentUrl":"https:\/\/foodtruckya.com\/magazine\/wp-content\/uploads\/2025\/07\/gisela1_compressed.jpg","width":2048,"height":1536,"caption":"entrevista food trucks argentina Todo al disco"},{"@type":"BreadcrumbList","@id":"https:\/\/foodtruckya.com\/magazine\/entrevistas-food-trucks\/todo-al-disco-food-truck\/#breadcrumb","itemListElement":[{"@type":"ListItem","position":1,"name":"Portada","item":"https:\/\/foodtruckya.com\/magazine\/"},{"@type":"ListItem","position":2,"name":"Todo al Disco food truck"}]},{"@type":"WebSite","@id":"https:\/\/foodtruckya.com\/magazine\/#website","url":"https:\/\/foodtruckya.com\/magazine\/","name":"Street Food Magazine","description":"Informaci\u00f3n sobre food trucks by Foodtruckya","publisher":{"@id":"https:\/\/foodtruckya.com\/magazine\/#organization"},"potentialAction":[{"@type":"SearchAction","target":{"@type":"EntryPoint","urlTemplate":"https:\/\/foodtruckya.com\/magazine\/?s={search_term_string}"},"query-input":{"@type":"PropertyValueSpecification","valueRequired":true,"valueName":"search_term_string"}}],"inLanguage":"es"},{"@type":"Organization","@id":"https:\/\/foodtruckya.com\/magazine\/#organization","name":"Foodtruckya","url":"https:\/\/foodtruckya.com\/magazine\/","logo":{"@type":"ImageObject","inLanguage":"es","@id":"https:\/\/foodtruckya.com\/magazine\/#\/schema\/logo\/image\/","url":"https:\/\/foodtruckya.com\/magazine\/wp-content\/uploads\/2023\/05\/logo.png","contentUrl":"https:\/\/foodtruckya.com\/magazine\/wp-content\/uploads\/2023\/05\/logo.png","width":500,"height":133,"caption":"Foodtruckya"},"image":{"@id":"https:\/\/foodtruckya.com\/magazine\/#\/schema\/logo\/image\/"},"sameAs":["https:\/\/www.facebook.com\/Foodtruckya\/","https:\/\/x.com\/Foodtruckya","https:\/\/www.instagram.com\/foodtruckya_oficial\/"]},{"@type":"Person","@id":"https:\/\/foodtruckya.com\/magazine\/#\/schema\/person\/c63463dfe4a6cb311fe8efe83b961b7a","name":"Aitor Apraiz","url":"https:\/\/foodtruckya.com\/magazine\/author\/aitor\/"}]}},"_links":{"self":[{"href":"https:\/\/foodtruckya.com\/magazine\/wp-json\/wp\/v2\/posts\/12577"}],"collection":[{"href":"https:\/\/foodtruckya.com\/magazine\/wp-json\/wp\/v2\/posts"}],"about":[{"href":"https:\/\/foodtruckya.com\/magazine\/wp-json\/wp\/v2\/types\/post"}],"author":[{"embeddable":true,"href":"https:\/\/foodtruckya.com\/magazine\/wp-json\/wp\/v2\/users\/7"}],"replies":[{"embeddable":true,"href":"https:\/\/foodtruckya.com\/magazine\/wp-json\/wp\/v2\/comments?post=12577"}],"version-history":[{"count":5,"href":"https:\/\/foodtruckya.com\/magazine\/wp-json\/wp\/v2\/posts\/12577\/revisions"}],"predecessor-version":[{"id":12592,"href":"https:\/\/foodtruckya.com\/magazine\/wp-json\/wp\/v2\/posts\/12577\/revisions\/12592"}],"wp:featuredmedia":[{"embeddable":true,"href":"https:\/\/foodtruckya.com\/magazine\/wp-json\/wp\/v2\/media\/12579"}],"wp:attachment":[{"href":"https:\/\/foodtruckya.com\/magazine\/wp-json\/wp\/v2\/media?parent=12577"}],"wp:term":[{"taxonomy":"category","embeddable":true,"href":"https:\/\/foodtruckya.com\/magazine\/wp-json\/wp\/v2\/categories?post=12577"},{"taxonomy":"post_tag","embeddable":true,"href":"https:\/\/foodtruckya.com\/magazine\/wp-json\/wp\/v2\/tags?post=12577"},{"taxonomy":"powerkit_post_featured","embeddable":true,"href":"https:\/\/foodtruckya.com\/magazine\/wp-json\/wp\/v2\/powerkit_post_featured?post=12577"}],"curies":[{"name":"wp","href":"https:\/\/api.w.org\/{rel}","templated":true}]}}