{"id":13037,"date":"2025-11-07T10:52:24","date_gmt":"2025-11-07T09:52:24","guid":{"rendered":"https:\/\/foodtruckya.com\/magazine\/?p=13037"},"modified":"2025-11-07T10:53:45","modified_gmt":"2025-11-07T09:53:45","slug":"tu-evento-1103","status":"publish","type":"post","link":"https:\/\/foodtruckya.com\/magazine\/entrevistas-food-trucks\/tu-evento-1103\/","title":{"rendered":"Tu Evento 1103"},"content":{"rendered":"\n<h1 id=\"entrevista-emprendedores-food-trucks-argentina\" class=\"wp-block-heading has-medium-font-size\">Entrevista emprendedores food trucks Argentina<\/h1>\n\n\n\n<p>Charlamos con Julieta emprendedora del street food y responsable del food truck <strong><em><a href=\"https:\/\/foodtruckya.com\/ar\/catering\/tu-evento-1103\" target=\"_blank\" rel=\"noreferrer noopener\">Tu Evento 1103<\/a><\/em><\/strong> <\/p>\n\n\n<div class=\"wp-block-image\">\n<figure class=\"aligncenter size-full\"><img  loading=\"lazy\"  decoding=\"async\"  width=\"703\"  height=\"583\"  src=\"data:image\/png;base64,iVBORw0KGgoAAAANSUhEUgAAAr8AAAJHAQMAAACjFqzZAAAAA1BMVEUAAP+KeNJXAAAAAXRSTlMAQObYZgAAAAlwSFlzAAAOxAAADsQBlSsOGwAAAElJREFUeNrtwYEAAAAAw6D5U9\/gBFUBAAAAAAAAAAAAAAAAAAAAAAAAAAAAAAAAAAAAAAAAAAAAAAAAAAAAAAAAAAAAAAAAAHAMyq8AAdnIX5AAAAAASUVORK5CYII=\"  alt=\"tu evento 1103 foodtruck catering logo\"  class=\"wp-image-13139 pk-lazyload\"  data-pk-sizes=\"auto\"  data-ls-sizes=\"(max-width: 703px) 100vw, 703px\"  data-pk-src=\"https:\/\/foodtruckya.com\/magazine\/wp-content\/uploads\/2025\/11\/tu-evento-1103-foodtruck-9.png\"  data-pk-srcset=\"https:\/\/foodtruckya.com\/magazine\/wp-content\/uploads\/2025\/11\/tu-evento-1103-foodtruck-9.png 703w, https:\/\/foodtruckya.com\/magazine\/wp-content\/uploads\/2025\/11\/tu-evento-1103-foodtruck-9-120x100.png 120w, https:\/\/foodtruckya.com\/magazine\/wp-content\/uploads\/2025\/11\/tu-evento-1103-foodtruck-9-90x75.png 90w, https:\/\/foodtruckya.com\/magazine\/wp-content\/uploads\/2025\/11\/tu-evento-1103-foodtruck-9-320x265.png 320w, https:\/\/foodtruckya.com\/magazine\/wp-content\/uploads\/2025\/11\/tu-evento-1103-foodtruck-9-560x464.png 560w, https:\/\/foodtruckya.com\/magazine\/wp-content\/uploads\/2025\/11\/tu-evento-1103-foodtruck-9-240x199.png 240w, https:\/\/foodtruckya.com\/magazine\/wp-content\/uploads\/2025\/11\/tu-evento-1103-foodtruck-9-180x149.png 180w, https:\/\/foodtruckya.com\/magazine\/wp-content\/uploads\/2025\/11\/tu-evento-1103-foodtruck-9-640x531.png 640w\" ><\/figure><\/div>\n\n\n<h2 id=\"como-os-adentrasteis-en-el-movimiento-street-food\" class=\"wp-block-heading has-medium-font-size\"><strong>\u00bfC\u00f3mo os adentrasteis en el movimiento street food?<\/strong><\/h2>\n\n\n\n<ul><\/ul>\n\n\n\n<p>Ingres\u00e9 alquilando yo misma un food truck para la empresa en la que trabajaba. A partir de ah\u00ed me encant\u00f3 la idea y comenc\u00e9 en el sector.<\/p>\n\n\n\n<h2 id=\"que-dificultades-habeis-encontrado-para-sacar-adelante-vuestro-proyecto-de-food-truck\" class=\"wp-block-heading has-medium-font-size\"><strong>\u00bfQu\u00e9 dificultades hab\u00e9is encontrado para sacar adelante vuestro proyecto de food truck?<\/strong><\/h2>\n\n\n\n<p>No tuve dificultades. Soy gastron\u00f3mica hace m\u00e1s de 20 a\u00f1os y ten\u00eda ya experiencia previa en fast food.<\/p>\n\n\n<div class=\"wp-block-image\">\n<figure class=\"aligncenter size-full\"><img  loading=\"lazy\"  decoding=\"async\"  width=\"647\"  height=\"527\"  src=\"data:image\/png;base64,iVBORw0KGgoAAAANSUhEUgAAAocAAAIPAQMAAAA7OeYUAAAAA1BMVEUAAP+KeNJXAAAAAXRSTlMAQObYZgAAAAlwSFlzAAAOxAAADsQBlSsOGwAAAEFJREFUeNrtwTEBAAAAwqD1T20MH6AAAAAAAAAAAAAAAAAAAAAAAAAAAAAAAAAAAAAAAAAAAAAAAAAAAAAAAICvAajOAAFQez1kAAAAAElFTkSuQmCC\"  alt=\"tu evento 1103 foodtruck \"  class=\"wp-image-13140 pk-lazyload\"  data-pk-sizes=\"auto\"  data-ls-sizes=\"(max-width: 647px) 100vw, 647px\"  data-pk-src=\"https:\/\/foodtruckya.com\/magazine\/wp-content\/uploads\/2025\/11\/tu-evento-1103-foodtruck-6.png\"  data-pk-srcset=\"https:\/\/foodtruckya.com\/magazine\/wp-content\/uploads\/2025\/11\/tu-evento-1103-foodtruck-6.png 647w, https:\/\/foodtruckya.com\/magazine\/wp-content\/uploads\/2025\/11\/tu-evento-1103-foodtruck-6-120x98.png 120w, https:\/\/foodtruckya.com\/magazine\/wp-content\/uploads\/2025\/11\/tu-evento-1103-foodtruck-6-90x73.png 90w, https:\/\/foodtruckya.com\/magazine\/wp-content\/uploads\/2025\/11\/tu-evento-1103-foodtruck-6-320x261.png 320w, https:\/\/foodtruckya.com\/magazine\/wp-content\/uploads\/2025\/11\/tu-evento-1103-foodtruck-6-560x456.png 560w, https:\/\/foodtruckya.com\/magazine\/wp-content\/uploads\/2025\/11\/tu-evento-1103-foodtruck-6-240x195.png 240w, https:\/\/foodtruckya.com\/magazine\/wp-content\/uploads\/2025\/11\/tu-evento-1103-foodtruck-6-180x147.png 180w, https:\/\/foodtruckya.com\/magazine\/wp-content\/uploads\/2025\/11\/tu-evento-1103-foodtruck-6-640x521.png 640w\" ><\/figure><\/div>\n\n\n<h2 id=\"que-mejorariais-de-la-normativa-para-food-trucks\" class=\"wp-block-heading has-medium-font-size\"><strong>\u00bfQu\u00e9 mejorar\u00edais de la normativa para food trucks?<\/strong><\/h2>\n\n\n\n<ul><\/ul>\n\n\n\n<p>Me parece justa.<\/p>\n\n\n\n<h2 id=\"de-donde-viene-el-nombre-de-vuestro-food-truck\" class=\"wp-block-heading has-medium-font-size\"><strong>\u00bfDe d\u00f3nde viene el nombre de vuestro food truck?<\/strong><\/h2>\n\n\n\n<ul><\/ul>\n\n\n\n<p>El nombre del food truck viene del d\u00eda y mes en el que comenzamos con el proyecto.<\/p>\n\n\n<div class=\"wp-block-image\">\n<figure class=\"aligncenter size-full\"><img  loading=\"lazy\"  decoding=\"async\"  width=\"675\"  height=\"630\"  src=\"data:image\/png;base64,iVBORw0KGgoAAAANSUhEUgAAAqMAAAJ2AQMAAABRohm3AAAAA1BMVEUAAP+KeNJXAAAAAXRSTlMAQObYZgAAAAlwSFlzAAAOxAAADsQBlSsOGwAAAEpJREFUeNrtwQEBAAAAgiD\/r25IQAEAAAAAAAAAAAAAAAAAAAAAAAAAAAAAAAAAAAAAAAAAAAAAAAAAAAAAAAAAAAAAAAAAAADwbtOkAAEZ3MJlAAAAAElFTkSuQmCC\"  alt=\"tu evento 1103 foodtruck catering\"  class=\"wp-image-13141 pk-lazyload\"  data-pk-sizes=\"auto\"  data-ls-sizes=\"(max-width: 675px) 100vw, 675px\"  data-pk-src=\"https:\/\/foodtruckya.com\/magazine\/wp-content\/uploads\/2025\/11\/tu-evento-1103-foodtruck-4.png\"  data-pk-srcset=\"https:\/\/foodtruckya.com\/magazine\/wp-content\/uploads\/2025\/11\/tu-evento-1103-foodtruck-4.png 675w, https:\/\/foodtruckya.com\/magazine\/wp-content\/uploads\/2025\/11\/tu-evento-1103-foodtruck-4-120x112.png 120w, https:\/\/foodtruckya.com\/magazine\/wp-content\/uploads\/2025\/11\/tu-evento-1103-foodtruck-4-90x84.png 90w, https:\/\/foodtruckya.com\/magazine\/wp-content\/uploads\/2025\/11\/tu-evento-1103-foodtruck-4-320x299.png 320w, https:\/\/foodtruckya.com\/magazine\/wp-content\/uploads\/2025\/11\/tu-evento-1103-foodtruck-4-560x523.png 560w, https:\/\/foodtruckya.com\/magazine\/wp-content\/uploads\/2025\/11\/tu-evento-1103-foodtruck-4-240x224.png 240w, https:\/\/foodtruckya.com\/magazine\/wp-content\/uploads\/2025\/11\/tu-evento-1103-foodtruck-4-180x168.png 180w, https:\/\/foodtruckya.com\/magazine\/wp-content\/uploads\/2025\/11\/tu-evento-1103-foodtruck-4-640x597.png 640w\" ><\/figure><\/div>\n\n\n<h2 id=\"cual-es-vuestro-plato-estrella\" class=\"wp-block-heading has-medium-font-size\"><strong>\u00bfCu\u00e1l es vuestro plato estrella?<\/strong><\/h2>\n\n\n\n<ul><\/ul>\n\n\n\n<p>Nuestros platos estrella son la hamburguesa casera mc cheddar y la bondiola braseada.<\/p>\n\n\n<div class=\"wp-block-image\">\n<figure class=\"aligncenter size-full\"><img  loading=\"lazy\"  decoding=\"async\"  width=\"720\"  height=\"720\"  src=\"data:image\/png;base64,iVBORw0KGgoAAAANSUhEUgAAAtAAAALQAQMAAACDmdXfAAAAA1BMVEUAAP+KeNJXAAAAAXRSTlMAQObYZgAAAAlwSFlzAAAOxAAADsQBlSsOGwAAAFVJREFUeNrtwQEBAAAAgiD\/r25IQAEAAAAAAAAAAAAAAAAAAAAAAAAAAAAAAAAAAAAAAAAAAAAAAAAAAAAAAAAAAAAAAAAAAAAAAAAAAAAAAAAAAPBo\/\/AAAd0Z+QwAAAAASUVORK5CYII=\"  alt=\"tu evento 1103 foodtruck catering menu\"  class=\"wp-image-13142 pk-lazyload\"  data-pk-sizes=\"auto\"  data-ls-sizes=\"(max-width: 720px) 100vw, 720px\"  data-pk-src=\"https:\/\/foodtruckya.com\/magazine\/wp-content\/uploads\/2025\/11\/tuevento1103-foodtruck-24.jpg\"  data-pk-srcset=\"https:\/\/foodtruckya.com\/magazine\/wp-content\/uploads\/2025\/11\/tuevento1103-foodtruck-24.jpg 720w, https:\/\/foodtruckya.com\/magazine\/wp-content\/uploads\/2025\/11\/tuevento1103-foodtruck-24-80x80.jpg 80w, https:\/\/foodtruckya.com\/magazine\/wp-content\/uploads\/2025\/11\/tuevento1103-foodtruck-24-120x120.jpg 120w, https:\/\/foodtruckya.com\/magazine\/wp-content\/uploads\/2025\/11\/tuevento1103-foodtruck-24-90x90.jpg 90w, https:\/\/foodtruckya.com\/magazine\/wp-content\/uploads\/2025\/11\/tuevento1103-foodtruck-24-320x320.jpg 320w, https:\/\/foodtruckya.com\/magazine\/wp-content\/uploads\/2025\/11\/tuevento1103-foodtruck-24-560x560.jpg 560w, https:\/\/foodtruckya.com\/magazine\/wp-content\/uploads\/2025\/11\/tuevento1103-foodtruck-24-160x160.jpg 160w, https:\/\/foodtruckya.com\/magazine\/wp-content\/uploads\/2025\/11\/tuevento1103-foodtruck-24-240x240.jpg 240w, https:\/\/foodtruckya.com\/magazine\/wp-content\/uploads\/2025\/11\/tuevento1103-foodtruck-24-180x180.jpg 180w, https:\/\/foodtruckya.com\/magazine\/wp-content\/uploads\/2025\/11\/tuevento1103-foodtruck-24-640x640.jpg 640w\" ><\/figure><\/div>\n\n\n<h2 id=\"que-os-hace-un-food-truck-unico-por-que-deben-visitaros\" class=\"wp-block-heading has-medium-font-size\"><strong>\u00bfQu\u00e9 os hace un food truck \u00fanico? \u00bfPor qu\u00e9 deben visitaros?<\/strong><\/h2>\n\n\n\n<ul><\/ul>\n\n\n\n<p>Somos \u00fanicos porque toda nuestra comida es artesanal y fresca, adem\u00e1s de tener una din\u00e1mica organizada. Somos muy h\u00e1biles en el despacho.<\/p>\n\n\n\n<figure class=\"wp-block-image size-full\"><img  loading=\"lazy\"  decoding=\"async\"  width=\"1080\"  height=\"668\"  src=\"data:image\/png;base64,iVBORw0KGgoAAAANSUhEUgAABDgAAAKcAQMAAAA3g5gOAAAAA1BMVEUAAP+KeNJXAAAAAXRSTlMAQObYZgAAAAlwSFlzAAAOxAAADsQBlSsOGwAAAG9JREFUeNrtwYEAAAAAw6D5U9\/gBFUBAAAAAAAAAAAAAAAAAAAAAAAAAAAAAAAAAAAAAAAAAAAAAAAAAAAAAAAAAAAAAAAAAAAAAAAAAAAAAAAAAAAAAAAAAAAAAAAAAAAAAAAAAAAAAAAAAAAAfANi7wAB8NgcdQAAAABJRU5ErkJggg==\"  alt=\"tu evento 1103 foodtruck catering evento\"  class=\"wp-image-13145 pk-lazyload\"  data-pk-sizes=\"auto\"  data-ls-sizes=\"(max-width: 1080px) 100vw, 1080px\"  data-pk-src=\"https:\/\/foodtruckya.com\/magazine\/wp-content\/uploads\/2025\/11\/tuevento1103-foodtruck-28.jpg\"  data-pk-srcset=\"https:\/\/foodtruckya.com\/magazine\/wp-content\/uploads\/2025\/11\/tuevento1103-foodtruck-28.jpg 1080w, https:\/\/foodtruckya.com\/magazine\/wp-content\/uploads\/2025\/11\/tuevento1103-foodtruck-28-800x495.jpg 800w, https:\/\/foodtruckya.com\/magazine\/wp-content\/uploads\/2025\/11\/tuevento1103-foodtruck-28-120x74.jpg 120w, https:\/\/foodtruckya.com\/magazine\/wp-content\/uploads\/2025\/11\/tuevento1103-foodtruck-28-90x56.jpg 90w, https:\/\/foodtruckya.com\/magazine\/wp-content\/uploads\/2025\/11\/tuevento1103-foodtruck-28-320x198.jpg 320w, https:\/\/foodtruckya.com\/magazine\/wp-content\/uploads\/2025\/11\/tuevento1103-foodtruck-28-560x346.jpg 560w, https:\/\/foodtruckya.com\/magazine\/wp-content\/uploads\/2025\/11\/tuevento1103-foodtruck-28-240x148.jpg 240w, https:\/\/foodtruckya.com\/magazine\/wp-content\/uploads\/2025\/11\/tuevento1103-foodtruck-28-180x111.jpg 180w, https:\/\/foodtruckya.com\/magazine\/wp-content\/uploads\/2025\/11\/tuevento1103-foodtruck-28-640x396.jpg 640w\" ><\/figure>\n\n\n\n<hr class=\"wp-block-separator has-alpha-channel-opacity\"\/>\n\n\n\n<p>Puedes ver la ficha de\u00a0<strong>Tu Evento 1103 <\/strong>Food Truck\u00a0en Foodtruckya Argentina, y contactarles para tu pr\u00f3ximo evento\u00a0<strong><em><a href=\"https:\/\/foodtruckya.com\/ar\/catering\/tu-evento-1103\" target=\"_blank\" rel=\"noreferrer noopener\">aqu\u00ed<\/a><\/em><\/strong><\/p>\n\n\n\n<ul><\/ul>\n","protected":false},"excerpt":{"rendered":"<p>Entrevista emprendedores food trucks Argentina Charlamos con Julieta emprendedora del street food y responsable del food truck Tu Evento 1103 \u00bfC\u00f3mo os adentrasteis en el movimiento street food? Ingres\u00e9 alquilando&hellip;<\/p>\n","protected":false},"author":7,"featured_media":13139,"comment_status":"closed","ping_status":"closed","sticky":false,"template":"","format":"standard","meta":{"footnotes":""},"categories":[41,1146],"tags":[],"powerkit_post_featured":[3,6],"yoast_head":"<!-- This site is optimized with the Yoast SEO plugin v24.2 - https:\/\/yoast.com\/wordpress\/plugins\/seo\/ -->\n<title>Tu Evento 1103 &#8212; Street Food Magazine<\/title>\n<meta name=\"description\" content=\"Entrevista emprendedores food trucks ArgentinaCharlamos con Julieta emprendedora del street food y responsable del food truck Tu Evento 1103\" \/>\n<meta name=\"robots\" content=\"index, follow, max-snippet:-1, max-image-preview:large, max-video-preview:-1\" \/>\n<link rel=\"canonical\" href=\"https:\/\/foodtruckya.com\/magazine\/entrevistas-food-trucks\/tu-evento-1103\/\" \/>\n<meta property=\"og:locale\" content=\"es_ES\" \/>\n<meta property=\"og:type\" content=\"article\" \/>\n<meta property=\"og:title\" content=\"Tu Evento 1103 &#8212; Street Food Magazine\" \/>\n<meta property=\"og:description\" content=\"Entrevista emprendedores food trucks ArgentinaCharlamos con Julieta emprendedora del street food y responsable del food truck Tu Evento 1103\" \/>\n<meta property=\"og:url\" content=\"https:\/\/foodtruckya.com\/magazine\/entrevistas-food-trucks\/tu-evento-1103\/\" \/>\n<meta property=\"og:site_name\" content=\"Street Food Magazine\" \/>\n<meta property=\"article:publisher\" content=\"https:\/\/www.facebook.com\/Foodtruckya\/\" \/>\n<meta property=\"article:published_time\" content=\"2025-11-07T09:52:24+00:00\" \/>\n<meta property=\"article:modified_time\" content=\"2025-11-07T09:53:45+00:00\" \/>\n<meta property=\"og:image\" content=\"https:\/\/foodtruckya.com\/magazine\/wp-content\/uploads\/2025\/11\/tu-evento-1103-foodtruck-9.png\" \/>\n\t<meta property=\"og:image:width\" content=\"703\" \/>\n\t<meta property=\"og:image:height\" content=\"583\" \/>\n\t<meta property=\"og:image:type\" content=\"image\/png\" \/>\n<meta name=\"author\" content=\"Aitor Apraiz\" \/>\n<meta name=\"twitter:card\" content=\"summary_large_image\" \/>\n<meta name=\"twitter:creator\" content=\"@Foodtruckya\" \/>\n<meta name=\"twitter:site\" content=\"@Foodtruckya\" \/>\n<meta name=\"twitter:label1\" content=\"Escrito por\" \/>\n\t<meta name=\"twitter:data1\" content=\"Aitor Apraiz\" \/>\n\t<meta name=\"twitter:label2\" content=\"Tiempo de lectura\" \/>\n\t<meta name=\"twitter:data2\" content=\"3 minutos\" \/>\n<script type=\"application\/ld+json\" class=\"yoast-schema-graph\">{\"@context\":\"https:\/\/schema.org\",\"@graph\":[{\"@type\":\"Article\",\"@id\":\"https:\/\/foodtruckya.com\/magazine\/entrevistas-food-trucks\/tu-evento-1103\/#article\",\"isPartOf\":{\"@id\":\"https:\/\/foodtruckya.com\/magazine\/entrevistas-food-trucks\/tu-evento-1103\/\"},\"author\":{\"name\":\"Aitor Apraiz\",\"@id\":\"https:\/\/foodtruckya.com\/magazine\/#\/schema\/person\/c63463dfe4a6cb311fe8efe83b961b7a\"},\"headline\":\"Tu Evento 1103\",\"datePublished\":\"2025-11-07T09:52:24+00:00\",\"dateModified\":\"2025-11-07T09:53:45+00:00\",\"mainEntityOfPage\":{\"@id\":\"https:\/\/foodtruckya.com\/magazine\/entrevistas-food-trucks\/tu-evento-1103\/\"},\"wordCount\":206,\"publisher\":{\"@id\":\"https:\/\/foodtruckya.com\/magazine\/#organization\"},\"image\":{\"@id\":\"https:\/\/foodtruckya.com\/magazine\/entrevistas-food-trucks\/tu-evento-1103\/#primaryimage\"},\"thumbnailUrl\":\"https:\/\/foodtruckya.com\/magazine\/wp-content\/uploads\/2025\/11\/tu-evento-1103-foodtruck-9.png\",\"articleSection\":[\"Entrevistas\",\"Entrevistas Argentina\"],\"inLanguage\":\"es\"},{\"@type\":\"WebPage\",\"@id\":\"https:\/\/foodtruckya.com\/magazine\/entrevistas-food-trucks\/tu-evento-1103\/\",\"url\":\"https:\/\/foodtruckya.com\/magazine\/entrevistas-food-trucks\/tu-evento-1103\/\",\"name\":\"Tu Evento 1103 &#8212; Street Food Magazine\",\"isPartOf\":{\"@id\":\"https:\/\/foodtruckya.com\/magazine\/#website\"},\"primaryImageOfPage\":{\"@id\":\"https:\/\/foodtruckya.com\/magazine\/entrevistas-food-trucks\/tu-evento-1103\/#primaryimage\"},\"image\":{\"@id\":\"https:\/\/foodtruckya.com\/magazine\/entrevistas-food-trucks\/tu-evento-1103\/#primaryimage\"},\"thumbnailUrl\":\"https:\/\/foodtruckya.com\/magazine\/wp-content\/uploads\/2025\/11\/tu-evento-1103-foodtruck-9.png\",\"datePublished\":\"2025-11-07T09:52:24+00:00\",\"dateModified\":\"2025-11-07T09:53:45+00:00\",\"description\":\"Entrevista emprendedores food trucks ArgentinaCharlamos con Julieta emprendedora del street food y responsable del food truck Tu Evento 1103\",\"breadcrumb\":{\"@id\":\"https:\/\/foodtruckya.com\/magazine\/entrevistas-food-trucks\/tu-evento-1103\/#breadcrumb\"},\"inLanguage\":\"es\",\"potentialAction\":[{\"@type\":\"ReadAction\",\"target\":[\"https:\/\/foodtruckya.com\/magazine\/entrevistas-food-trucks\/tu-evento-1103\/\"]}]},{\"@type\":\"ImageObject\",\"inLanguage\":\"es\",\"@id\":\"https:\/\/foodtruckya.com\/magazine\/entrevistas-food-trucks\/tu-evento-1103\/#primaryimage\",\"url\":\"https:\/\/foodtruckya.com\/magazine\/wp-content\/uploads\/2025\/11\/tu-evento-1103-foodtruck-9.png\",\"contentUrl\":\"https:\/\/foodtruckya.com\/magazine\/wp-content\/uploads\/2025\/11\/tu-evento-1103-foodtruck-9.png\",\"width\":703,\"height\":583,\"caption\":\"tu evento 1103 foodtruck catering logo\"},{\"@type\":\"BreadcrumbList\",\"@id\":\"https:\/\/foodtruckya.com\/magazine\/entrevistas-food-trucks\/tu-evento-1103\/#breadcrumb\",\"itemListElement\":[{\"@type\":\"ListItem\",\"position\":1,\"name\":\"Portada\",\"item\":\"https:\/\/foodtruckya.com\/magazine\/\"},{\"@type\":\"ListItem\",\"position\":2,\"name\":\"Tu Evento 1103\"}]},{\"@type\":\"WebSite\",\"@id\":\"https:\/\/foodtruckya.com\/magazine\/#website\",\"url\":\"https:\/\/foodtruckya.com\/magazine\/\",\"name\":\"Street Food Magazine\",\"description\":\"Informaci\u00f3n sobre food trucks by Foodtruckya\",\"publisher\":{\"@id\":\"https:\/\/foodtruckya.com\/magazine\/#organization\"},\"potentialAction\":[{\"@type\":\"SearchAction\",\"target\":{\"@type\":\"EntryPoint\",\"urlTemplate\":\"https:\/\/foodtruckya.com\/magazine\/?s={search_term_string}\"},\"query-input\":{\"@type\":\"PropertyValueSpecification\",\"valueRequired\":true,\"valueName\":\"search_term_string\"}}],\"inLanguage\":\"es\"},{\"@type\":\"Organization\",\"@id\":\"https:\/\/foodtruckya.com\/magazine\/#organization\",\"name\":\"Foodtruckya\",\"url\":\"https:\/\/foodtruckya.com\/magazine\/\",\"logo\":{\"@type\":\"ImageObject\",\"inLanguage\":\"es\",\"@id\":\"https:\/\/foodtruckya.com\/magazine\/#\/schema\/logo\/image\/\",\"url\":\"https:\/\/foodtruckya.com\/magazine\/wp-content\/uploads\/2023\/05\/logo.png\",\"contentUrl\":\"https:\/\/foodtruckya.com\/magazine\/wp-content\/uploads\/2023\/05\/logo.png\",\"width\":500,\"height\":133,\"caption\":\"Foodtruckya\"},\"image\":{\"@id\":\"https:\/\/foodtruckya.com\/magazine\/#\/schema\/logo\/image\/\"},\"sameAs\":[\"https:\/\/www.facebook.com\/Foodtruckya\/\",\"https:\/\/x.com\/Foodtruckya\",\"https:\/\/www.instagram.com\/foodtruckya_oficial\/\"]},{\"@type\":\"Person\",\"@id\":\"https:\/\/foodtruckya.com\/magazine\/#\/schema\/person\/c63463dfe4a6cb311fe8efe83b961b7a\",\"name\":\"Aitor Apraiz\",\"url\":\"https:\/\/foodtruckya.com\/magazine\/author\/aitor\/\"}]}<\/script>\n<!-- \/ Yoast SEO plugin. -->","yoast_head_json":{"title":"Tu Evento 1103 &#8212; Street Food Magazine","description":"Entrevista emprendedores food trucks ArgentinaCharlamos con Julieta emprendedora del street food y responsable del food truck Tu Evento 1103","robots":{"index":"index","follow":"follow","max-snippet":"max-snippet:-1","max-image-preview":"max-image-preview:large","max-video-preview":"max-video-preview:-1"},"canonical":"https:\/\/foodtruckya.com\/magazine\/entrevistas-food-trucks\/tu-evento-1103\/","og_locale":"es_ES","og_type":"article","og_title":"Tu Evento 1103 &#8212; Street Food Magazine","og_description":"Entrevista emprendedores food trucks ArgentinaCharlamos con Julieta emprendedora del street food y responsable del food truck Tu Evento 1103","og_url":"https:\/\/foodtruckya.com\/magazine\/entrevistas-food-trucks\/tu-evento-1103\/","og_site_name":"Street Food Magazine","article_publisher":"https:\/\/www.facebook.com\/Foodtruckya\/","article_published_time":"2025-11-07T09:52:24+00:00","article_modified_time":"2025-11-07T09:53:45+00:00","og_image":[{"width":703,"height":583,"url":"https:\/\/foodtruckya.com\/magazine\/wp-content\/uploads\/2025\/11\/tu-evento-1103-foodtruck-9.png","type":"image\/png"}],"author":"Aitor Apraiz","twitter_card":"summary_large_image","twitter_creator":"@Foodtruckya","twitter_site":"@Foodtruckya","twitter_misc":{"Escrito por":"Aitor Apraiz","Tiempo de lectura":"3 minutos"},"schema":{"@context":"https:\/\/schema.org","@graph":[{"@type":"Article","@id":"https:\/\/foodtruckya.com\/magazine\/entrevistas-food-trucks\/tu-evento-1103\/#article","isPartOf":{"@id":"https:\/\/foodtruckya.com\/magazine\/entrevistas-food-trucks\/tu-evento-1103\/"},"author":{"name":"Aitor Apraiz","@id":"https:\/\/foodtruckya.com\/magazine\/#\/schema\/person\/c63463dfe4a6cb311fe8efe83b961b7a"},"headline":"Tu Evento 1103","datePublished":"2025-11-07T09:52:24+00:00","dateModified":"2025-11-07T09:53:45+00:00","mainEntityOfPage":{"@id":"https:\/\/foodtruckya.com\/magazine\/entrevistas-food-trucks\/tu-evento-1103\/"},"wordCount":206,"publisher":{"@id":"https:\/\/foodtruckya.com\/magazine\/#organization"},"image":{"@id":"https:\/\/foodtruckya.com\/magazine\/entrevistas-food-trucks\/tu-evento-1103\/#primaryimage"},"thumbnailUrl":"https:\/\/foodtruckya.com\/magazine\/wp-content\/uploads\/2025\/11\/tu-evento-1103-foodtruck-9.png","articleSection":["Entrevistas","Entrevistas Argentina"],"inLanguage":"es"},{"@type":"WebPage","@id":"https:\/\/foodtruckya.com\/magazine\/entrevistas-food-trucks\/tu-evento-1103\/","url":"https:\/\/foodtruckya.com\/magazine\/entrevistas-food-trucks\/tu-evento-1103\/","name":"Tu Evento 1103 &#8212; Street Food Magazine","isPartOf":{"@id":"https:\/\/foodtruckya.com\/magazine\/#website"},"primaryImageOfPage":{"@id":"https:\/\/foodtruckya.com\/magazine\/entrevistas-food-trucks\/tu-evento-1103\/#primaryimage"},"image":{"@id":"https:\/\/foodtruckya.com\/magazine\/entrevistas-food-trucks\/tu-evento-1103\/#primaryimage"},"thumbnailUrl":"https:\/\/foodtruckya.com\/magazine\/wp-content\/uploads\/2025\/11\/tu-evento-1103-foodtruck-9.png","datePublished":"2025-11-07T09:52:24+00:00","dateModified":"2025-11-07T09:53:45+00:00","description":"Entrevista emprendedores food trucks ArgentinaCharlamos con Julieta emprendedora del street food y responsable del food truck Tu Evento 1103","breadcrumb":{"@id":"https:\/\/foodtruckya.com\/magazine\/entrevistas-food-trucks\/tu-evento-1103\/#breadcrumb"},"inLanguage":"es","potentialAction":[{"@type":"ReadAction","target":["https:\/\/foodtruckya.com\/magazine\/entrevistas-food-trucks\/tu-evento-1103\/"]}]},{"@type":"ImageObject","inLanguage":"es","@id":"https:\/\/foodtruckya.com\/magazine\/entrevistas-food-trucks\/tu-evento-1103\/#primaryimage","url":"https:\/\/foodtruckya.com\/magazine\/wp-content\/uploads\/2025\/11\/tu-evento-1103-foodtruck-9.png","contentUrl":"https:\/\/foodtruckya.com\/magazine\/wp-content\/uploads\/2025\/11\/tu-evento-1103-foodtruck-9.png","width":703,"height":583,"caption":"tu evento 1103 foodtruck catering logo"},{"@type":"BreadcrumbList","@id":"https:\/\/foodtruckya.com\/magazine\/entrevistas-food-trucks\/tu-evento-1103\/#breadcrumb","itemListElement":[{"@type":"ListItem","position":1,"name":"Portada","item":"https:\/\/foodtruckya.com\/magazine\/"},{"@type":"ListItem","position":2,"name":"Tu Evento 1103"}]},{"@type":"WebSite","@id":"https:\/\/foodtruckya.com\/magazine\/#website","url":"https:\/\/foodtruckya.com\/magazine\/","name":"Street Food Magazine","description":"Informaci\u00f3n sobre food trucks by Foodtruckya","publisher":{"@id":"https:\/\/foodtruckya.com\/magazine\/#organization"},"potentialAction":[{"@type":"SearchAction","target":{"@type":"EntryPoint","urlTemplate":"https:\/\/foodtruckya.com\/magazine\/?s={search_term_string}"},"query-input":{"@type":"PropertyValueSpecification","valueRequired":true,"valueName":"search_term_string"}}],"inLanguage":"es"},{"@type":"Organization","@id":"https:\/\/foodtruckya.com\/magazine\/#organization","name":"Foodtruckya","url":"https:\/\/foodtruckya.com\/magazine\/","logo":{"@type":"ImageObject","inLanguage":"es","@id":"https:\/\/foodtruckya.com\/magazine\/#\/schema\/logo\/image\/","url":"https:\/\/foodtruckya.com\/magazine\/wp-content\/uploads\/2023\/05\/logo.png","contentUrl":"https:\/\/foodtruckya.com\/magazine\/wp-content\/uploads\/2023\/05\/logo.png","width":500,"height":133,"caption":"Foodtruckya"},"image":{"@id":"https:\/\/foodtruckya.com\/magazine\/#\/schema\/logo\/image\/"},"sameAs":["https:\/\/www.facebook.com\/Foodtruckya\/","https:\/\/x.com\/Foodtruckya","https:\/\/www.instagram.com\/foodtruckya_oficial\/"]},{"@type":"Person","@id":"https:\/\/foodtruckya.com\/magazine\/#\/schema\/person\/c63463dfe4a6cb311fe8efe83b961b7a","name":"Aitor Apraiz","url":"https:\/\/foodtruckya.com\/magazine\/author\/aitor\/"}]}},"_links":{"self":[{"href":"https:\/\/foodtruckya.com\/magazine\/wp-json\/wp\/v2\/posts\/13037"}],"collection":[{"href":"https:\/\/foodtruckya.com\/magazine\/wp-json\/wp\/v2\/posts"}],"about":[{"href":"https:\/\/foodtruckya.com\/magazine\/wp-json\/wp\/v2\/types\/post"}],"author":[{"embeddable":true,"href":"https:\/\/foodtruckya.com\/magazine\/wp-json\/wp\/v2\/users\/7"}],"replies":[{"embeddable":true,"href":"https:\/\/foodtruckya.com\/magazine\/wp-json\/wp\/v2\/comments?post=13037"}],"version-history":[{"count":3,"href":"https:\/\/foodtruckya.com\/magazine\/wp-json\/wp\/v2\/posts\/13037\/revisions"}],"predecessor-version":[{"id":13147,"href":"https:\/\/foodtruckya.com\/magazine\/wp-json\/wp\/v2\/posts\/13037\/revisions\/13147"}],"wp:featuredmedia":[{"embeddable":true,"href":"https:\/\/foodtruckya.com\/magazine\/wp-json\/wp\/v2\/media\/13139"}],"wp:attachment":[{"href":"https:\/\/foodtruckya.com\/magazine\/wp-json\/wp\/v2\/media?parent=13037"}],"wp:term":[{"taxonomy":"category","embeddable":true,"href":"https:\/\/foodtruckya.com\/magazine\/wp-json\/wp\/v2\/categories?post=13037"},{"taxonomy":"post_tag","embeddable":true,"href":"https:\/\/foodtruckya.com\/magazine\/wp-json\/wp\/v2\/tags?post=13037"},{"taxonomy":"powerkit_post_featured","embeddable":true,"href":"https:\/\/foodtruckya.com\/magazine\/wp-json\/wp\/v2\/powerkit_post_featured?post=13037"}],"curies":[{"name":"wp","href":"https:\/\/api.w.org\/{rel}","templated":true}]}}