{"id":13499,"date":"2025-12-10T13:21:50","date_gmt":"2025-12-10T12:21:50","guid":{"rendered":"https:\/\/foodtruckya.com\/magazine\/?p=13499"},"modified":"2025-12-10T17:25:32","modified_gmt":"2025-12-10T16:25:32","slug":"bajagourmet-food-truck","status":"publish","type":"post","link":"https:\/\/foodtruckya.com\/magazine\/entrevistas-food-trucks\/bajagourmet-food-truck\/","title":{"rendered":"Bajagourmet Food Truck"},"content":{"rendered":"\n<h1 id=\"entrevista-emprendedores-food-trucks-en-mexico\" class=\"wp-block-heading has-medium-font-size\">Entrevista emprendedores food trucks en M\u00e9xico<\/h1>\n\n\n\n<p>Charlamos con Adan emprendedor del street food y responsable del food truck <strong><em><a href=\"https:\/\/foodtruckya.com\/mx\/catering\/bajagourmet\" target=\"_blank\" rel=\"noreferrer noopener\">Bajagourmet<\/a><\/em><\/strong><\/p>\n\n\n<div class=\"wp-block-image\">\n<figure class=\"aligncenter size-full\"><img  loading=\"lazy\"  decoding=\"async\"  width=\"640\"  height=\"640\"  src=\"data:image\/png;base64,iVBORw0KGgoAAAANSUhEUgAAAoAAAAKAAQMAAAA2A1tgAAAAA1BMVEUAAP+KeNJXAAAAAXRSTlMAQObYZgAAAAlwSFlzAAAOxAAADsQBlSsOGwAAAEhJREFUeNrtwQEBAAAAgiD\/r25IQAEAAAAAAAAAAAAAAAAAAAAAAAAAAAAAAAAAAAAAAAAAAAAAAAAAAAAAAAAAAAAAAAAAfBnKgAABYDzLiAAAAABJRU5ErkJggg==\"  alt=\"Adan Zapata Baja Gourmet food truck\"  class=\"wp-image-13501 pk-lazyload\"  data-pk-sizes=\"auto\"  data-ls-sizes=\"(max-width: 640px) 100vw, 640px\"  data-pk-src=\"https:\/\/foodtruckya.com\/magazine\/wp-content\/uploads\/2025\/12\/baja-gourmet-food-truck-10.jpg\"  data-pk-srcset=\"https:\/\/foodtruckya.com\/magazine\/wp-content\/uploads\/2025\/12\/baja-gourmet-food-truck-10.jpg 640w, https:\/\/foodtruckya.com\/magazine\/wp-content\/uploads\/2025\/12\/baja-gourmet-food-truck-10-80x80.jpg 80w, https:\/\/foodtruckya.com\/magazine\/wp-content\/uploads\/2025\/12\/baja-gourmet-food-truck-10-120x120.jpg 120w, https:\/\/foodtruckya.com\/magazine\/wp-content\/uploads\/2025\/12\/baja-gourmet-food-truck-10-90x90.jpg 90w, https:\/\/foodtruckya.com\/magazine\/wp-content\/uploads\/2025\/12\/baja-gourmet-food-truck-10-320x320.jpg 320w, https:\/\/foodtruckya.com\/magazine\/wp-content\/uploads\/2025\/12\/baja-gourmet-food-truck-10-560x560.jpg 560w, https:\/\/foodtruckya.com\/magazine\/wp-content\/uploads\/2025\/12\/baja-gourmet-food-truck-10-160x160.jpg 160w, https:\/\/foodtruckya.com\/magazine\/wp-content\/uploads\/2025\/12\/baja-gourmet-food-truck-10-240x240.jpg 240w, https:\/\/foodtruckya.com\/magazine\/wp-content\/uploads\/2025\/12\/baja-gourmet-food-truck-10-180x180.jpg 180w\" ><\/figure><\/div>\n\n\n<p><strong>\u00bfC\u00f3mo os adentrasteis en el movimiento street food?<\/strong><\/p>\n\n\n\n<p>Debido a las ganas de emprender un negocio de comida.<\/p>\n\n\n\n<p><strong>\u00bfQu\u00e9 dificultades hab\u00e9is encontrado para sacar adelante vuestro proyecto de food truck?<\/strong><\/p>\n\n\n\n<p>Los permisos legales en un puerto tur\u00edstico como Acapulco; adem\u00e1s, los desastres naturales que nos afectaron, como el hurac\u00e1n Otis en 2023 y los sismos.<\/p>\n\n\n\n<figure class=\"wp-block-image size-full\"><img  loading=\"lazy\"  decoding=\"async\"  width=\"979\"  height=\"752\"  src=\"data:image\/png;base64,iVBORw0KGgoAAAANSUhEUgAAA9MAAALwAQMAAACujLQqAAAAA1BMVEUAAP+KeNJXAAAAAXRSTlMAQObYZgAAAAlwSFlzAAAOxAAADsQBlSsOGwAAAHFJREFUeNrtwTEBAAAAwqD1T20LL6AAAAAAAAAAAAAAAAAAAAAAAAAAAAAAAAAAAAAAAAAAAAAAAAAAAAAAAAAAAAAAAAAAAAAAAAAAAAAAAAAAAAAAAAAAAAAAAAAAAAAAAAAAAAAAAAAAAAAAAAB4GmxPAAGg\/ubFAAAAAElFTkSuQmCC\"  alt=\"Baja Gourmet food truck\"  class=\"wp-image-13508 pk-lazyload\"  data-pk-sizes=\"auto\"  data-ls-sizes=\"(max-width: 979px) 100vw, 979px\"  data-pk-src=\"https:\/\/foodtruckya.com\/magazine\/wp-content\/uploads\/2025\/12\/baja-gourmet-food-truck-8-1.jpg\"  data-pk-srcset=\"https:\/\/foodtruckya.com\/magazine\/wp-content\/uploads\/2025\/12\/baja-gourmet-food-truck-8-1.jpg 979w, https:\/\/foodtruckya.com\/magazine\/wp-content\/uploads\/2025\/12\/baja-gourmet-food-truck-8-1-800x615.jpg 800w, https:\/\/foodtruckya.com\/magazine\/wp-content\/uploads\/2025\/12\/baja-gourmet-food-truck-8-1-120x92.jpg 120w, https:\/\/foodtruckya.com\/magazine\/wp-content\/uploads\/2025\/12\/baja-gourmet-food-truck-8-1-90x68.jpg 90w, https:\/\/foodtruckya.com\/magazine\/wp-content\/uploads\/2025\/12\/baja-gourmet-food-truck-8-1-320x246.jpg 320w, https:\/\/foodtruckya.com\/magazine\/wp-content\/uploads\/2025\/12\/baja-gourmet-food-truck-8-1-560x430.jpg 560w, https:\/\/foodtruckya.com\/magazine\/wp-content\/uploads\/2025\/12\/baja-gourmet-food-truck-8-1-240x184.jpg 240w, https:\/\/foodtruckya.com\/magazine\/wp-content\/uploads\/2025\/12\/baja-gourmet-food-truck-8-1-180x138.jpg 180w, https:\/\/foodtruckya.com\/magazine\/wp-content\/uploads\/2025\/12\/baja-gourmet-food-truck-8-1-640x492.jpg 640w\" ><\/figure>\n\n\n\n<p><strong>\u00bfQu\u00e9 mejorar\u00edais de la normativa para food trucks?<\/strong><\/p>\n\n\n\n<p>Que el gobierno sea m\u00e1s accesible y entienda que se trata de micro y mini negocios que generan fuentes de empleo y autoempleo.<\/p>\n\n\n\n<p><strong>\u00bfDe d\u00f3nde viene el nombre de vuestro food truck?<\/strong><\/p>\n\n\n\n<p>Viene de la zona del estado del norte del pa\u00eds, M\u00e9xico: el estado se llama Baja California. Hemos vivido y visitado esos lugares y nos enamor\u00f3. Y \u201cGourmet\u201d porque manejamos ingredientes de primera: camar\u00f3n fresco, pescado fresco, arrachera, etc.<\/p>\n\n\n\n<figure class=\"wp-block-image size-large\"><img  loading=\"lazy\"  decoding=\"async\"  width=\"1160\"  height=\"773\"  src=\"data:image\/png;base64,iVBORw0KGgoAAAANSUhEUgAABIgAAAMFAQMAAAAla18IAAAAA1BMVEUAAP+KeNJXAAAAAXRSTlMAQObYZgAAAAlwSFlzAAAOxAAADsQBlSsOGwAAAIRJREFUeNrtwTEBAAAAwqD1T20LL6AAAAAAAAAAAAAAAAAAAAAAAAAAAAAAAAAAAAAAAAAAAAAAAAAAAAAAAAAAAAAAAAAAAAAAAAAAAAAAAAAAAAAAAAAAAAAAAAAAAAAAAAAAAAAAAAAAAAAAAAAAAAAAAAAAAAAAAAAAAAAAAAAA+Bq46QABBcE5SgAAAABJRU5ErkJggg==\"  alt=\"Baja Gourmet food truck \"  class=\"wp-image-13505 pk-lazyload\"  data-pk-sizes=\"auto\"  data-ls-sizes=\"(max-width: 1160px) 100vw, 1160px\"  data-pk-src=\"https:\/\/foodtruckya.com\/magazine\/wp-content\/uploads\/2025\/12\/baja-gourmet-food-truck-11-1160x773.jpg\"  data-pk-srcset=\"https:\/\/foodtruckya.com\/magazine\/wp-content\/uploads\/2025\/12\/baja-gourmet-food-truck-11-1160x773.jpg 1160w, https:\/\/foodtruckya.com\/magazine\/wp-content\/uploads\/2025\/12\/baja-gourmet-food-truck-11-800x533.jpg 800w, https:\/\/foodtruckya.com\/magazine\/wp-content\/uploads\/2025\/12\/baja-gourmet-food-truck-11-1536x1024.jpg 1536w, https:\/\/foodtruckya.com\/magazine\/wp-content\/uploads\/2025\/12\/baja-gourmet-food-truck-11-120x80.jpg 120w, https:\/\/foodtruckya.com\/magazine\/wp-content\/uploads\/2025\/12\/baja-gourmet-food-truck-11-90x60.jpg 90w, https:\/\/foodtruckya.com\/magazine\/wp-content\/uploads\/2025\/12\/baja-gourmet-food-truck-11-320x213.jpg 320w, https:\/\/foodtruckya.com\/magazine\/wp-content\/uploads\/2025\/12\/baja-gourmet-food-truck-11-560x373.jpg 560w, https:\/\/foodtruckya.com\/magazine\/wp-content\/uploads\/2025\/12\/baja-gourmet-food-truck-11-1920x1280.jpg 1920w, https:\/\/foodtruckya.com\/magazine\/wp-content\/uploads\/2025\/12\/baja-gourmet-food-truck-11-240x160.jpg 240w, https:\/\/foodtruckya.com\/magazine\/wp-content\/uploads\/2025\/12\/baja-gourmet-food-truck-11-180x120.jpg 180w, https:\/\/foodtruckya.com\/magazine\/wp-content\/uploads\/2025\/12\/baja-gourmet-food-truck-11-640x427.jpg 640w, https:\/\/foodtruckya.com\/magazine\/wp-content\/uploads\/2025\/12\/baja-gourmet-food-truck-11-1120x746.jpg 1120w, https:\/\/foodtruckya.com\/magazine\/wp-content\/uploads\/2025\/12\/baja-gourmet-food-truck-11-1600x1066.jpg 1600w, https:\/\/foodtruckya.com\/magazine\/wp-content\/uploads\/2025\/12\/baja-gourmet-food-truck-11.jpg 2048w\" ><\/figure>\n\n\n\n<p><strong>\u00bfCu\u00e1l es vuestro plato estrella?<\/strong><\/p>\n\n\n\n<p>Los Tacos Baja de pescado y camar\u00f3n, a los cuales pusimos en el radar culinario de Acapulco. Incluso cadenas grandes de restaurantes los incluyen en sus men\u00fas y los llaman como nosotros los bautizamos  bautizamos \u201cTacos Baja\u201d.<\/p>\n\n\n\n<figure class=\"wp-block-image size-full\"><img  loading=\"lazy\"  decoding=\"async\"  width=\"1138\"  height=\"563\"  src=\"data:image\/png;base64,iVBORw0KGgoAAAANSUhEUgAABHIAAAIzAQMAAABWUaxcAAAAA1BMVEUAAP+KeNJXAAAAAXRSTlMAQObYZgAAAAlwSFlzAAAOxAAADsQBlSsOGwAAAGVJREFUeNrtwTEBAAAAwqD1T20Hb6AAAAAAAAAAAAAAAAAAAAAAAAAAAAAAAAAAAAAAAAAAAAAAAAAAAAAAAAAAAAAAAAAAAAAAAAAAAAAAAAAAAAAAAAAAAAAAAAAAAAAAAADgNzy\/AAFgxMBwAAAAAElFTkSuQmCC\"  alt=\"Baja Gourmet food truck tacos baja\"  class=\"wp-image-13509 pk-lazyload\"  data-pk-sizes=\"auto\"  data-ls-sizes=\"(max-width: 1138px) 100vw, 1138px\"  data-pk-src=\"https:\/\/foodtruckya.com\/magazine\/wp-content\/uploads\/2025\/12\/tacos-baja-gourmet-food-truck.jpg\"  data-pk-srcset=\"https:\/\/foodtruckya.com\/magazine\/wp-content\/uploads\/2025\/12\/tacos-baja-gourmet-food-truck.jpg 1138w, https:\/\/foodtruckya.com\/magazine\/wp-content\/uploads\/2025\/12\/tacos-baja-gourmet-food-truck-800x396.jpg 800w, https:\/\/foodtruckya.com\/magazine\/wp-content\/uploads\/2025\/12\/tacos-baja-gourmet-food-truck-120x59.jpg 120w, https:\/\/foodtruckya.com\/magazine\/wp-content\/uploads\/2025\/12\/tacos-baja-gourmet-food-truck-90x45.jpg 90w, https:\/\/foodtruckya.com\/magazine\/wp-content\/uploads\/2025\/12\/tacos-baja-gourmet-food-truck-320x158.jpg 320w, https:\/\/foodtruckya.com\/magazine\/wp-content\/uploads\/2025\/12\/tacos-baja-gourmet-food-truck-560x277.jpg 560w, https:\/\/foodtruckya.com\/magazine\/wp-content\/uploads\/2025\/12\/tacos-baja-gourmet-food-truck-240x119.jpg 240w, https:\/\/foodtruckya.com\/magazine\/wp-content\/uploads\/2025\/12\/tacos-baja-gourmet-food-truck-180x89.jpg 180w, https:\/\/foodtruckya.com\/magazine\/wp-content\/uploads\/2025\/12\/tacos-baja-gourmet-food-truck-640x317.jpg 640w, https:\/\/foodtruckya.com\/magazine\/wp-content\/uploads\/2025\/12\/tacos-baja-gourmet-food-truck-1120x554.jpg 1120w\" ><\/figure>\n\n\n\n<p><strong>\u00bfQu\u00e9 os hace un food truck \u00fanico? \u00bfPor qu\u00e9 deben visitaros?<\/strong><\/p>\n\n\n\n<p>Nos hace \u00fanicos, en primer lugar, la relaci\u00f3n con los clientes, a quienes tratamos como amigos. Nos visitan, y nos esmeramos en prepararles al momento sus tacos Baja, sus tacos Gober, sus tostadas y sus burritos.<\/p>\n\n\n\n<p><strong>\u00bfAlguna an\u00e9cdota en alg\u00fan evento o en vuestro d\u00eda a d\u00eda que quer\u00e1is compartir?<\/strong><\/p>\n\n\n\n<p>Cocinamos en un concierto que ofreci\u00f3 por aqu\u00ed la banda de rock Divisi\u00f3n Min\u00fascula. Tambi\u00e9n nos han visitado artistas y pol\u00edticos locales. Cocinamos en el concierto Corona Sunsets. Pero la an\u00e9cdota m\u00e1s especial es que siempre nos da gusto atender, cocinar y que las personas se lleven un buen sabor de boca.<\/p>\n\n\n\n<figure class=\"wp-block-image size-full\"><img  loading=\"lazy\"  decoding=\"async\"  width=\"960\"  height=\"640\"  src=\"data:image\/png;base64,iVBORw0KGgoAAAANSUhEUgAAA8AAAAKAAQMAAABpN4MAAAAAA1BMVEUAAP+KeNJXAAAAAXRSTlMAQObYZgAAAAlwSFlzAAAOxAAADsQBlSsOGwAAAGJJREFUeNrtwYEAAAAAw6D5U1\/hAFUBAAAAAAAAAAAAAAAAAAAAAAAAAAAAAAAAAAAAAAAAAAAAAAAAAAAAAAAAAAAAAAAAAAAAAAAAAAAAAAAAAAAAAAAAAAAAAAAAAAB8Bi6PAAFZCyetAAAAAElFTkSuQmCC\"  alt=\"Baja Gourmet food truck evento\"  class=\"wp-image-13510 pk-lazyload\"  data-pk-sizes=\"auto\"  data-ls-sizes=\"(max-width: 960px) 100vw, 960px\"  data-pk-src=\"https:\/\/foodtruckya.com\/magazine\/wp-content\/uploads\/2025\/12\/baja-gourmet-food-truck-14.jpg\"  data-pk-srcset=\"https:\/\/foodtruckya.com\/magazine\/wp-content\/uploads\/2025\/12\/baja-gourmet-food-truck-14.jpg 960w, https:\/\/foodtruckya.com\/magazine\/wp-content\/uploads\/2025\/12\/baja-gourmet-food-truck-14-800x533.jpg 800w, https:\/\/foodtruckya.com\/magazine\/wp-content\/uploads\/2025\/12\/baja-gourmet-food-truck-14-120x80.jpg 120w, https:\/\/foodtruckya.com\/magazine\/wp-content\/uploads\/2025\/12\/baja-gourmet-food-truck-14-90x60.jpg 90w, https:\/\/foodtruckya.com\/magazine\/wp-content\/uploads\/2025\/12\/baja-gourmet-food-truck-14-320x213.jpg 320w, https:\/\/foodtruckya.com\/magazine\/wp-content\/uploads\/2025\/12\/baja-gourmet-food-truck-14-560x373.jpg 560w, https:\/\/foodtruckya.com\/magazine\/wp-content\/uploads\/2025\/12\/baja-gourmet-food-truck-14-240x160.jpg 240w, https:\/\/foodtruckya.com\/magazine\/wp-content\/uploads\/2025\/12\/baja-gourmet-food-truck-14-180x120.jpg 180w, https:\/\/foodtruckya.com\/magazine\/wp-content\/uploads\/2025\/12\/baja-gourmet-food-truck-14-640x427.jpg 640w\" ><\/figure>\n\n\n\n<hr class=\"wp-block-separator has-alpha-channel-opacity\"\/>\n\n\n\n<p>Puedes ver la ficha <strong>Bajagourmet Food Truck<\/strong>\u00a0en\u00a0<strong>Foodtruckya M\u00e9xico<\/strong>, y contactarles para tu pr\u00f3ximo evento\u00a0<strong><em><a href=\"https:\/\/foodtruckya.com\/mx\/catering\/bajagourmet\" target=\"_blank\" rel=\"noreferrer noopener\">aqu\u00ed<\/a><\/em><\/strong><\/p>\n","protected":false},"excerpt":{"rendered":"<p>Entrevista emprendedores food trucks en M\u00e9xico Charlamos con Adan emprendedor del street food y responsable del food truck Bajagourmet \u00bfC\u00f3mo os adentrasteis en el movimiento street food? Debido a las&hellip;<\/p>\n","protected":false},"author":7,"featured_media":13501,"comment_status":"closed","ping_status":"closed","sticky":false,"template":"","format":"standard","meta":{"footnotes":""},"categories":[41,1145],"tags":[],"powerkit_post_featured":[3,6],"yoast_head":"<!-- This site is optimized with the Yoast SEO plugin v24.2 - https:\/\/yoast.com\/wordpress\/plugins\/seo\/ -->\n<title>Bajagourmet Food Truck &#8212; Street Food Magazine<\/title>\n<meta name=\"description\" content=\"Entrevista emprendedores food trucks en M\u00e9xico. Charlamos con Adan emprendedor del street food y responsable del food truck Bajagourmet\" \/>\n<meta name=\"robots\" content=\"index, follow, max-snippet:-1, max-image-preview:large, max-video-preview:-1\" \/>\n<link rel=\"canonical\" href=\"https:\/\/foodtruckya.com\/magazine\/entrevistas-food-trucks\/bajagourmet-food-truck\/\" \/>\n<meta property=\"og:locale\" content=\"es_ES\" \/>\n<meta property=\"og:type\" content=\"article\" \/>\n<meta property=\"og:title\" content=\"Bajagourmet Food Truck &#8212; Street Food Magazine\" \/>\n<meta property=\"og:description\" content=\"Entrevista emprendedores food trucks en M\u00e9xico. Charlamos con Adan emprendedor del street food y responsable del food truck Bajagourmet\" \/>\n<meta property=\"og:url\" content=\"https:\/\/foodtruckya.com\/magazine\/entrevistas-food-trucks\/bajagourmet-food-truck\/\" \/>\n<meta property=\"og:site_name\" content=\"Street Food Magazine\" \/>\n<meta property=\"article:publisher\" content=\"https:\/\/www.facebook.com\/Foodtruckya\/\" \/>\n<meta property=\"article:published_time\" content=\"2025-12-10T12:21:50+00:00\" \/>\n<meta property=\"article:modified_time\" content=\"2025-12-10T16:25:32+00:00\" \/>\n<meta property=\"og:image\" content=\"https:\/\/foodtruckya.com\/magazine\/wp-content\/uploads\/2025\/12\/baja-gourmet-food-truck-10.jpg\" \/>\n\t<meta property=\"og:image:width\" content=\"640\" \/>\n\t<meta property=\"og:image:height\" content=\"640\" \/>\n\t<meta property=\"og:image:type\" content=\"image\/jpeg\" \/>\n<meta name=\"author\" content=\"Aitor Apraiz\" \/>\n<meta name=\"twitter:card\" content=\"summary_large_image\" \/>\n<meta name=\"twitter:creator\" content=\"@Foodtruckya\" \/>\n<meta name=\"twitter:site\" content=\"@Foodtruckya\" \/>\n<meta name=\"twitter:label1\" content=\"Escrito por\" \/>\n\t<meta name=\"twitter:data1\" content=\"Aitor Apraiz\" \/>\n\t<meta name=\"twitter:label2\" content=\"Tiempo de lectura\" \/>\n\t<meta name=\"twitter:data2\" content=\"3 minutos\" \/>\n<script type=\"application\/ld+json\" class=\"yoast-schema-graph\">{\"@context\":\"https:\/\/schema.org\",\"@graph\":[{\"@type\":\"Article\",\"@id\":\"https:\/\/foodtruckya.com\/magazine\/entrevistas-food-trucks\/bajagourmet-food-truck\/#article\",\"isPartOf\":{\"@id\":\"https:\/\/foodtruckya.com\/magazine\/entrevistas-food-trucks\/bajagourmet-food-truck\/\"},\"author\":{\"name\":\"Aitor Apraiz\",\"@id\":\"https:\/\/foodtruckya.com\/magazine\/#\/schema\/person\/c63463dfe4a6cb311fe8efe83b961b7a\"},\"headline\":\"Bajagourmet Food Truck\",\"datePublished\":\"2025-12-10T12:21:50+00:00\",\"dateModified\":\"2025-12-10T16:25:32+00:00\",\"mainEntityOfPage\":{\"@id\":\"https:\/\/foodtruckya.com\/magazine\/entrevistas-food-trucks\/bajagourmet-food-truck\/\"},\"wordCount\":356,\"publisher\":{\"@id\":\"https:\/\/foodtruckya.com\/magazine\/#organization\"},\"image\":{\"@id\":\"https:\/\/foodtruckya.com\/magazine\/entrevistas-food-trucks\/bajagourmet-food-truck\/#primaryimage\"},\"thumbnailUrl\":\"https:\/\/foodtruckya.com\/magazine\/wp-content\/uploads\/2025\/12\/baja-gourmet-food-truck-10.jpg\",\"articleSection\":[\"Entrevistas\",\"Entrevistas M\u00e9xico\"],\"inLanguage\":\"es\"},{\"@type\":\"WebPage\",\"@id\":\"https:\/\/foodtruckya.com\/magazine\/entrevistas-food-trucks\/bajagourmet-food-truck\/\",\"url\":\"https:\/\/foodtruckya.com\/magazine\/entrevistas-food-trucks\/bajagourmet-food-truck\/\",\"name\":\"Bajagourmet Food Truck &#8212; Street Food Magazine\",\"isPartOf\":{\"@id\":\"https:\/\/foodtruckya.com\/magazine\/#website\"},\"primaryImageOfPage\":{\"@id\":\"https:\/\/foodtruckya.com\/magazine\/entrevistas-food-trucks\/bajagourmet-food-truck\/#primaryimage\"},\"image\":{\"@id\":\"https:\/\/foodtruckya.com\/magazine\/entrevistas-food-trucks\/bajagourmet-food-truck\/#primaryimage\"},\"thumbnailUrl\":\"https:\/\/foodtruckya.com\/magazine\/wp-content\/uploads\/2025\/12\/baja-gourmet-food-truck-10.jpg\",\"datePublished\":\"2025-12-10T12:21:50+00:00\",\"dateModified\":\"2025-12-10T16:25:32+00:00\",\"description\":\"Entrevista emprendedores food trucks en M\u00e9xico. Charlamos con Adan emprendedor del street food y responsable del food truck Bajagourmet\",\"breadcrumb\":{\"@id\":\"https:\/\/foodtruckya.com\/magazine\/entrevistas-food-trucks\/bajagourmet-food-truck\/#breadcrumb\"},\"inLanguage\":\"es\",\"potentialAction\":[{\"@type\":\"ReadAction\",\"target\":[\"https:\/\/foodtruckya.com\/magazine\/entrevistas-food-trucks\/bajagourmet-food-truck\/\"]}]},{\"@type\":\"ImageObject\",\"inLanguage\":\"es\",\"@id\":\"https:\/\/foodtruckya.com\/magazine\/entrevistas-food-trucks\/bajagourmet-food-truck\/#primaryimage\",\"url\":\"https:\/\/foodtruckya.com\/magazine\/wp-content\/uploads\/2025\/12\/baja-gourmet-food-truck-10.jpg\",\"contentUrl\":\"https:\/\/foodtruckya.com\/magazine\/wp-content\/uploads\/2025\/12\/baja-gourmet-food-truck-10.jpg\",\"width\":640,\"height\":640,\"caption\":\"baja gourmet food truck\"},{\"@type\":\"BreadcrumbList\",\"@id\":\"https:\/\/foodtruckya.com\/magazine\/entrevistas-food-trucks\/bajagourmet-food-truck\/#breadcrumb\",\"itemListElement\":[{\"@type\":\"ListItem\",\"position\":1,\"name\":\"Portada\",\"item\":\"https:\/\/foodtruckya.com\/magazine\/\"},{\"@type\":\"ListItem\",\"position\":2,\"name\":\"Bajagourmet Food Truck\"}]},{\"@type\":\"WebSite\",\"@id\":\"https:\/\/foodtruckya.com\/magazine\/#website\",\"url\":\"https:\/\/foodtruckya.com\/magazine\/\",\"name\":\"Street Food Magazine\",\"description\":\"Informaci\u00f3n sobre food trucks by Foodtruckya\",\"publisher\":{\"@id\":\"https:\/\/foodtruckya.com\/magazine\/#organization\"},\"potentialAction\":[{\"@type\":\"SearchAction\",\"target\":{\"@type\":\"EntryPoint\",\"urlTemplate\":\"https:\/\/foodtruckya.com\/magazine\/?s={search_term_string}\"},\"query-input\":{\"@type\":\"PropertyValueSpecification\",\"valueRequired\":true,\"valueName\":\"search_term_string\"}}],\"inLanguage\":\"es\"},{\"@type\":\"Organization\",\"@id\":\"https:\/\/foodtruckya.com\/magazine\/#organization\",\"name\":\"Foodtruckya\",\"url\":\"https:\/\/foodtruckya.com\/magazine\/\",\"logo\":{\"@type\":\"ImageObject\",\"inLanguage\":\"es\",\"@id\":\"https:\/\/foodtruckya.com\/magazine\/#\/schema\/logo\/image\/\",\"url\":\"https:\/\/foodtruckya.com\/magazine\/wp-content\/uploads\/2023\/05\/logo.png\",\"contentUrl\":\"https:\/\/foodtruckya.com\/magazine\/wp-content\/uploads\/2023\/05\/logo.png\",\"width\":500,\"height\":133,\"caption\":\"Foodtruckya\"},\"image\":{\"@id\":\"https:\/\/foodtruckya.com\/magazine\/#\/schema\/logo\/image\/\"},\"sameAs\":[\"https:\/\/www.facebook.com\/Foodtruckya\/\",\"https:\/\/x.com\/Foodtruckya\",\"https:\/\/www.instagram.com\/foodtruckya_oficial\/\"]},{\"@type\":\"Person\",\"@id\":\"https:\/\/foodtruckya.com\/magazine\/#\/schema\/person\/c63463dfe4a6cb311fe8efe83b961b7a\",\"name\":\"Aitor Apraiz\",\"url\":\"https:\/\/foodtruckya.com\/magazine\/author\/aitor\/\"}]}<\/script>\n<!-- \/ Yoast SEO plugin. -->","yoast_head_json":{"title":"Bajagourmet Food Truck &#8212; Street Food Magazine","description":"Entrevista emprendedores food trucks en M\u00e9xico. Charlamos con Adan emprendedor del street food y responsable del food truck Bajagourmet","robots":{"index":"index","follow":"follow","max-snippet":"max-snippet:-1","max-image-preview":"max-image-preview:large","max-video-preview":"max-video-preview:-1"},"canonical":"https:\/\/foodtruckya.com\/magazine\/entrevistas-food-trucks\/bajagourmet-food-truck\/","og_locale":"es_ES","og_type":"article","og_title":"Bajagourmet Food Truck &#8212; Street Food Magazine","og_description":"Entrevista emprendedores food trucks en M\u00e9xico. Charlamos con Adan emprendedor del street food y responsable del food truck Bajagourmet","og_url":"https:\/\/foodtruckya.com\/magazine\/entrevistas-food-trucks\/bajagourmet-food-truck\/","og_site_name":"Street Food Magazine","article_publisher":"https:\/\/www.facebook.com\/Foodtruckya\/","article_published_time":"2025-12-10T12:21:50+00:00","article_modified_time":"2025-12-10T16:25:32+00:00","og_image":[{"width":640,"height":640,"url":"https:\/\/foodtruckya.com\/magazine\/wp-content\/uploads\/2025\/12\/baja-gourmet-food-truck-10.jpg","type":"image\/jpeg"}],"author":"Aitor Apraiz","twitter_card":"summary_large_image","twitter_creator":"@Foodtruckya","twitter_site":"@Foodtruckya","twitter_misc":{"Escrito por":"Aitor Apraiz","Tiempo de lectura":"3 minutos"},"schema":{"@context":"https:\/\/schema.org","@graph":[{"@type":"Article","@id":"https:\/\/foodtruckya.com\/magazine\/entrevistas-food-trucks\/bajagourmet-food-truck\/#article","isPartOf":{"@id":"https:\/\/foodtruckya.com\/magazine\/entrevistas-food-trucks\/bajagourmet-food-truck\/"},"author":{"name":"Aitor Apraiz","@id":"https:\/\/foodtruckya.com\/magazine\/#\/schema\/person\/c63463dfe4a6cb311fe8efe83b961b7a"},"headline":"Bajagourmet Food Truck","datePublished":"2025-12-10T12:21:50+00:00","dateModified":"2025-12-10T16:25:32+00:00","mainEntityOfPage":{"@id":"https:\/\/foodtruckya.com\/magazine\/entrevistas-food-trucks\/bajagourmet-food-truck\/"},"wordCount":356,"publisher":{"@id":"https:\/\/foodtruckya.com\/magazine\/#organization"},"image":{"@id":"https:\/\/foodtruckya.com\/magazine\/entrevistas-food-trucks\/bajagourmet-food-truck\/#primaryimage"},"thumbnailUrl":"https:\/\/foodtruckya.com\/magazine\/wp-content\/uploads\/2025\/12\/baja-gourmet-food-truck-10.jpg","articleSection":["Entrevistas","Entrevistas M\u00e9xico"],"inLanguage":"es"},{"@type":"WebPage","@id":"https:\/\/foodtruckya.com\/magazine\/entrevistas-food-trucks\/bajagourmet-food-truck\/","url":"https:\/\/foodtruckya.com\/magazine\/entrevistas-food-trucks\/bajagourmet-food-truck\/","name":"Bajagourmet Food Truck &#8212; Street Food Magazine","isPartOf":{"@id":"https:\/\/foodtruckya.com\/magazine\/#website"},"primaryImageOfPage":{"@id":"https:\/\/foodtruckya.com\/magazine\/entrevistas-food-trucks\/bajagourmet-food-truck\/#primaryimage"},"image":{"@id":"https:\/\/foodtruckya.com\/magazine\/entrevistas-food-trucks\/bajagourmet-food-truck\/#primaryimage"},"thumbnailUrl":"https:\/\/foodtruckya.com\/magazine\/wp-content\/uploads\/2025\/12\/baja-gourmet-food-truck-10.jpg","datePublished":"2025-12-10T12:21:50+00:00","dateModified":"2025-12-10T16:25:32+00:00","description":"Entrevista emprendedores food trucks en M\u00e9xico. Charlamos con Adan emprendedor del street food y responsable del food truck Bajagourmet","breadcrumb":{"@id":"https:\/\/foodtruckya.com\/magazine\/entrevistas-food-trucks\/bajagourmet-food-truck\/#breadcrumb"},"inLanguage":"es","potentialAction":[{"@type":"ReadAction","target":["https:\/\/foodtruckya.com\/magazine\/entrevistas-food-trucks\/bajagourmet-food-truck\/"]}]},{"@type":"ImageObject","inLanguage":"es","@id":"https:\/\/foodtruckya.com\/magazine\/entrevistas-food-trucks\/bajagourmet-food-truck\/#primaryimage","url":"https:\/\/foodtruckya.com\/magazine\/wp-content\/uploads\/2025\/12\/baja-gourmet-food-truck-10.jpg","contentUrl":"https:\/\/foodtruckya.com\/magazine\/wp-content\/uploads\/2025\/12\/baja-gourmet-food-truck-10.jpg","width":640,"height":640,"caption":"baja gourmet food truck"},{"@type":"BreadcrumbList","@id":"https:\/\/foodtruckya.com\/magazine\/entrevistas-food-trucks\/bajagourmet-food-truck\/#breadcrumb","itemListElement":[{"@type":"ListItem","position":1,"name":"Portada","item":"https:\/\/foodtruckya.com\/magazine\/"},{"@type":"ListItem","position":2,"name":"Bajagourmet Food Truck"}]},{"@type":"WebSite","@id":"https:\/\/foodtruckya.com\/magazine\/#website","url":"https:\/\/foodtruckya.com\/magazine\/","name":"Street Food Magazine","description":"Informaci\u00f3n sobre food trucks by Foodtruckya","publisher":{"@id":"https:\/\/foodtruckya.com\/magazine\/#organization"},"potentialAction":[{"@type":"SearchAction","target":{"@type":"EntryPoint","urlTemplate":"https:\/\/foodtruckya.com\/magazine\/?s={search_term_string}"},"query-input":{"@type":"PropertyValueSpecification","valueRequired":true,"valueName":"search_term_string"}}],"inLanguage":"es"},{"@type":"Organization","@id":"https:\/\/foodtruckya.com\/magazine\/#organization","name":"Foodtruckya","url":"https:\/\/foodtruckya.com\/magazine\/","logo":{"@type":"ImageObject","inLanguage":"es","@id":"https:\/\/foodtruckya.com\/magazine\/#\/schema\/logo\/image\/","url":"https:\/\/foodtruckya.com\/magazine\/wp-content\/uploads\/2023\/05\/logo.png","contentUrl":"https:\/\/foodtruckya.com\/magazine\/wp-content\/uploads\/2023\/05\/logo.png","width":500,"height":133,"caption":"Foodtruckya"},"image":{"@id":"https:\/\/foodtruckya.com\/magazine\/#\/schema\/logo\/image\/"},"sameAs":["https:\/\/www.facebook.com\/Foodtruckya\/","https:\/\/x.com\/Foodtruckya","https:\/\/www.instagram.com\/foodtruckya_oficial\/"]},{"@type":"Person","@id":"https:\/\/foodtruckya.com\/magazine\/#\/schema\/person\/c63463dfe4a6cb311fe8efe83b961b7a","name":"Aitor Apraiz","url":"https:\/\/foodtruckya.com\/magazine\/author\/aitor\/"}]}},"_links":{"self":[{"href":"https:\/\/foodtruckya.com\/magazine\/wp-json\/wp\/v2\/posts\/13499"}],"collection":[{"href":"https:\/\/foodtruckya.com\/magazine\/wp-json\/wp\/v2\/posts"}],"about":[{"href":"https:\/\/foodtruckya.com\/magazine\/wp-json\/wp\/v2\/types\/post"}],"author":[{"embeddable":true,"href":"https:\/\/foodtruckya.com\/magazine\/wp-json\/wp\/v2\/users\/7"}],"replies":[{"embeddable":true,"href":"https:\/\/foodtruckya.com\/magazine\/wp-json\/wp\/v2\/comments?post=13499"}],"version-history":[{"count":6,"href":"https:\/\/foodtruckya.com\/magazine\/wp-json\/wp\/v2\/posts\/13499\/revisions"}],"predecessor-version":[{"id":13520,"href":"https:\/\/foodtruckya.com\/magazine\/wp-json\/wp\/v2\/posts\/13499\/revisions\/13520"}],"wp:featuredmedia":[{"embeddable":true,"href":"https:\/\/foodtruckya.com\/magazine\/wp-json\/wp\/v2\/media\/13501"}],"wp:attachment":[{"href":"https:\/\/foodtruckya.com\/magazine\/wp-json\/wp\/v2\/media?parent=13499"}],"wp:term":[{"taxonomy":"category","embeddable":true,"href":"https:\/\/foodtruckya.com\/magazine\/wp-json\/wp\/v2\/categories?post=13499"},{"taxonomy":"post_tag","embeddable":true,"href":"https:\/\/foodtruckya.com\/magazine\/wp-json\/wp\/v2\/tags?post=13499"},{"taxonomy":"powerkit_post_featured","embeddable":true,"href":"https:\/\/foodtruckya.com\/magazine\/wp-json\/wp\/v2\/powerkit_post_featured?post=13499"}],"curies":[{"name":"wp","href":"https:\/\/api.w.org\/{rel}","templated":true}]}}