{"id":13653,"date":"2026-01-07T08:57:38","date_gmt":"2026-01-07T07:57:38","guid":{"rendered":"https:\/\/foodtruckya.com\/magazine\/?p=13653"},"modified":"2026-01-07T08:57:39","modified_gmt":"2026-01-07T07:57:39","slug":"festitur-2026-food-trucks-en-nunoa","status":"publish","type":"post","link":"https:\/\/foodtruckya.com\/magazine\/eventos\/festitur-2026-food-trucks-en-nunoa\/","title":{"rendered":"FESTITUR 2026, food trucks en Nu\u00f1oa"},"content":{"rendered":"\n<h1 id=\"festitur-2026-refuerza-la-presencia-de-food-trucks-en-plaza-nunoa\" class=\"wp-block-heading has-medium-font-size\">FESTITUR 2026 refuerza la presencia de food trucks en Plaza \u00d1u\u00f1oa<\/h1>\n\n\n\n<p>Los d\u00edas <strong>10 y 11 de enero<\/strong>, la <strong>Plaza \u00d1u\u00f1oa<\/strong> ser\u00e1 el escenario de la segunda edici\u00f3n de <strong>FESTITUR 2026<\/strong>, una feria abierta y gratuita que reunir\u00e1 turismo, cultura y gastronom\u00eda, con una <strong>destacada participaci\u00f3n de food trucks y propuestas de gastronom\u00eda sobre ruedas<\/strong>.<\/p>\n\n\n\n<p>El evento se desarrolla bajo el lema <em>\u201cDisfruta el verano en la Regi\u00f3n Metropolitana\u201d<\/em> y es impulsado por la Municipalidad de \u00d1u\u00f1oa junto a <strong>SERNATUR Regi\u00f3n Metropolitana<\/strong>. La programaci\u00f3n comenzar\u00e1 a las <strong>12:00 horas<\/strong> y se extender\u00e1 durante ambas jornadas, con cierre el domingo 11 a las <strong>20:30 horas<\/strong>.<\/p>\n\n\n\n<p>FESTITUR 2026 contar\u00e1 con <strong>cerca de 80 stands<\/strong>, entre los que se incluyen <strong>food trucks<\/strong>, emprendimientos gastron\u00f3micos, artesan\u00eda, vi\u00f1as, servicios tur\u00edsticos y puntos de informaci\u00f3n. La presencia de <strong>food trucks en FESTITUR<\/strong> permitir\u00e1 a los asistentes acceder a una oferta variada de comida callejera, street food y cocina itinerante, consolidando este formato como parte relevante de los eventos tur\u00edsticos y culturales en Santiago y la Regi\u00f3n Metropolitana.<\/p>\n\n\n\n<p>El espacio est\u00e1 concebido como una feria familiar, de libre recorrido, donde los <strong>food trucks y veh\u00edculos gastron\u00f3micos<\/strong> comparten protagonismo con actividades culturales y m\u00fasica en vivo. Este tipo de eventos refuerza el rol de los <strong>food trucks en ferias, festivales y encuentros tur\u00edsticos<\/strong>, tanto como alternativa gastron\u00f3mica como elemento dinamizador del espacio p\u00fablico.<\/p>\n\n\n\n<p>El objetivo de FESTITUR 2026 es <strong>potenciar el turismo interno<\/strong>, fortalecer el Programa de Turismo Municipal de la Regi\u00f3n Metropolitana y acercar a la comunidad a la diversidad de destinos y experiencias disponibles en el pa\u00eds. La integraci\u00f3n de <strong>food trucks y foodtrucks locales<\/strong> responde a la creciente demanda de propuestas gastron\u00f3micas m\u00f3viles en eventos abiertos y de acceso gratuito.<\/p>\n\n\n\n<h3 id=\"datos-clave-de-festitur-2026\" class=\"wp-block-heading\">Datos clave de FESTITUR 2026<\/h3>\n\n\n\n<ul>\n<li><strong>Evento:<\/strong> FESTITUR 2026<\/li>\n\n\n\n<li><strong>Lugar:<\/strong> Plaza \u00d1u\u00f1oa<\/li>\n\n\n\n<li><strong>Fechas:<\/strong> 10 y 11 de enero<\/li>\n\n\n\n<li><strong>Horario:<\/strong> Desde las 12:00 h<\/li>\n\n\n\n<li><strong>Acceso:<\/strong> Entrada gratuita<\/li>\n\n\n\n<li><strong>Incluye:<\/strong> Food trucks, gastronom\u00eda sobre ruedas, stands tur\u00edsticos, emprendimientos y programaci\u00f3n art\u00edstica en vivo<\/li>\n<\/ul>\n\n\n\n<p>FESTITUR 2026 se posiciona as\u00ed como una cita relevante para el turismo local y para el sector de <strong>food trucks en Chile<\/strong>, integrando gastronom\u00eda m\u00f3vil, cultura y promoci\u00f3n territorial en un mismo espacio.<\/p>\n\n\n\n<p>M\u00e1s info <strong><em><a href=\"https:\/\/www.nunoa.cl\/este-10-y-11-de-enero-plaza-nunoa-recibe-la-segunda-version-de-festitur\/\" target=\"_blank\" rel=\"noreferrer noopener\">aqu\u00ed<\/a><\/em><\/strong><\/p>\n\n\n\n<hr class=\"wp-block-separator has-alpha-channel-opacity\"\/>\n\n\n\n<p>*<em>Recuerda que si est\u00e1s organizando un&nbsp;evento&nbsp;y quieres&nbsp;alquilar food trucks&nbsp;o&nbsp;contratar food trucks&nbsp;puedes utilizar nuestra Central de Reservas gratuita de<\/em><em><a href=\"https:\/\/foodtruckya.com\/\">&nbsp;Foodtruckya<\/a><\/em>&nbsp;<\/p>\n\n\n\n<div class=\"wp-block-buttons is-content-justification-center is-layout-flex wp-container-core-buttons-is-layout-1 wp-block-buttons-is-layout-flex\">\n<div class=\"wp-block-button\"><a class=\"wp-block-button__link wp-element-button\" href=\"https:\/\/foodtruckya.com\/\">visitar FOODTRUCKya<\/a><\/div>\n<\/div>\n\n\n\n<figure class=\"wp-block-image size-full\"><img  loading=\"lazy\"  decoding=\"async\"  width=\"807\"  height=\"820\"  src=\"data:image\/png;base64,iVBORw0KGgoAAAANSUhEUgAAAycAAAM0AQMAAACbJc\/fAAAAA1BMVEUAAP+KeNJXAAAAAXRSTlMAQObYZgAAAAlwSFlzAAAOxAAADsQBlSsOGwAAAGhJREFUeNrtwTEBAAAAwqD1T20Gf6AAAAAAAAAAAAAAAAAAAAAAAAAAAAAAAAAAAAAAAAAAAAAAAAAAAAAAAAAAAAAAAAAAAAAAAAAAAAAAAAAAAAAAAAAAAAAAAAAAAAAAAAAAAAA+A0bHAAFHoumsAAAAAElFTkSuQmCC\"  alt=\"\"  class=\"wp-image-13654 pk-lazyload\"  data-pk-sizes=\"auto\"  data-ls-sizes=\"(max-width: 807px) 100vw, 807px\"  data-pk-src=\"https:\/\/foodtruckya.com\/magazine\/wp-content\/uploads\/2026\/01\/festitur-food-trucks-nunoa.png\"  data-pk-srcset=\"https:\/\/foodtruckya.com\/magazine\/wp-content\/uploads\/2026\/01\/festitur-food-trucks-nunoa.png 807w, https:\/\/foodtruckya.com\/magazine\/wp-content\/uploads\/2026\/01\/festitur-food-trucks-nunoa-800x813.png 800w, https:\/\/foodtruckya.com\/magazine\/wp-content\/uploads\/2026\/01\/festitur-food-trucks-nunoa-80x80.png 80w, https:\/\/foodtruckya.com\/magazine\/wp-content\/uploads\/2026\/01\/festitur-food-trucks-nunoa-120x122.png 120w, https:\/\/foodtruckya.com\/magazine\/wp-content\/uploads\/2026\/01\/festitur-food-trucks-nunoa-90x90.png 90w, https:\/\/foodtruckya.com\/magazine\/wp-content\/uploads\/2026\/01\/festitur-food-trucks-nunoa-320x325.png 320w, https:\/\/foodtruckya.com\/magazine\/wp-content\/uploads\/2026\/01\/festitur-food-trucks-nunoa-560x569.png 560w, https:\/\/foodtruckya.com\/magazine\/wp-content\/uploads\/2026\/01\/festitur-food-trucks-nunoa-240x244.png 240w, https:\/\/foodtruckya.com\/magazine\/wp-content\/uploads\/2026\/01\/festitur-food-trucks-nunoa-180x183.png 180w, https:\/\/foodtruckya.com\/magazine\/wp-content\/uploads\/2026\/01\/festitur-food-trucks-nunoa-640x650.png 640w\" ><figcaption class=\"wp-element-caption\">foto by instagram munic<\/figcaption><\/figure>\n","protected":false},"excerpt":{"rendered":"<p>FESTITUR 2026 refuerza la presencia de food trucks en Plaza \u00d1u\u00f1oa Los d\u00edas 10 y 11 de enero, la Plaza \u00d1u\u00f1oa ser\u00e1 el escenario de la segunda edici\u00f3n de FESTITUR&hellip;<\/p>\n","protected":false},"author":7,"featured_media":13654,"comment_status":"closed","ping_status":"closed","sticky":false,"template":"","format":"standard","meta":{"footnotes":""},"categories":[1118],"tags":[],"powerkit_post_featured":[],"yoast_head":"<!-- This site is optimized with the Yoast SEO plugin v24.2 - https:\/\/yoast.com\/wordpress\/plugins\/seo\/ -->\n<title>FESTITUR 2026, food trucks en Nu\u00f1oa &#8212; Street Food Magazine<\/title>\n<meta name=\"description\" content=\"FESTITUR 2026 refuerza la presencia de food trucks en Plaza \u00d1u\u00f1oa. Los d\u00edas 10 y 11 de enero, en Plaza \u00d1u\u00f1oa segunda edici\u00f3n de FESTITUR 2026\" \/>\n<meta name=\"robots\" content=\"index, follow, max-snippet:-1, max-image-preview:large, max-video-preview:-1\" \/>\n<link rel=\"canonical\" href=\"https:\/\/foodtruckya.com\/magazine\/eventos\/festitur-2026-food-trucks-en-nunoa\/\" \/>\n<meta property=\"og:locale\" content=\"es_ES\" \/>\n<meta property=\"og:type\" content=\"article\" \/>\n<meta property=\"og:title\" content=\"FESTITUR 2026, food trucks en Nu\u00f1oa &#8212; Street Food Magazine\" \/>\n<meta property=\"og:description\" content=\"FESTITUR 2026 refuerza la presencia de food trucks en Plaza \u00d1u\u00f1oa. Los d\u00edas 10 y 11 de enero, en Plaza \u00d1u\u00f1oa segunda edici\u00f3n de FESTITUR 2026\" \/>\n<meta property=\"og:url\" content=\"https:\/\/foodtruckya.com\/magazine\/eventos\/festitur-2026-food-trucks-en-nunoa\/\" \/>\n<meta property=\"og:site_name\" content=\"Street Food Magazine\" \/>\n<meta property=\"article:publisher\" content=\"https:\/\/www.facebook.com\/Foodtruckya\/\" \/>\n<meta property=\"article:published_time\" content=\"2026-01-07T07:57:38+00:00\" \/>\n<meta property=\"article:modified_time\" content=\"2026-01-07T07:57:39+00:00\" \/>\n<meta property=\"og:image\" content=\"https:\/\/foodtruckya.com\/magazine\/wp-content\/uploads\/2026\/01\/festitur-food-trucks-nunoa.png\" \/>\n\t<meta property=\"og:image:width\" content=\"807\" \/>\n\t<meta property=\"og:image:height\" content=\"820\" \/>\n\t<meta property=\"og:image:type\" content=\"image\/png\" \/>\n<meta name=\"author\" content=\"Aitor Apraiz\" \/>\n<meta name=\"twitter:card\" content=\"summary_large_image\" \/>\n<meta name=\"twitter:creator\" content=\"@Foodtruckya\" \/>\n<meta name=\"twitter:site\" content=\"@Foodtruckya\" \/>\n<meta name=\"twitter:label1\" content=\"Escrito por\" \/>\n\t<meta name=\"twitter:data1\" content=\"Aitor Apraiz\" \/>\n\t<meta name=\"twitter:label2\" content=\"Tiempo de lectura\" \/>\n\t<meta name=\"twitter:data2\" content=\"3 minutos\" \/>\n<script type=\"application\/ld+json\" class=\"yoast-schema-graph\">{\"@context\":\"https:\/\/schema.org\",\"@graph\":[{\"@type\":\"Article\",\"@id\":\"https:\/\/foodtruckya.com\/magazine\/eventos\/festitur-2026-food-trucks-en-nunoa\/#article\",\"isPartOf\":{\"@id\":\"https:\/\/foodtruckya.com\/magazine\/eventos\/festitur-2026-food-trucks-en-nunoa\/\"},\"author\":{\"name\":\"Aitor Apraiz\",\"@id\":\"https:\/\/foodtruckya.com\/magazine\/#\/schema\/person\/c63463dfe4a6cb311fe8efe83b961b7a\"},\"headline\":\"FESTITUR 2026, food trucks en Nu\u00f1oa\",\"datePublished\":\"2026-01-07T07:57:38+00:00\",\"dateModified\":\"2026-01-07T07:57:39+00:00\",\"mainEntityOfPage\":{\"@id\":\"https:\/\/foodtruckya.com\/magazine\/eventos\/festitur-2026-food-trucks-en-nunoa\/\"},\"wordCount\":428,\"publisher\":{\"@id\":\"https:\/\/foodtruckya.com\/magazine\/#organization\"},\"image\":{\"@id\":\"https:\/\/foodtruckya.com\/magazine\/eventos\/festitur-2026-food-trucks-en-nunoa\/#primaryimage\"},\"thumbnailUrl\":\"https:\/\/foodtruckya.com\/magazine\/wp-content\/uploads\/2026\/01\/festitur-food-trucks-nunoa.png\",\"articleSection\":[\"Eventos\"],\"inLanguage\":\"es\"},{\"@type\":\"WebPage\",\"@id\":\"https:\/\/foodtruckya.com\/magazine\/eventos\/festitur-2026-food-trucks-en-nunoa\/\",\"url\":\"https:\/\/foodtruckya.com\/magazine\/eventos\/festitur-2026-food-trucks-en-nunoa\/\",\"name\":\"FESTITUR 2026, food trucks en Nu\u00f1oa &#8212; Street Food Magazine\",\"isPartOf\":{\"@id\":\"https:\/\/foodtruckya.com\/magazine\/#website\"},\"primaryImageOfPage\":{\"@id\":\"https:\/\/foodtruckya.com\/magazine\/eventos\/festitur-2026-food-trucks-en-nunoa\/#primaryimage\"},\"image\":{\"@id\":\"https:\/\/foodtruckya.com\/magazine\/eventos\/festitur-2026-food-trucks-en-nunoa\/#primaryimage\"},\"thumbnailUrl\":\"https:\/\/foodtruckya.com\/magazine\/wp-content\/uploads\/2026\/01\/festitur-food-trucks-nunoa.png\",\"datePublished\":\"2026-01-07T07:57:38+00:00\",\"dateModified\":\"2026-01-07T07:57:39+00:00\",\"description\":\"FESTITUR 2026 refuerza la presencia de food trucks en Plaza \u00d1u\u00f1oa. Los d\u00edas 10 y 11 de enero, en Plaza \u00d1u\u00f1oa segunda edici\u00f3n de FESTITUR 2026\",\"breadcrumb\":{\"@id\":\"https:\/\/foodtruckya.com\/magazine\/eventos\/festitur-2026-food-trucks-en-nunoa\/#breadcrumb\"},\"inLanguage\":\"es\",\"potentialAction\":[{\"@type\":\"ReadAction\",\"target\":[\"https:\/\/foodtruckya.com\/magazine\/eventos\/festitur-2026-food-trucks-en-nunoa\/\"]}]},{\"@type\":\"ImageObject\",\"inLanguage\":\"es\",\"@id\":\"https:\/\/foodtruckya.com\/magazine\/eventos\/festitur-2026-food-trucks-en-nunoa\/#primaryimage\",\"url\":\"https:\/\/foodtruckya.com\/magazine\/wp-content\/uploads\/2026\/01\/festitur-food-trucks-nunoa.png\",\"contentUrl\":\"https:\/\/foodtruckya.com\/magazine\/wp-content\/uploads\/2026\/01\/festitur-food-trucks-nunoa.png\",\"width\":807,\"height\":820,\"caption\":\"festitur food trucks nu\u00f1oa\"},{\"@type\":\"BreadcrumbList\",\"@id\":\"https:\/\/foodtruckya.com\/magazine\/eventos\/festitur-2026-food-trucks-en-nunoa\/#breadcrumb\",\"itemListElement\":[{\"@type\":\"ListItem\",\"position\":1,\"name\":\"Portada\",\"item\":\"https:\/\/foodtruckya.com\/magazine\/\"},{\"@type\":\"ListItem\",\"position\":2,\"name\":\"FESTITUR 2026, food trucks en Nu\u00f1oa\"}]},{\"@type\":\"WebSite\",\"@id\":\"https:\/\/foodtruckya.com\/magazine\/#website\",\"url\":\"https:\/\/foodtruckya.com\/magazine\/\",\"name\":\"Street Food Magazine\",\"description\":\"Informaci\u00f3n sobre food trucks by Foodtruckya\",\"publisher\":{\"@id\":\"https:\/\/foodtruckya.com\/magazine\/#organization\"},\"potentialAction\":[{\"@type\":\"SearchAction\",\"target\":{\"@type\":\"EntryPoint\",\"urlTemplate\":\"https:\/\/foodtruckya.com\/magazine\/?s={search_term_string}\"},\"query-input\":{\"@type\":\"PropertyValueSpecification\",\"valueRequired\":true,\"valueName\":\"search_term_string\"}}],\"inLanguage\":\"es\"},{\"@type\":\"Organization\",\"@id\":\"https:\/\/foodtruckya.com\/magazine\/#organization\",\"name\":\"Foodtruckya\",\"url\":\"https:\/\/foodtruckya.com\/magazine\/\",\"logo\":{\"@type\":\"ImageObject\",\"inLanguage\":\"es\",\"@id\":\"https:\/\/foodtruckya.com\/magazine\/#\/schema\/logo\/image\/\",\"url\":\"https:\/\/foodtruckya.com\/magazine\/wp-content\/uploads\/2023\/05\/logo.png\",\"contentUrl\":\"https:\/\/foodtruckya.com\/magazine\/wp-content\/uploads\/2023\/05\/logo.png\",\"width\":500,\"height\":133,\"caption\":\"Foodtruckya\"},\"image\":{\"@id\":\"https:\/\/foodtruckya.com\/magazine\/#\/schema\/logo\/image\/\"},\"sameAs\":[\"https:\/\/www.facebook.com\/Foodtruckya\/\",\"https:\/\/x.com\/Foodtruckya\",\"https:\/\/www.instagram.com\/foodtruckya_oficial\/\"]},{\"@type\":\"Person\",\"@id\":\"https:\/\/foodtruckya.com\/magazine\/#\/schema\/person\/c63463dfe4a6cb311fe8efe83b961b7a\",\"name\":\"Aitor Apraiz\",\"url\":\"https:\/\/foodtruckya.com\/magazine\/author\/aitor\/\"}]}<\/script>\n<!-- \/ Yoast SEO plugin. -->","yoast_head_json":{"title":"FESTITUR 2026, food trucks en Nu\u00f1oa &#8212; Street Food Magazine","description":"FESTITUR 2026 refuerza la presencia de food trucks en Plaza \u00d1u\u00f1oa. Los d\u00edas 10 y 11 de enero, en Plaza \u00d1u\u00f1oa segunda edici\u00f3n de FESTITUR 2026","robots":{"index":"index","follow":"follow","max-snippet":"max-snippet:-1","max-image-preview":"max-image-preview:large","max-video-preview":"max-video-preview:-1"},"canonical":"https:\/\/foodtruckya.com\/magazine\/eventos\/festitur-2026-food-trucks-en-nunoa\/","og_locale":"es_ES","og_type":"article","og_title":"FESTITUR 2026, food trucks en Nu\u00f1oa &#8212; Street Food Magazine","og_description":"FESTITUR 2026 refuerza la presencia de food trucks en Plaza \u00d1u\u00f1oa. Los d\u00edas 10 y 11 de enero, en Plaza \u00d1u\u00f1oa segunda edici\u00f3n de FESTITUR 2026","og_url":"https:\/\/foodtruckya.com\/magazine\/eventos\/festitur-2026-food-trucks-en-nunoa\/","og_site_name":"Street Food Magazine","article_publisher":"https:\/\/www.facebook.com\/Foodtruckya\/","article_published_time":"2026-01-07T07:57:38+00:00","article_modified_time":"2026-01-07T07:57:39+00:00","og_image":[{"width":807,"height":820,"url":"https:\/\/foodtruckya.com\/magazine\/wp-content\/uploads\/2026\/01\/festitur-food-trucks-nunoa.png","type":"image\/png"}],"author":"Aitor Apraiz","twitter_card":"summary_large_image","twitter_creator":"@Foodtruckya","twitter_site":"@Foodtruckya","twitter_misc":{"Escrito por":"Aitor Apraiz","Tiempo de lectura":"3 minutos"},"schema":{"@context":"https:\/\/schema.org","@graph":[{"@type":"Article","@id":"https:\/\/foodtruckya.com\/magazine\/eventos\/festitur-2026-food-trucks-en-nunoa\/#article","isPartOf":{"@id":"https:\/\/foodtruckya.com\/magazine\/eventos\/festitur-2026-food-trucks-en-nunoa\/"},"author":{"name":"Aitor Apraiz","@id":"https:\/\/foodtruckya.com\/magazine\/#\/schema\/person\/c63463dfe4a6cb311fe8efe83b961b7a"},"headline":"FESTITUR 2026, food trucks en Nu\u00f1oa","datePublished":"2026-01-07T07:57:38+00:00","dateModified":"2026-01-07T07:57:39+00:00","mainEntityOfPage":{"@id":"https:\/\/foodtruckya.com\/magazine\/eventos\/festitur-2026-food-trucks-en-nunoa\/"},"wordCount":428,"publisher":{"@id":"https:\/\/foodtruckya.com\/magazine\/#organization"},"image":{"@id":"https:\/\/foodtruckya.com\/magazine\/eventos\/festitur-2026-food-trucks-en-nunoa\/#primaryimage"},"thumbnailUrl":"https:\/\/foodtruckya.com\/magazine\/wp-content\/uploads\/2026\/01\/festitur-food-trucks-nunoa.png","articleSection":["Eventos"],"inLanguage":"es"},{"@type":"WebPage","@id":"https:\/\/foodtruckya.com\/magazine\/eventos\/festitur-2026-food-trucks-en-nunoa\/","url":"https:\/\/foodtruckya.com\/magazine\/eventos\/festitur-2026-food-trucks-en-nunoa\/","name":"FESTITUR 2026, food trucks en Nu\u00f1oa &#8212; Street Food Magazine","isPartOf":{"@id":"https:\/\/foodtruckya.com\/magazine\/#website"},"primaryImageOfPage":{"@id":"https:\/\/foodtruckya.com\/magazine\/eventos\/festitur-2026-food-trucks-en-nunoa\/#primaryimage"},"image":{"@id":"https:\/\/foodtruckya.com\/magazine\/eventos\/festitur-2026-food-trucks-en-nunoa\/#primaryimage"},"thumbnailUrl":"https:\/\/foodtruckya.com\/magazine\/wp-content\/uploads\/2026\/01\/festitur-food-trucks-nunoa.png","datePublished":"2026-01-07T07:57:38+00:00","dateModified":"2026-01-07T07:57:39+00:00","description":"FESTITUR 2026 refuerza la presencia de food trucks en Plaza \u00d1u\u00f1oa. Los d\u00edas 10 y 11 de enero, en Plaza \u00d1u\u00f1oa segunda edici\u00f3n de FESTITUR 2026","breadcrumb":{"@id":"https:\/\/foodtruckya.com\/magazine\/eventos\/festitur-2026-food-trucks-en-nunoa\/#breadcrumb"},"inLanguage":"es","potentialAction":[{"@type":"ReadAction","target":["https:\/\/foodtruckya.com\/magazine\/eventos\/festitur-2026-food-trucks-en-nunoa\/"]}]},{"@type":"ImageObject","inLanguage":"es","@id":"https:\/\/foodtruckya.com\/magazine\/eventos\/festitur-2026-food-trucks-en-nunoa\/#primaryimage","url":"https:\/\/foodtruckya.com\/magazine\/wp-content\/uploads\/2026\/01\/festitur-food-trucks-nunoa.png","contentUrl":"https:\/\/foodtruckya.com\/magazine\/wp-content\/uploads\/2026\/01\/festitur-food-trucks-nunoa.png","width":807,"height":820,"caption":"festitur food trucks nu\u00f1oa"},{"@type":"BreadcrumbList","@id":"https:\/\/foodtruckya.com\/magazine\/eventos\/festitur-2026-food-trucks-en-nunoa\/#breadcrumb","itemListElement":[{"@type":"ListItem","position":1,"name":"Portada","item":"https:\/\/foodtruckya.com\/magazine\/"},{"@type":"ListItem","position":2,"name":"FESTITUR 2026, food trucks en Nu\u00f1oa"}]},{"@type":"WebSite","@id":"https:\/\/foodtruckya.com\/magazine\/#website","url":"https:\/\/foodtruckya.com\/magazine\/","name":"Street Food Magazine","description":"Informaci\u00f3n sobre food trucks by Foodtruckya","publisher":{"@id":"https:\/\/foodtruckya.com\/magazine\/#organization"},"potentialAction":[{"@type":"SearchAction","target":{"@type":"EntryPoint","urlTemplate":"https:\/\/foodtruckya.com\/magazine\/?s={search_term_string}"},"query-input":{"@type":"PropertyValueSpecification","valueRequired":true,"valueName":"search_term_string"}}],"inLanguage":"es"},{"@type":"Organization","@id":"https:\/\/foodtruckya.com\/magazine\/#organization","name":"Foodtruckya","url":"https:\/\/foodtruckya.com\/magazine\/","logo":{"@type":"ImageObject","inLanguage":"es","@id":"https:\/\/foodtruckya.com\/magazine\/#\/schema\/logo\/image\/","url":"https:\/\/foodtruckya.com\/magazine\/wp-content\/uploads\/2023\/05\/logo.png","contentUrl":"https:\/\/foodtruckya.com\/magazine\/wp-content\/uploads\/2023\/05\/logo.png","width":500,"height":133,"caption":"Foodtruckya"},"image":{"@id":"https:\/\/foodtruckya.com\/magazine\/#\/schema\/logo\/image\/"},"sameAs":["https:\/\/www.facebook.com\/Foodtruckya\/","https:\/\/x.com\/Foodtruckya","https:\/\/www.instagram.com\/foodtruckya_oficial\/"]},{"@type":"Person","@id":"https:\/\/foodtruckya.com\/magazine\/#\/schema\/person\/c63463dfe4a6cb311fe8efe83b961b7a","name":"Aitor Apraiz","url":"https:\/\/foodtruckya.com\/magazine\/author\/aitor\/"}]}},"_links":{"self":[{"href":"https:\/\/foodtruckya.com\/magazine\/wp-json\/wp\/v2\/posts\/13653"}],"collection":[{"href":"https:\/\/foodtruckya.com\/magazine\/wp-json\/wp\/v2\/posts"}],"about":[{"href":"https:\/\/foodtruckya.com\/magazine\/wp-json\/wp\/v2\/types\/post"}],"author":[{"embeddable":true,"href":"https:\/\/foodtruckya.com\/magazine\/wp-json\/wp\/v2\/users\/7"}],"replies":[{"embeddable":true,"href":"https:\/\/foodtruckya.com\/magazine\/wp-json\/wp\/v2\/comments?post=13653"}],"version-history":[{"count":1,"href":"https:\/\/foodtruckya.com\/magazine\/wp-json\/wp\/v2\/posts\/13653\/revisions"}],"predecessor-version":[{"id":13655,"href":"https:\/\/foodtruckya.com\/magazine\/wp-json\/wp\/v2\/posts\/13653\/revisions\/13655"}],"wp:featuredmedia":[{"embeddable":true,"href":"https:\/\/foodtruckya.com\/magazine\/wp-json\/wp\/v2\/media\/13654"}],"wp:attachment":[{"href":"https:\/\/foodtruckya.com\/magazine\/wp-json\/wp\/v2\/media?parent=13653"}],"wp:term":[{"taxonomy":"category","embeddable":true,"href":"https:\/\/foodtruckya.com\/magazine\/wp-json\/wp\/v2\/categories?post=13653"},{"taxonomy":"post_tag","embeddable":true,"href":"https:\/\/foodtruckya.com\/magazine\/wp-json\/wp\/v2\/tags?post=13653"},{"taxonomy":"powerkit_post_featured","embeddable":true,"href":"https:\/\/foodtruckya.com\/magazine\/wp-json\/wp\/v2\/powerkit_post_featured?post=13653"}],"curies":[{"name":"wp","href":"https:\/\/api.w.org\/{rel}","templated":true}]}}