{"id":13694,"date":"2026-01-12T22:21:29","date_gmt":"2026-01-12T21:21:29","guid":{"rendered":"https:\/\/foodtruckya.com\/magazine\/?p=13694"},"modified":"2026-01-12T22:22:11","modified_gmt":"2026-01-12T21:22:11","slug":"mionca-festival-de-food-trucks","status":"publish","type":"post","link":"https:\/\/foodtruckya.com\/magazine\/eventos\/mionca-festival-de-food-trucks\/","title":{"rendered":"Mionca Festival de food trucks"},"content":{"rendered":"\n<h1 id=\"festival-mionca-2026\" class=\"wp-block-heading has-medium-font-size\">Festival Mionca 2026 <\/h1>\n\n\n\n<p>Alta Gracia, en la provincia de C\u00f3rdoba, suma una nueva cita dentro de la agenda de verano con <strong>Mionca 2026<\/strong>, un <strong>festival de food trucks<\/strong> que se realizar\u00e1 <strong>del 16 al 18 de enero<\/strong> con <strong>entrada libre y gratuita<\/strong>. La propuesta tendr\u00e1 lugar en el <strong>Parque del Sierras Hotel<\/strong>, un predio al aire libre ubicado en el centro de la ciudad, y reunir\u00e1 <strong>m\u00e1s de 40 food trucks<\/strong> con una oferta gastron\u00f3mica pensada para recorrer y elegir en formato <strong>street food<\/strong>.<\/p>\n\n\n\n<p>Durante las tres jornadas, el patio gastron\u00f3mico concentrar\u00e1 opciones de comida sobre ruedas con variedad de estilos y formatos: <strong>hamburguesas<\/strong>, <strong>pizzas<\/strong>, <strong>tacos<\/strong>, <strong>shawarmas<\/strong>, <strong>arepas<\/strong>, <strong>lomos<\/strong>, <strong>panchos alemanes<\/strong>, adem\u00e1s de <strong>papas<\/strong> en distintas versiones, <strong>picadas<\/strong> para compartir y alternativas dulces como <strong>helados<\/strong> y <strong>postres<\/strong>. Dentro de la propuesta tambi\u00e9n se contemplan <strong>opciones vegetarianas<\/strong> y <strong>opciones sin TACC<\/strong>, para ampliar alternativas de consumo dentro del festival. En paralelo, el apartado de bebidas incluye <strong>caf\u00e9 de especialidad<\/strong>, <strong>cervezas artesanales<\/strong>, <strong>gin<\/strong>, <strong>vermut<\/strong> y <strong>tragos<\/strong>, en l\u00ednea con el formato de evento gastron\u00f3mico al aire libre y de permanencia.<\/p>\n\n\n\n<p>La programaci\u00f3n se completa con actividades culturales y m\u00fasica en vivo con foco en escenas locales, con g\u00e9neros como <strong>rock, pop, indie, jazz, blues, electr\u00f3nica<\/strong> y nuevas fusiones. Entre los nombres mencionados aparecen los festival sets de DJ\u2019s en <strong>\u201cCabina Dahaus\u201d<\/strong>, adem\u00e1s de <strong>The Rhythm Gamblers<\/strong>, <strong>Lu Ferreyra<\/strong> y <strong>S\u00f3<\/strong>, junto con intervenciones ambulantes en distintos puntos del predio como el coro <strong>Misty Soul<\/strong> y <strong>Circo Da Vinci<\/strong>. Tambi\u00e9n se anuncia un ciclo de <strong>\u201cCine en el Pasto\u201d<\/strong>, con una pantalla que proyecta cortos de animaci\u00f3n de realizadores cordobeses de forma rotativa.<\/p>\n\n\n\n<p>Adem\u00e1s de la gastronom\u00eda y la m\u00fasica, el evento incorpora propuestas de experiencia y participaci\u00f3n, como un espacio inmersivo llamado <strong>\u201cExperiencia Pi\u201d<\/strong> y una instancia de formaci\u00f3n y creaci\u00f3n colectiva denominada <strong>\u201cIlustrazo\u201d<\/strong>, junto con un <strong>Espacio de Emprendedores<\/strong> orientado a dise\u00f1o, creatividad, producci\u00f3n local e innovaci\u00f3n. En el apartado tem\u00e1tico, se incluye un <strong>\u201cEspacio del Universo\u201d<\/strong> con telescopios para observaci\u00f3n astron\u00f3mica (incluida observaci\u00f3n de espacio profundo) y un sistema solar animado de gran escala, pensado para p\u00fablico general y actividades en familia. En la misma l\u00ednea, se integra un eje de <strong>gesti\u00f3n ambiental<\/strong>, con acciones de concientizaci\u00f3n y pr\u00e1cticas orientadas a reducir el impacto del evento, incluyendo la <strong>medici\u00f3n de la huella de carbono<\/strong>.<\/p>\n\n\n\n<p>Con este formato, <strong>Mionca en Alta Gracia<\/strong> se posiciona como uno de los eventos destacados para quienes buscan <strong>food trucks en C\u00f3rdoba<\/strong>, <strong>festivales gastron\u00f3micos<\/strong> y planes de <strong>street food<\/strong> en enero, con un esquema de asistencia pensado para disfrutar en un entorno informal y al aire libre, con posibilidad de llevar reposera o manta y recorrer el predio entre propuestas de comida, bebida y actividades durante los tres d\u00edas.<\/p>\n\n\n\n<p>M\u00e1s info<strong><em><a href=\"https:\/\/mionca.ar\/\" target=\"_blank\" rel=\"noreferrer noopener\"> aqu\u00ed<\/a><\/em><\/strong><\/p>\n\n\n\n<hr class=\"wp-block-separator has-alpha-channel-opacity\"\/>\n\n\n\n<p>*<em>Recuerda que si est\u00e1s organizando un&nbsp;<strong>evento<\/strong>&nbsp;y quieres&nbsp;<strong>alquilar food trucks<\/strong>&nbsp;o&nbsp;<strong>contratar food trucks<\/strong>&nbsp;puedes utilizar nuestra Central de Reservas gratuita de<\/em><strong><em><a href=\"https:\/\/foodtruckya.com\/\">&nbsp;Foodtruckya<\/a><\/em><\/strong>&nbsp;<\/p>\n\n\n\n<div class=\"wp-block-buttons is-content-justification-center is-layout-flex wp-container-core-buttons-is-layout-1 wp-block-buttons-is-layout-flex\">\n<div class=\"wp-block-button\"><a class=\"wp-block-button__link wp-element-button\" href=\"https:\/\/foodtruckya.com\/\">visitar FOODTRUCKya<\/a><\/div>\n<\/div>\n\n\n\n<figure class=\"wp-block-image size-full\"><img  loading=\"lazy\"  decoding=\"async\"  width=\"1024\"  height=\"898\"  src=\"data:image\/png;base64,iVBORw0KGgoAAAANSUhEUgAABAAAAAOCAQMAAADTDDKdAAAAA1BMVEUAAP+KeNJXAAAAAXRSTlMAQObYZgAAAAlwSFlzAAAOxAAADsQBlSsOGwAAAIZJREFUeNrtwQEBAAAAgiD\/r25IQAEAAAAAAAAAAAAAAAAAAAAAAAAAAAAAAAAAAAAAAAAAAAAAAAAAAAAAAAAAAAAAAAAAAAAAAAAAAAAAAAAAAAAAAAAAAAAAAAAAAAAAAAAAAAAAAAAAAAAAAAAAAAAAAAAAAAAAAAAAAAAAAAAAAAC8G8SRAAFQTrbSAAAAAElFTkSuQmCC\"  alt=\"festival mionca food trucks\"  class=\"wp-image-13695 pk-lazyload\"  data-pk-sizes=\"auto\"  data-ls-sizes=\"(max-width: 1024px) 100vw, 1024px\"  data-pk-src=\"https:\/\/foodtruckya.com\/magazine\/wp-content\/uploads\/2026\/01\/festival-mionca-food-trucks.png\"  data-pk-srcset=\"https:\/\/foodtruckya.com\/magazine\/wp-content\/uploads\/2026\/01\/festival-mionca-food-trucks.png 1024w, https:\/\/foodtruckya.com\/magazine\/wp-content\/uploads\/2026\/01\/festival-mionca-food-trucks-800x702.png 800w, https:\/\/foodtruckya.com\/magazine\/wp-content\/uploads\/2026\/01\/festival-mionca-food-trucks-120x105.png 120w, https:\/\/foodtruckya.com\/magazine\/wp-content\/uploads\/2026\/01\/festival-mionca-food-trucks-90x79.png 90w, https:\/\/foodtruckya.com\/magazine\/wp-content\/uploads\/2026\/01\/festival-mionca-food-trucks-320x281.png 320w, https:\/\/foodtruckya.com\/magazine\/wp-content\/uploads\/2026\/01\/festival-mionca-food-trucks-560x491.png 560w, https:\/\/foodtruckya.com\/magazine\/wp-content\/uploads\/2026\/01\/festival-mionca-food-trucks-240x210.png 240w, https:\/\/foodtruckya.com\/magazine\/wp-content\/uploads\/2026\/01\/festival-mionca-food-trucks-180x158.png 180w, https:\/\/foodtruckya.com\/magazine\/wp-content\/uploads\/2026\/01\/festival-mionca-food-trucks-640x561.png 640w\" ><figcaption class=\"wp-element-caption\">foto by web mionca<\/figcaption><\/figure>\n","protected":false},"excerpt":{"rendered":"<p>Festival Mionca 2026 Alta Gracia, en la provincia de C\u00f3rdoba, suma una nueva cita dentro de la agenda de verano con Mionca 2026, un festival de food trucks que se&hellip;<\/p>\n","protected":false},"author":7,"featured_media":13695,"comment_status":"closed","ping_status":"closed","sticky":false,"template":"","format":"standard","meta":{"footnotes":""},"categories":[1118],"tags":[],"powerkit_post_featured":[],"yoast_head":"<!-- This site is optimized with the Yoast SEO plugin v24.2 - https:\/\/yoast.com\/wordpress\/plugins\/seo\/ -->\n<title>Mionca Festival de food trucks &#8212; Street Food Magazine<\/title>\n<meta name=\"description\" content=\"Mionca 2026, un festival de food trucks que se realizar\u00e1 del 16 al 18 de enero con entrada libre y gratuita en el Parque del Sierras Hotel\" \/>\n<meta name=\"robots\" content=\"index, follow, max-snippet:-1, max-image-preview:large, max-video-preview:-1\" \/>\n<link rel=\"canonical\" href=\"https:\/\/foodtruckya.com\/magazine\/eventos\/mionca-festival-de-food-trucks\/\" \/>\n<meta property=\"og:locale\" content=\"es_ES\" \/>\n<meta property=\"og:type\" content=\"article\" \/>\n<meta property=\"og:title\" content=\"Mionca Festival de food trucks &#8212; Street Food Magazine\" \/>\n<meta property=\"og:description\" content=\"Mionca 2026, un festival de food trucks que se realizar\u00e1 del 16 al 18 de enero con entrada libre y gratuita en el Parque del Sierras Hotel\" \/>\n<meta property=\"og:url\" content=\"https:\/\/foodtruckya.com\/magazine\/eventos\/mionca-festival-de-food-trucks\/\" \/>\n<meta property=\"og:site_name\" content=\"Street Food Magazine\" \/>\n<meta property=\"article:publisher\" content=\"https:\/\/www.facebook.com\/Foodtruckya\/\" \/>\n<meta property=\"article:published_time\" content=\"2026-01-12T21:21:29+00:00\" \/>\n<meta property=\"article:modified_time\" content=\"2026-01-12T21:22:11+00:00\" \/>\n<meta property=\"og:image\" content=\"https:\/\/foodtruckya.com\/magazine\/wp-content\/uploads\/2026\/01\/festival-mionca-food-trucks.png\" \/>\n\t<meta property=\"og:image:width\" content=\"1024\" \/>\n\t<meta property=\"og:image:height\" content=\"898\" \/>\n\t<meta property=\"og:image:type\" content=\"image\/png\" \/>\n<meta name=\"author\" content=\"Aitor Apraiz\" \/>\n<meta name=\"twitter:card\" content=\"summary_large_image\" \/>\n<meta name=\"twitter:creator\" content=\"@Foodtruckya\" \/>\n<meta name=\"twitter:site\" content=\"@Foodtruckya\" \/>\n<meta name=\"twitter:label1\" content=\"Escrito por\" \/>\n\t<meta name=\"twitter:data1\" content=\"Aitor Apraiz\" \/>\n\t<meta name=\"twitter:label2\" content=\"Tiempo de lectura\" \/>\n\t<meta name=\"twitter:data2\" content=\"3 minutos\" \/>\n<script type=\"application\/ld+json\" class=\"yoast-schema-graph\">{\"@context\":\"https:\/\/schema.org\",\"@graph\":[{\"@type\":\"Article\",\"@id\":\"https:\/\/foodtruckya.com\/magazine\/eventos\/mionca-festival-de-food-trucks\/#article\",\"isPartOf\":{\"@id\":\"https:\/\/foodtruckya.com\/magazine\/eventos\/mionca-festival-de-food-trucks\/\"},\"author\":{\"name\":\"Aitor Apraiz\",\"@id\":\"https:\/\/foodtruckya.com\/magazine\/#\/schema\/person\/c63463dfe4a6cb311fe8efe83b961b7a\"},\"headline\":\"Mionca Festival de food trucks\",\"datePublished\":\"2026-01-12T21:21:29+00:00\",\"dateModified\":\"2026-01-12T21:22:11+00:00\",\"mainEntityOfPage\":{\"@id\":\"https:\/\/foodtruckya.com\/magazine\/eventos\/mionca-festival-de-food-trucks\/\"},\"wordCount\":535,\"publisher\":{\"@id\":\"https:\/\/foodtruckya.com\/magazine\/#organization\"},\"image\":{\"@id\":\"https:\/\/foodtruckya.com\/magazine\/eventos\/mionca-festival-de-food-trucks\/#primaryimage\"},\"thumbnailUrl\":\"https:\/\/foodtruckya.com\/magazine\/wp-content\/uploads\/2026\/01\/festival-mionca-food-trucks.png\",\"articleSection\":[\"Eventos\"],\"inLanguage\":\"es\"},{\"@type\":\"WebPage\",\"@id\":\"https:\/\/foodtruckya.com\/magazine\/eventos\/mionca-festival-de-food-trucks\/\",\"url\":\"https:\/\/foodtruckya.com\/magazine\/eventos\/mionca-festival-de-food-trucks\/\",\"name\":\"Mionca Festival de food trucks &#8212; Street Food Magazine\",\"isPartOf\":{\"@id\":\"https:\/\/foodtruckya.com\/magazine\/#website\"},\"primaryImageOfPage\":{\"@id\":\"https:\/\/foodtruckya.com\/magazine\/eventos\/mionca-festival-de-food-trucks\/#primaryimage\"},\"image\":{\"@id\":\"https:\/\/foodtruckya.com\/magazine\/eventos\/mionca-festival-de-food-trucks\/#primaryimage\"},\"thumbnailUrl\":\"https:\/\/foodtruckya.com\/magazine\/wp-content\/uploads\/2026\/01\/festival-mionca-food-trucks.png\",\"datePublished\":\"2026-01-12T21:21:29+00:00\",\"dateModified\":\"2026-01-12T21:22:11+00:00\",\"description\":\"Mionca 2026, un festival de food trucks que se realizar\u00e1 del 16 al 18 de enero con entrada libre y gratuita en el Parque del Sierras Hotel\",\"breadcrumb\":{\"@id\":\"https:\/\/foodtruckya.com\/magazine\/eventos\/mionca-festival-de-food-trucks\/#breadcrumb\"},\"inLanguage\":\"es\",\"potentialAction\":[{\"@type\":\"ReadAction\",\"target\":[\"https:\/\/foodtruckya.com\/magazine\/eventos\/mionca-festival-de-food-trucks\/\"]}]},{\"@type\":\"ImageObject\",\"inLanguage\":\"es\",\"@id\":\"https:\/\/foodtruckya.com\/magazine\/eventos\/mionca-festival-de-food-trucks\/#primaryimage\",\"url\":\"https:\/\/foodtruckya.com\/magazine\/wp-content\/uploads\/2026\/01\/festival-mionca-food-trucks.png\",\"contentUrl\":\"https:\/\/foodtruckya.com\/magazine\/wp-content\/uploads\/2026\/01\/festival-mionca-food-trucks.png\",\"width\":1024,\"height\":898,\"caption\":\"festival mionca 2026\"},{\"@type\":\"BreadcrumbList\",\"@id\":\"https:\/\/foodtruckya.com\/magazine\/eventos\/mionca-festival-de-food-trucks\/#breadcrumb\",\"itemListElement\":[{\"@type\":\"ListItem\",\"position\":1,\"name\":\"Portada\",\"item\":\"https:\/\/foodtruckya.com\/magazine\/\"},{\"@type\":\"ListItem\",\"position\":2,\"name\":\"Mionca Festival de food trucks\"}]},{\"@type\":\"WebSite\",\"@id\":\"https:\/\/foodtruckya.com\/magazine\/#website\",\"url\":\"https:\/\/foodtruckya.com\/magazine\/\",\"name\":\"Street Food Magazine\",\"description\":\"Informaci\u00f3n sobre food trucks by Foodtruckya\",\"publisher\":{\"@id\":\"https:\/\/foodtruckya.com\/magazine\/#organization\"},\"potentialAction\":[{\"@type\":\"SearchAction\",\"target\":{\"@type\":\"EntryPoint\",\"urlTemplate\":\"https:\/\/foodtruckya.com\/magazine\/?s={search_term_string}\"},\"query-input\":{\"@type\":\"PropertyValueSpecification\",\"valueRequired\":true,\"valueName\":\"search_term_string\"}}],\"inLanguage\":\"es\"},{\"@type\":\"Organization\",\"@id\":\"https:\/\/foodtruckya.com\/magazine\/#organization\",\"name\":\"Foodtruckya\",\"url\":\"https:\/\/foodtruckya.com\/magazine\/\",\"logo\":{\"@type\":\"ImageObject\",\"inLanguage\":\"es\",\"@id\":\"https:\/\/foodtruckya.com\/magazine\/#\/schema\/logo\/image\/\",\"url\":\"https:\/\/foodtruckya.com\/magazine\/wp-content\/uploads\/2023\/05\/logo.png\",\"contentUrl\":\"https:\/\/foodtruckya.com\/magazine\/wp-content\/uploads\/2023\/05\/logo.png\",\"width\":500,\"height\":133,\"caption\":\"Foodtruckya\"},\"image\":{\"@id\":\"https:\/\/foodtruckya.com\/magazine\/#\/schema\/logo\/image\/\"},\"sameAs\":[\"https:\/\/www.facebook.com\/Foodtruckya\/\",\"https:\/\/x.com\/Foodtruckya\",\"https:\/\/www.instagram.com\/foodtruckya_oficial\/\"]},{\"@type\":\"Person\",\"@id\":\"https:\/\/foodtruckya.com\/magazine\/#\/schema\/person\/c63463dfe4a6cb311fe8efe83b961b7a\",\"name\":\"Aitor Apraiz\",\"url\":\"https:\/\/foodtruckya.com\/magazine\/author\/aitor\/\"}]}<\/script>\n<!-- \/ Yoast SEO plugin. -->","yoast_head_json":{"title":"Mionca Festival de food trucks &#8212; Street Food Magazine","description":"Mionca 2026, un festival de food trucks que se realizar\u00e1 del 16 al 18 de enero con entrada libre y gratuita en el Parque del Sierras Hotel","robots":{"index":"index","follow":"follow","max-snippet":"max-snippet:-1","max-image-preview":"max-image-preview:large","max-video-preview":"max-video-preview:-1"},"canonical":"https:\/\/foodtruckya.com\/magazine\/eventos\/mionca-festival-de-food-trucks\/","og_locale":"es_ES","og_type":"article","og_title":"Mionca Festival de food trucks &#8212; Street Food Magazine","og_description":"Mionca 2026, un festival de food trucks que se realizar\u00e1 del 16 al 18 de enero con entrada libre y gratuita en el Parque del Sierras Hotel","og_url":"https:\/\/foodtruckya.com\/magazine\/eventos\/mionca-festival-de-food-trucks\/","og_site_name":"Street Food Magazine","article_publisher":"https:\/\/www.facebook.com\/Foodtruckya\/","article_published_time":"2026-01-12T21:21:29+00:00","article_modified_time":"2026-01-12T21:22:11+00:00","og_image":[{"width":1024,"height":898,"url":"https:\/\/foodtruckya.com\/magazine\/wp-content\/uploads\/2026\/01\/festival-mionca-food-trucks.png","type":"image\/png"}],"author":"Aitor Apraiz","twitter_card":"summary_large_image","twitter_creator":"@Foodtruckya","twitter_site":"@Foodtruckya","twitter_misc":{"Escrito por":"Aitor Apraiz","Tiempo de lectura":"3 minutos"},"schema":{"@context":"https:\/\/schema.org","@graph":[{"@type":"Article","@id":"https:\/\/foodtruckya.com\/magazine\/eventos\/mionca-festival-de-food-trucks\/#article","isPartOf":{"@id":"https:\/\/foodtruckya.com\/magazine\/eventos\/mionca-festival-de-food-trucks\/"},"author":{"name":"Aitor Apraiz","@id":"https:\/\/foodtruckya.com\/magazine\/#\/schema\/person\/c63463dfe4a6cb311fe8efe83b961b7a"},"headline":"Mionca Festival de food trucks","datePublished":"2026-01-12T21:21:29+00:00","dateModified":"2026-01-12T21:22:11+00:00","mainEntityOfPage":{"@id":"https:\/\/foodtruckya.com\/magazine\/eventos\/mionca-festival-de-food-trucks\/"},"wordCount":535,"publisher":{"@id":"https:\/\/foodtruckya.com\/magazine\/#organization"},"image":{"@id":"https:\/\/foodtruckya.com\/magazine\/eventos\/mionca-festival-de-food-trucks\/#primaryimage"},"thumbnailUrl":"https:\/\/foodtruckya.com\/magazine\/wp-content\/uploads\/2026\/01\/festival-mionca-food-trucks.png","articleSection":["Eventos"],"inLanguage":"es"},{"@type":"WebPage","@id":"https:\/\/foodtruckya.com\/magazine\/eventos\/mionca-festival-de-food-trucks\/","url":"https:\/\/foodtruckya.com\/magazine\/eventos\/mionca-festival-de-food-trucks\/","name":"Mionca Festival de food trucks &#8212; Street Food Magazine","isPartOf":{"@id":"https:\/\/foodtruckya.com\/magazine\/#website"},"primaryImageOfPage":{"@id":"https:\/\/foodtruckya.com\/magazine\/eventos\/mionca-festival-de-food-trucks\/#primaryimage"},"image":{"@id":"https:\/\/foodtruckya.com\/magazine\/eventos\/mionca-festival-de-food-trucks\/#primaryimage"},"thumbnailUrl":"https:\/\/foodtruckya.com\/magazine\/wp-content\/uploads\/2026\/01\/festival-mionca-food-trucks.png","datePublished":"2026-01-12T21:21:29+00:00","dateModified":"2026-01-12T21:22:11+00:00","description":"Mionca 2026, un festival de food trucks que se realizar\u00e1 del 16 al 18 de enero con entrada libre y gratuita en el Parque del Sierras Hotel","breadcrumb":{"@id":"https:\/\/foodtruckya.com\/magazine\/eventos\/mionca-festival-de-food-trucks\/#breadcrumb"},"inLanguage":"es","potentialAction":[{"@type":"ReadAction","target":["https:\/\/foodtruckya.com\/magazine\/eventos\/mionca-festival-de-food-trucks\/"]}]},{"@type":"ImageObject","inLanguage":"es","@id":"https:\/\/foodtruckya.com\/magazine\/eventos\/mionca-festival-de-food-trucks\/#primaryimage","url":"https:\/\/foodtruckya.com\/magazine\/wp-content\/uploads\/2026\/01\/festival-mionca-food-trucks.png","contentUrl":"https:\/\/foodtruckya.com\/magazine\/wp-content\/uploads\/2026\/01\/festival-mionca-food-trucks.png","width":1024,"height":898,"caption":"festival mionca 2026"},{"@type":"BreadcrumbList","@id":"https:\/\/foodtruckya.com\/magazine\/eventos\/mionca-festival-de-food-trucks\/#breadcrumb","itemListElement":[{"@type":"ListItem","position":1,"name":"Portada","item":"https:\/\/foodtruckya.com\/magazine\/"},{"@type":"ListItem","position":2,"name":"Mionca Festival de food trucks"}]},{"@type":"WebSite","@id":"https:\/\/foodtruckya.com\/magazine\/#website","url":"https:\/\/foodtruckya.com\/magazine\/","name":"Street Food Magazine","description":"Informaci\u00f3n sobre food trucks by Foodtruckya","publisher":{"@id":"https:\/\/foodtruckya.com\/magazine\/#organization"},"potentialAction":[{"@type":"SearchAction","target":{"@type":"EntryPoint","urlTemplate":"https:\/\/foodtruckya.com\/magazine\/?s={search_term_string}"},"query-input":{"@type":"PropertyValueSpecification","valueRequired":true,"valueName":"search_term_string"}}],"inLanguage":"es"},{"@type":"Organization","@id":"https:\/\/foodtruckya.com\/magazine\/#organization","name":"Foodtruckya","url":"https:\/\/foodtruckya.com\/magazine\/","logo":{"@type":"ImageObject","inLanguage":"es","@id":"https:\/\/foodtruckya.com\/magazine\/#\/schema\/logo\/image\/","url":"https:\/\/foodtruckya.com\/magazine\/wp-content\/uploads\/2023\/05\/logo.png","contentUrl":"https:\/\/foodtruckya.com\/magazine\/wp-content\/uploads\/2023\/05\/logo.png","width":500,"height":133,"caption":"Foodtruckya"},"image":{"@id":"https:\/\/foodtruckya.com\/magazine\/#\/schema\/logo\/image\/"},"sameAs":["https:\/\/www.facebook.com\/Foodtruckya\/","https:\/\/x.com\/Foodtruckya","https:\/\/www.instagram.com\/foodtruckya_oficial\/"]},{"@type":"Person","@id":"https:\/\/foodtruckya.com\/magazine\/#\/schema\/person\/c63463dfe4a6cb311fe8efe83b961b7a","name":"Aitor Apraiz","url":"https:\/\/foodtruckya.com\/magazine\/author\/aitor\/"}]}},"_links":{"self":[{"href":"https:\/\/foodtruckya.com\/magazine\/wp-json\/wp\/v2\/posts\/13694"}],"collection":[{"href":"https:\/\/foodtruckya.com\/magazine\/wp-json\/wp\/v2\/posts"}],"about":[{"href":"https:\/\/foodtruckya.com\/magazine\/wp-json\/wp\/v2\/types\/post"}],"author":[{"embeddable":true,"href":"https:\/\/foodtruckya.com\/magazine\/wp-json\/wp\/v2\/users\/7"}],"replies":[{"embeddable":true,"href":"https:\/\/foodtruckya.com\/magazine\/wp-json\/wp\/v2\/comments?post=13694"}],"version-history":[{"count":2,"href":"https:\/\/foodtruckya.com\/magazine\/wp-json\/wp\/v2\/posts\/13694\/revisions"}],"predecessor-version":[{"id":13697,"href":"https:\/\/foodtruckya.com\/magazine\/wp-json\/wp\/v2\/posts\/13694\/revisions\/13697"}],"wp:featuredmedia":[{"embeddable":true,"href":"https:\/\/foodtruckya.com\/magazine\/wp-json\/wp\/v2\/media\/13695"}],"wp:attachment":[{"href":"https:\/\/foodtruckya.com\/magazine\/wp-json\/wp\/v2\/media?parent=13694"}],"wp:term":[{"taxonomy":"category","embeddable":true,"href":"https:\/\/foodtruckya.com\/magazine\/wp-json\/wp\/v2\/categories?post=13694"},{"taxonomy":"post_tag","embeddable":true,"href":"https:\/\/foodtruckya.com\/magazine\/wp-json\/wp\/v2\/tags?post=13694"},{"taxonomy":"powerkit_post_featured","embeddable":true,"href":"https:\/\/foodtruckya.com\/magazine\/wp-json\/wp\/v2\/powerkit_post_featured?post=13694"}],"curies":[{"name":"wp","href":"https:\/\/api.w.org\/{rel}","templated":true}]}}