{"id":13704,"date":"2026-01-12T23:02:01","date_gmt":"2026-01-12T22:02:01","guid":{"rendered":"https:\/\/foodtruckya.com\/magazine\/?p=13704"},"modified":"2026-01-12T23:02:02","modified_gmt":"2026-01-12T22:02:02","slug":"exporock-food-trucks-en-a-coruna","status":"publish","type":"post","link":"https:\/\/foodtruckya.com\/magazine\/eventos\/exporock-food-trucks-en-a-coruna\/","title":{"rendered":"ExpoROCK, food trucks en A Coru\u00f1a"},"content":{"rendered":"\n<h1 id=\"exporock-festival-a-coruna-2026-con-zona-de-food-trucks-y-street-food\" class=\"wp-block-heading has-medium-font-size\">ExpoROCK Festival A Coru\u00f1a 2026 con zona de food trucks y street food<\/h1>\n\n\n\n<p>ExpoROCK Festival celebrar\u00e1 su primera edici\u00f3n en A Coru\u00f1a el <strong>14 de marzo de 2026<\/strong> en <strong>EXPOCoru\u00f1a<\/strong>, con una programaci\u00f3n que se desarrollar\u00e1 desde las <strong>12:00<\/strong> hasta las <strong>3:00<\/strong>. Adem\u00e1s de los conciertos, el recinto incluir\u00e1 una <strong>zona gastron\u00f3mica con food trucks<\/strong>, planteada como un espacio de <strong>street food<\/strong> para acompa\u00f1ar la jornada completa y concentrar la oferta de <strong>cocina sobre ruedas<\/strong> dentro del evento.<\/p>\n\n\n\n<p>El festival incorpora una propuesta de servicios y actividades paralelas que, junto a la m\u00fasica, estructura el recorrido del p\u00fablico por el recinto. En ese contexto, la presencia de <strong>food trucks en A Coru\u00f1a<\/strong> se integra con otros espacios previstos, como una <strong>exposici\u00f3n de motos Harley-Davidson<\/strong> y una <strong>feria vintage<\/strong> con vinilos, ropa y accesorios. El formato busca mantener actividad continuada durante todo el d\u00eda, lo que sit\u00faa a la zona de <strong>food trucks y street food en Galicia<\/strong> como uno de los puntos de paso del evento.<\/p>\n\n\n\n<p>En el apartado musical, el cartel anunciado para la fecha re\u00fane a <strong>M-Clan<\/strong>, <strong>Soziedad Alkoholika<\/strong>, <strong>Talco<\/strong>, <strong>El Drogas<\/strong>, <strong>Ob\u00fas<\/strong>, <strong>Agoraphobia<\/strong> y <strong>Ciclonautas<\/strong>, con actuaciones programadas a lo largo de la jornada. Con esta configuraci\u00f3n, ExpoROCK Festival se incorpora al calendario de eventos de la ciudad como una cita con conciertos y oferta complementaria, donde la <strong>gastronom\u00eda en formato food truck<\/strong> forma parte de la experiencia dentro de <strong>EXPOCoru\u00f1a<\/strong>.<\/p>\n\n\n\n<p>M\u00e1s info <strong><em><a href=\"https:\/\/exporockfestival.com\/\">aqu\u00ed<\/a><\/em><\/strong><\/p>\n\n\n\n<hr class=\"wp-block-separator has-alpha-channel-opacity\"\/>\n\n\n\n<p>*<em>Recuerda que si est\u00e1s organizando un&nbsp;<strong>evento<\/strong>&nbsp;y quieres&nbsp;<strong>alquilar food trucks<\/strong>&nbsp;o&nbsp;<strong>contratar food trucks<\/strong>&nbsp;puedes utilizar nuestra Central de Reservas gratuita de<\/em><strong><em><a href=\"https:\/\/foodtruckya.com\/\">&nbsp;Foodtruckya<\/a><\/em><\/strong>&nbsp;<\/p>\n\n\n\n<div class=\"wp-block-buttons is-content-justification-center is-layout-flex wp-container-core-buttons-is-layout-1 wp-block-buttons-is-layout-flex\">\n<div class=\"wp-block-button\"><a class=\"wp-block-button__link wp-element-button\" href=\"https:\/\/foodtruckya.com\/\">visitar FOODTRUCKya<\/a><\/div>\n<\/div>\n\n\n\n<figure class=\"wp-block-image size-full\"><img  loading=\"lazy\"  decoding=\"async\"  width=\"1080\"  height=\"1080\"  src=\"data:image\/png;base64,iVBORw0KGgoAAAANSUhEUgAABDgAAAQ4AQMAAADW3v7MAAAAA1BMVEUAAP+KeNJXAAAAAXRSTlMAQObYZgAAAAlwSFlzAAAOxAAADsQBlSsOGwAAAKVJREFUeNrtwTEBAAAAwqD1T20JT6AAAAAAAAAAAAAAAAAAAAAAAAAAAAAAAAAAAAAAAAAAAAAAAAAAAAAAAAAAAAAAAAAAAAAAAAAAAAAAAAAAAAAAAAAAAAAAAAAAAAAAAAAAAAAAAAAAAAAAAAAAAAAAAAAAAAAAAAAAAAAAAAAAAAAAAAAAAAAAAAAAAAAAAAAAAAAAAAAAAAAAAAAAAAAAeBo93gABvA+tzQAAAABJRU5ErkJggg==\"  alt=\"food trucks A Coru\u00f1a\"  class=\"wp-image-13705 pk-lazyload\"  data-pk-sizes=\"auto\"  data-ls-sizes=\"(max-width: 1080px) 100vw, 1080px\"  data-pk-src=\"https:\/\/foodtruckya.com\/magazine\/wp-content\/uploads\/2026\/01\/expo-rock-festival-food-trucks.jpg\"  data-pk-srcset=\"https:\/\/foodtruckya.com\/magazine\/wp-content\/uploads\/2026\/01\/expo-rock-festival-food-trucks.jpg 1080w, https:\/\/foodtruckya.com\/magazine\/wp-content\/uploads\/2026\/01\/expo-rock-festival-food-trucks-800x800.jpg 800w, https:\/\/foodtruckya.com\/magazine\/wp-content\/uploads\/2026\/01\/expo-rock-festival-food-trucks-80x80.jpg 80w, https:\/\/foodtruckya.com\/magazine\/wp-content\/uploads\/2026\/01\/expo-rock-festival-food-trucks-120x120.jpg 120w, https:\/\/foodtruckya.com\/magazine\/wp-content\/uploads\/2026\/01\/expo-rock-festival-food-trucks-90x90.jpg 90w, https:\/\/foodtruckya.com\/magazine\/wp-content\/uploads\/2026\/01\/expo-rock-festival-food-trucks-320x320.jpg 320w, https:\/\/foodtruckya.com\/magazine\/wp-content\/uploads\/2026\/01\/expo-rock-festival-food-trucks-560x560.jpg 560w, https:\/\/foodtruckya.com\/magazine\/wp-content\/uploads\/2026\/01\/expo-rock-festival-food-trucks-160x160.jpg 160w, https:\/\/foodtruckya.com\/magazine\/wp-content\/uploads\/2026\/01\/expo-rock-festival-food-trucks-240x240.jpg 240w, https:\/\/foodtruckya.com\/magazine\/wp-content\/uploads\/2026\/01\/expo-rock-festival-food-trucks-180x180.jpg 180w, https:\/\/foodtruckya.com\/magazine\/wp-content\/uploads\/2026\/01\/expo-rock-festival-food-trucks-640x640.jpg 640w\" ><figcaption class=\"wp-element-caption\">foto by facebook exporock<\/figcaption><\/figure>\n","protected":false},"excerpt":{"rendered":"<p>ExpoROCK Festival A Coru\u00f1a 2026 con zona de food trucks y street food ExpoROCK Festival celebrar\u00e1 su primera edici\u00f3n en A Coru\u00f1a el 14 de marzo de 2026 en EXPOCoru\u00f1a,&hellip;<\/p>\n","protected":false},"author":7,"featured_media":13705,"comment_status":"closed","ping_status":"closed","sticky":false,"template":"","format":"standard","meta":{"footnotes":""},"categories":[1118],"tags":[],"powerkit_post_featured":[],"yoast_head":"<!-- This site is optimized with the Yoast SEO plugin v24.2 - https:\/\/yoast.com\/wordpress\/plugins\/seo\/ -->\n<title>ExpoROCK, food trucks en A Coru\u00f1a &#8212; Street Food Magazine<\/title>\n<meta name=\"description\" content=\"ExpoROCK Festival A Coru\u00f1a 2026 con zona de food trucks y street food, celebrar\u00e1 su primera edici\u00f3n el 14 de marzo de 2026 en EXPOCoru\u00f1a\" \/>\n<meta name=\"robots\" content=\"index, follow, max-snippet:-1, max-image-preview:large, max-video-preview:-1\" \/>\n<link rel=\"canonical\" href=\"https:\/\/foodtruckya.com\/magazine\/eventos\/exporock-food-trucks-en-a-coruna\/\" \/>\n<meta property=\"og:locale\" content=\"es_ES\" \/>\n<meta property=\"og:type\" content=\"article\" \/>\n<meta property=\"og:title\" content=\"ExpoROCK, food trucks en A Coru\u00f1a &#8212; Street Food Magazine\" \/>\n<meta property=\"og:description\" content=\"ExpoROCK Festival A Coru\u00f1a 2026 con zona de food trucks y street food, celebrar\u00e1 su primera edici\u00f3n el 14 de marzo de 2026 en EXPOCoru\u00f1a\" \/>\n<meta property=\"og:url\" content=\"https:\/\/foodtruckya.com\/magazine\/eventos\/exporock-food-trucks-en-a-coruna\/\" \/>\n<meta property=\"og:site_name\" content=\"Street Food Magazine\" \/>\n<meta property=\"article:publisher\" content=\"https:\/\/www.facebook.com\/Foodtruckya\/\" \/>\n<meta property=\"article:published_time\" content=\"2026-01-12T22:02:01+00:00\" \/>\n<meta property=\"article:modified_time\" content=\"2026-01-12T22:02:02+00:00\" \/>\n<meta property=\"og:image\" content=\"https:\/\/foodtruckya.com\/magazine\/wp-content\/uploads\/2026\/01\/expo-rock-festival-food-trucks.jpg\" \/>\n\t<meta property=\"og:image:width\" content=\"1080\" \/>\n\t<meta property=\"og:image:height\" content=\"1080\" \/>\n\t<meta property=\"og:image:type\" content=\"image\/jpeg\" \/>\n<meta name=\"author\" content=\"Aitor Apraiz\" \/>\n<meta name=\"twitter:card\" content=\"summary_large_image\" \/>\n<meta name=\"twitter:creator\" content=\"@Foodtruckya\" \/>\n<meta name=\"twitter:site\" content=\"@Foodtruckya\" \/>\n<meta name=\"twitter:label1\" content=\"Escrito por\" \/>\n\t<meta name=\"twitter:data1\" content=\"Aitor Apraiz\" \/>\n\t<meta name=\"twitter:label2\" content=\"Tiempo de lectura\" \/>\n\t<meta name=\"twitter:data2\" content=\"2 minutos\" \/>\n<script type=\"application\/ld+json\" class=\"yoast-schema-graph\">{\"@context\":\"https:\/\/schema.org\",\"@graph\":[{\"@type\":\"Article\",\"@id\":\"https:\/\/foodtruckya.com\/magazine\/eventos\/exporock-food-trucks-en-a-coruna\/#article\",\"isPartOf\":{\"@id\":\"https:\/\/foodtruckya.com\/magazine\/eventos\/exporock-food-trucks-en-a-coruna\/\"},\"author\":{\"name\":\"Aitor Apraiz\",\"@id\":\"https:\/\/foodtruckya.com\/magazine\/#\/schema\/person\/c63463dfe4a6cb311fe8efe83b961b7a\"},\"headline\":\"ExpoROCK, food trucks en A Coru\u00f1a\",\"datePublished\":\"2026-01-12T22:02:01+00:00\",\"dateModified\":\"2026-01-12T22:02:02+00:00\",\"mainEntityOfPage\":{\"@id\":\"https:\/\/foodtruckya.com\/magazine\/eventos\/exporock-food-trucks-en-a-coruna\/\"},\"wordCount\":299,\"publisher\":{\"@id\":\"https:\/\/foodtruckya.com\/magazine\/#organization\"},\"image\":{\"@id\":\"https:\/\/foodtruckya.com\/magazine\/eventos\/exporock-food-trucks-en-a-coruna\/#primaryimage\"},\"thumbnailUrl\":\"https:\/\/foodtruckya.com\/magazine\/wp-content\/uploads\/2026\/01\/expo-rock-festival-food-trucks.jpg\",\"articleSection\":[\"Eventos\"],\"inLanguage\":\"es\"},{\"@type\":\"WebPage\",\"@id\":\"https:\/\/foodtruckya.com\/magazine\/eventos\/exporock-food-trucks-en-a-coruna\/\",\"url\":\"https:\/\/foodtruckya.com\/magazine\/eventos\/exporock-food-trucks-en-a-coruna\/\",\"name\":\"ExpoROCK, food trucks en A Coru\u00f1a &#8212; Street Food Magazine\",\"isPartOf\":{\"@id\":\"https:\/\/foodtruckya.com\/magazine\/#website\"},\"primaryImageOfPage\":{\"@id\":\"https:\/\/foodtruckya.com\/magazine\/eventos\/exporock-food-trucks-en-a-coruna\/#primaryimage\"},\"image\":{\"@id\":\"https:\/\/foodtruckya.com\/magazine\/eventos\/exporock-food-trucks-en-a-coruna\/#primaryimage\"},\"thumbnailUrl\":\"https:\/\/foodtruckya.com\/magazine\/wp-content\/uploads\/2026\/01\/expo-rock-festival-food-trucks.jpg\",\"datePublished\":\"2026-01-12T22:02:01+00:00\",\"dateModified\":\"2026-01-12T22:02:02+00:00\",\"description\":\"ExpoROCK Festival A Coru\u00f1a 2026 con zona de food trucks y street food, celebrar\u00e1 su primera edici\u00f3n el 14 de marzo de 2026 en EXPOCoru\u00f1a\",\"breadcrumb\":{\"@id\":\"https:\/\/foodtruckya.com\/magazine\/eventos\/exporock-food-trucks-en-a-coruna\/#breadcrumb\"},\"inLanguage\":\"es\",\"potentialAction\":[{\"@type\":\"ReadAction\",\"target\":[\"https:\/\/foodtruckya.com\/magazine\/eventos\/exporock-food-trucks-en-a-coruna\/\"]}]},{\"@type\":\"ImageObject\",\"inLanguage\":\"es\",\"@id\":\"https:\/\/foodtruckya.com\/magazine\/eventos\/exporock-food-trucks-en-a-coruna\/#primaryimage\",\"url\":\"https:\/\/foodtruckya.com\/magazine\/wp-content\/uploads\/2026\/01\/expo-rock-festival-food-trucks.jpg\",\"contentUrl\":\"https:\/\/foodtruckya.com\/magazine\/wp-content\/uploads\/2026\/01\/expo-rock-festival-food-trucks.jpg\",\"width\":1080,\"height\":1080,\"caption\":\"ExpoROCK Festival A Coru\u00f1a 2026 food trucks\"},{\"@type\":\"BreadcrumbList\",\"@id\":\"https:\/\/foodtruckya.com\/magazine\/eventos\/exporock-food-trucks-en-a-coruna\/#breadcrumb\",\"itemListElement\":[{\"@type\":\"ListItem\",\"position\":1,\"name\":\"Portada\",\"item\":\"https:\/\/foodtruckya.com\/magazine\/\"},{\"@type\":\"ListItem\",\"position\":2,\"name\":\"ExpoROCK, food trucks en A Coru\u00f1a\"}]},{\"@type\":\"WebSite\",\"@id\":\"https:\/\/foodtruckya.com\/magazine\/#website\",\"url\":\"https:\/\/foodtruckya.com\/magazine\/\",\"name\":\"Street Food Magazine\",\"description\":\"Informaci\u00f3n sobre food trucks by Foodtruckya\",\"publisher\":{\"@id\":\"https:\/\/foodtruckya.com\/magazine\/#organization\"},\"potentialAction\":[{\"@type\":\"SearchAction\",\"target\":{\"@type\":\"EntryPoint\",\"urlTemplate\":\"https:\/\/foodtruckya.com\/magazine\/?s={search_term_string}\"},\"query-input\":{\"@type\":\"PropertyValueSpecification\",\"valueRequired\":true,\"valueName\":\"search_term_string\"}}],\"inLanguage\":\"es\"},{\"@type\":\"Organization\",\"@id\":\"https:\/\/foodtruckya.com\/magazine\/#organization\",\"name\":\"Foodtruckya\",\"url\":\"https:\/\/foodtruckya.com\/magazine\/\",\"logo\":{\"@type\":\"ImageObject\",\"inLanguage\":\"es\",\"@id\":\"https:\/\/foodtruckya.com\/magazine\/#\/schema\/logo\/image\/\",\"url\":\"https:\/\/foodtruckya.com\/magazine\/wp-content\/uploads\/2023\/05\/logo.png\",\"contentUrl\":\"https:\/\/foodtruckya.com\/magazine\/wp-content\/uploads\/2023\/05\/logo.png\",\"width\":500,\"height\":133,\"caption\":\"Foodtruckya\"},\"image\":{\"@id\":\"https:\/\/foodtruckya.com\/magazine\/#\/schema\/logo\/image\/\"},\"sameAs\":[\"https:\/\/www.facebook.com\/Foodtruckya\/\",\"https:\/\/x.com\/Foodtruckya\",\"https:\/\/www.instagram.com\/foodtruckya_oficial\/\"]},{\"@type\":\"Person\",\"@id\":\"https:\/\/foodtruckya.com\/magazine\/#\/schema\/person\/c63463dfe4a6cb311fe8efe83b961b7a\",\"name\":\"Aitor Apraiz\",\"url\":\"https:\/\/foodtruckya.com\/magazine\/author\/aitor\/\"}]}<\/script>\n<!-- \/ Yoast SEO plugin. -->","yoast_head_json":{"title":"ExpoROCK, food trucks en A Coru\u00f1a &#8212; Street Food Magazine","description":"ExpoROCK Festival A Coru\u00f1a 2026 con zona de food trucks y street food, celebrar\u00e1 su primera edici\u00f3n el 14 de marzo de 2026 en EXPOCoru\u00f1a","robots":{"index":"index","follow":"follow","max-snippet":"max-snippet:-1","max-image-preview":"max-image-preview:large","max-video-preview":"max-video-preview:-1"},"canonical":"https:\/\/foodtruckya.com\/magazine\/eventos\/exporock-food-trucks-en-a-coruna\/","og_locale":"es_ES","og_type":"article","og_title":"ExpoROCK, food trucks en A Coru\u00f1a &#8212; Street Food Magazine","og_description":"ExpoROCK Festival A Coru\u00f1a 2026 con zona de food trucks y street food, celebrar\u00e1 su primera edici\u00f3n el 14 de marzo de 2026 en EXPOCoru\u00f1a","og_url":"https:\/\/foodtruckya.com\/magazine\/eventos\/exporock-food-trucks-en-a-coruna\/","og_site_name":"Street Food Magazine","article_publisher":"https:\/\/www.facebook.com\/Foodtruckya\/","article_published_time":"2026-01-12T22:02:01+00:00","article_modified_time":"2026-01-12T22:02:02+00:00","og_image":[{"width":1080,"height":1080,"url":"https:\/\/foodtruckya.com\/magazine\/wp-content\/uploads\/2026\/01\/expo-rock-festival-food-trucks.jpg","type":"image\/jpeg"}],"author":"Aitor Apraiz","twitter_card":"summary_large_image","twitter_creator":"@Foodtruckya","twitter_site":"@Foodtruckya","twitter_misc":{"Escrito por":"Aitor Apraiz","Tiempo de lectura":"2 minutos"},"schema":{"@context":"https:\/\/schema.org","@graph":[{"@type":"Article","@id":"https:\/\/foodtruckya.com\/magazine\/eventos\/exporock-food-trucks-en-a-coruna\/#article","isPartOf":{"@id":"https:\/\/foodtruckya.com\/magazine\/eventos\/exporock-food-trucks-en-a-coruna\/"},"author":{"name":"Aitor Apraiz","@id":"https:\/\/foodtruckya.com\/magazine\/#\/schema\/person\/c63463dfe4a6cb311fe8efe83b961b7a"},"headline":"ExpoROCK, food trucks en A Coru\u00f1a","datePublished":"2026-01-12T22:02:01+00:00","dateModified":"2026-01-12T22:02:02+00:00","mainEntityOfPage":{"@id":"https:\/\/foodtruckya.com\/magazine\/eventos\/exporock-food-trucks-en-a-coruna\/"},"wordCount":299,"publisher":{"@id":"https:\/\/foodtruckya.com\/magazine\/#organization"},"image":{"@id":"https:\/\/foodtruckya.com\/magazine\/eventos\/exporock-food-trucks-en-a-coruna\/#primaryimage"},"thumbnailUrl":"https:\/\/foodtruckya.com\/magazine\/wp-content\/uploads\/2026\/01\/expo-rock-festival-food-trucks.jpg","articleSection":["Eventos"],"inLanguage":"es"},{"@type":"WebPage","@id":"https:\/\/foodtruckya.com\/magazine\/eventos\/exporock-food-trucks-en-a-coruna\/","url":"https:\/\/foodtruckya.com\/magazine\/eventos\/exporock-food-trucks-en-a-coruna\/","name":"ExpoROCK, food trucks en A Coru\u00f1a &#8212; Street Food Magazine","isPartOf":{"@id":"https:\/\/foodtruckya.com\/magazine\/#website"},"primaryImageOfPage":{"@id":"https:\/\/foodtruckya.com\/magazine\/eventos\/exporock-food-trucks-en-a-coruna\/#primaryimage"},"image":{"@id":"https:\/\/foodtruckya.com\/magazine\/eventos\/exporock-food-trucks-en-a-coruna\/#primaryimage"},"thumbnailUrl":"https:\/\/foodtruckya.com\/magazine\/wp-content\/uploads\/2026\/01\/expo-rock-festival-food-trucks.jpg","datePublished":"2026-01-12T22:02:01+00:00","dateModified":"2026-01-12T22:02:02+00:00","description":"ExpoROCK Festival A Coru\u00f1a 2026 con zona de food trucks y street food, celebrar\u00e1 su primera edici\u00f3n el 14 de marzo de 2026 en EXPOCoru\u00f1a","breadcrumb":{"@id":"https:\/\/foodtruckya.com\/magazine\/eventos\/exporock-food-trucks-en-a-coruna\/#breadcrumb"},"inLanguage":"es","potentialAction":[{"@type":"ReadAction","target":["https:\/\/foodtruckya.com\/magazine\/eventos\/exporock-food-trucks-en-a-coruna\/"]}]},{"@type":"ImageObject","inLanguage":"es","@id":"https:\/\/foodtruckya.com\/magazine\/eventos\/exporock-food-trucks-en-a-coruna\/#primaryimage","url":"https:\/\/foodtruckya.com\/magazine\/wp-content\/uploads\/2026\/01\/expo-rock-festival-food-trucks.jpg","contentUrl":"https:\/\/foodtruckya.com\/magazine\/wp-content\/uploads\/2026\/01\/expo-rock-festival-food-trucks.jpg","width":1080,"height":1080,"caption":"ExpoROCK Festival A Coru\u00f1a 2026 food trucks"},{"@type":"BreadcrumbList","@id":"https:\/\/foodtruckya.com\/magazine\/eventos\/exporock-food-trucks-en-a-coruna\/#breadcrumb","itemListElement":[{"@type":"ListItem","position":1,"name":"Portada","item":"https:\/\/foodtruckya.com\/magazine\/"},{"@type":"ListItem","position":2,"name":"ExpoROCK, food trucks en A Coru\u00f1a"}]},{"@type":"WebSite","@id":"https:\/\/foodtruckya.com\/magazine\/#website","url":"https:\/\/foodtruckya.com\/magazine\/","name":"Street Food Magazine","description":"Informaci\u00f3n sobre food trucks by Foodtruckya","publisher":{"@id":"https:\/\/foodtruckya.com\/magazine\/#organization"},"potentialAction":[{"@type":"SearchAction","target":{"@type":"EntryPoint","urlTemplate":"https:\/\/foodtruckya.com\/magazine\/?s={search_term_string}"},"query-input":{"@type":"PropertyValueSpecification","valueRequired":true,"valueName":"search_term_string"}}],"inLanguage":"es"},{"@type":"Organization","@id":"https:\/\/foodtruckya.com\/magazine\/#organization","name":"Foodtruckya","url":"https:\/\/foodtruckya.com\/magazine\/","logo":{"@type":"ImageObject","inLanguage":"es","@id":"https:\/\/foodtruckya.com\/magazine\/#\/schema\/logo\/image\/","url":"https:\/\/foodtruckya.com\/magazine\/wp-content\/uploads\/2023\/05\/logo.png","contentUrl":"https:\/\/foodtruckya.com\/magazine\/wp-content\/uploads\/2023\/05\/logo.png","width":500,"height":133,"caption":"Foodtruckya"},"image":{"@id":"https:\/\/foodtruckya.com\/magazine\/#\/schema\/logo\/image\/"},"sameAs":["https:\/\/www.facebook.com\/Foodtruckya\/","https:\/\/x.com\/Foodtruckya","https:\/\/www.instagram.com\/foodtruckya_oficial\/"]},{"@type":"Person","@id":"https:\/\/foodtruckya.com\/magazine\/#\/schema\/person\/c63463dfe4a6cb311fe8efe83b961b7a","name":"Aitor Apraiz","url":"https:\/\/foodtruckya.com\/magazine\/author\/aitor\/"}]}},"_links":{"self":[{"href":"https:\/\/foodtruckya.com\/magazine\/wp-json\/wp\/v2\/posts\/13704"}],"collection":[{"href":"https:\/\/foodtruckya.com\/magazine\/wp-json\/wp\/v2\/posts"}],"about":[{"href":"https:\/\/foodtruckya.com\/magazine\/wp-json\/wp\/v2\/types\/post"}],"author":[{"embeddable":true,"href":"https:\/\/foodtruckya.com\/magazine\/wp-json\/wp\/v2\/users\/7"}],"replies":[{"embeddable":true,"href":"https:\/\/foodtruckya.com\/magazine\/wp-json\/wp\/v2\/comments?post=13704"}],"version-history":[{"count":1,"href":"https:\/\/foodtruckya.com\/magazine\/wp-json\/wp\/v2\/posts\/13704\/revisions"}],"predecessor-version":[{"id":13706,"href":"https:\/\/foodtruckya.com\/magazine\/wp-json\/wp\/v2\/posts\/13704\/revisions\/13706"}],"wp:featuredmedia":[{"embeddable":true,"href":"https:\/\/foodtruckya.com\/magazine\/wp-json\/wp\/v2\/media\/13705"}],"wp:attachment":[{"href":"https:\/\/foodtruckya.com\/magazine\/wp-json\/wp\/v2\/media?parent=13704"}],"wp:term":[{"taxonomy":"category","embeddable":true,"href":"https:\/\/foodtruckya.com\/magazine\/wp-json\/wp\/v2\/categories?post=13704"},{"taxonomy":"post_tag","embeddable":true,"href":"https:\/\/foodtruckya.com\/magazine\/wp-json\/wp\/v2\/tags?post=13704"},{"taxonomy":"powerkit_post_featured","embeddable":true,"href":"https:\/\/foodtruckya.com\/magazine\/wp-json\/wp\/v2\/powerkit_post_featured?post=13704"}],"curies":[{"name":"wp","href":"https:\/\/api.w.org\/{rel}","templated":true}]}}