{"id":13785,"date":"2026-01-21T09:58:17","date_gmt":"2026-01-21T08:58:17","guid":{"rendered":"https:\/\/foodtruckya.com\/magazine\/?p=13785"},"modified":"2026-01-21T10:01:19","modified_gmt":"2026-01-21T09:01:19","slug":"food-trucks-en-venado-tuerto-encuentro-de-sabores-y-cultura","status":"publish","type":"post","link":"https:\/\/foodtruckya.com\/magazine\/eventos\/food-trucks-en-venado-tuerto-encuentro-de-sabores-y-cultura\/","title":{"rendered":"Food trucks en Venado Tuerto. Encuentro de Sabores y Cultura"},"content":{"rendered":"\n<h1 id=\"venado-tuerto-celebrara-una-nueva-edicion-del-encuentro-de-sabores-y-cultura-con-food-trucks\" class=\"wp-block-heading has-medium-font-size\">Venado Tuerto celebrar\u00e1 una nueva edici\u00f3n del Encuentro de Sabores y Cultura con food trucks<\/h1>\n\n\n\n<p>La ciudad de <strong>Venado Tuerto<\/strong> desarrollar\u00e1 este s\u00e1bado 24 de enero una nueva jornada del <strong>Encuentro de Sabores y Cultura<\/strong>, una propuesta con <strong>food trucks<\/strong> que combina gastronom\u00eda y espect\u00e1culos en el espacio p\u00fablico. La actividad se realizar\u00e1 en el <strong>Prado de Mar\u00eda<\/strong>, ubicado en la intersecci\u00f3n de Hip\u00f3lito Yrigoyen y Lisandro de la Torre, desde las 19:00 hasta la medianoche, como parte de la agenda municipal <strong>Verano en Venado<\/strong>.<\/p>\n\n\n\n<p>El evento contar\u00e1 con la participaci\u00f3n de <strong>40 carros y puestos gastron\u00f3micos<\/strong>, con una amplia presencia de <strong>food trucks<\/strong>, adem\u00e1s de un sector dedicado a propuestas dulces y un espacio destinado a infancias. La iniciativa se enmarca en el programa <strong>Impulso Emprendedor<\/strong>, orientado a promover la actividad de emprendedores locales vinculados a la gastronom\u00eda.<\/p>\n\n\n\n<p>La programaci\u00f3n art\u00edstica incluir\u00e1 presentaciones en vivo a lo largo de la noche. A las 20:45 est\u00e1 prevista la actuaci\u00f3n del grupo de danza <strong>Bora Bell<\/strong>, seguida por la banda <strong>Ojo Bizarro<\/strong> a las 22:00. El cierre musical estar\u00e1 a cargo del grupo <strong>Pa\u2019Delante<\/strong>, desde las 23:00.<\/p>\n\n\n\n<p>La organizaci\u00f3n del Encuentro de Sabores y Cultura corresponde a la <strong>Secretar\u00eda de Desarrollo Productivo<\/strong>, con la colaboraci\u00f3n de las secretar\u00edas de <strong>Territorialidad y Desarrollo Cultural<\/strong> y <strong>Control Urbano<\/strong>. Desde el municipio se record\u00f3 que la edici\u00f3n anterior, prevista para el s\u00e1bado pasado, debi\u00f3 suspenderse debido a una tormenta que afect\u00f3 a la ciudad, con el objetivo de resguardar la seguridad del p\u00fablico, los emprendedores y los artistas.<\/p>\n\n\n\n<p>M\u00e1s info <strong><em><a href=\"https:\/\/venadotuerto.gob.ar\/2026\/01\/20\/encuentro-de-sabores-y-cultura-otra-noche-de-food-trucks-y-espectaculos-en-el-prado-de-maria\/\" target=\"_blank\" rel=\"noreferrer noopener\">aqu\u00ed<\/a><\/em><\/strong><\/p>\n\n\n\n<hr class=\"wp-block-separator has-alpha-channel-opacity\"\/>\n\n\n\n<p>*<em>Recuerda que si est\u00e1s organizando un&nbsp;<strong>evento<\/strong>&nbsp;y quieres&nbsp;<strong>alquilar food trucks<\/strong>&nbsp;o&nbsp;<strong>contratar food trucks<\/strong>&nbsp;puedes utilizar nuestra Central de Reservas gratuita de<\/em><strong><em><a href=\"https:\/\/foodtruckya.com\/\">&nbsp;Foodtruckya<\/a><\/em><\/strong>&nbsp;<\/p>\n\n\n\n<div class=\"wp-block-buttons is-content-justification-center is-layout-flex wp-container-core-buttons-is-layout-1 wp-block-buttons-is-layout-flex\">\n<div class=\"wp-block-button\"><a class=\"wp-block-button__link wp-element-button\" href=\"https:\/\/foodtruckya.com\/\">visitar FOODTRUCKya<\/a><\/div>\n<\/div>\n\n\n<div class=\"wp-block-image\">\n<figure class=\"aligncenter size-full\"><img  loading=\"lazy\"  decoding=\"async\"  width=\"240\"  height=\"300\"  src=\"data:image\/png;base64,iVBORw0KGgoAAAANSUhEUgAAAPAAAAEsAQMAAADHEKwxAAAAA1BMVEUAAP+KeNJXAAAAAXRSTlMAQObYZgAAAAlwSFlzAAAOxAAADsQBlSsOGwAAAB9JREFUaN7twTEBAAAAwqD1T+1pCaAAAAAAAAAAAABuJFQAAaZI2\/wAAAAASUVORK5CYII=\"  alt=\"\"  class=\"wp-image-13786 pk-lazyload\"  data-pk-sizes=\"auto\"  data-ls-sizes=\"(max-width: 240px) 100vw, 240px\"  data-pk-src=\"https:\/\/foodtruckya.com\/magazine\/wp-content\/uploads\/2026\/01\/noche-de-food-trucks-venado-tuerto.jpeg\"  data-pk-srcset=\"https:\/\/foodtruckya.com\/magazine\/wp-content\/uploads\/2026\/01\/noche-de-food-trucks-venado-tuerto.jpeg 240w, https:\/\/foodtruckya.com\/magazine\/wp-content\/uploads\/2026\/01\/noche-de-food-trucks-venado-tuerto-120x150.jpeg 120w, https:\/\/foodtruckya.com\/magazine\/wp-content\/uploads\/2026\/01\/noche-de-food-trucks-venado-tuerto-90x113.jpeg 90w, https:\/\/foodtruckya.com\/magazine\/wp-content\/uploads\/2026\/01\/noche-de-food-trucks-venado-tuerto-180x225.jpeg 180w\" ><figcaption class=\"wp-element-caption\">foto by web venado tuerto<\/figcaption><\/figure><\/div>","protected":false},"excerpt":{"rendered":"<p>Venado Tuerto celebrar\u00e1 una nueva edici\u00f3n del Encuentro de Sabores y Cultura con food trucks La ciudad de Venado Tuerto desarrollar\u00e1 este s\u00e1bado 24 de enero una nueva jornada del&hellip;<\/p>\n","protected":false},"author":7,"featured_media":13788,"comment_status":"closed","ping_status":"closed","sticky":false,"template":"","format":"standard","meta":{"footnotes":""},"categories":[1118],"tags":[],"powerkit_post_featured":[],"yoast_head":"<!-- This site is optimized with the Yoast SEO plugin v24.2 - https:\/\/yoast.com\/wordpress\/plugins\/seo\/ -->\n<title>Food trucks en Venado Tuerto. Encuentro de Sabores y Cultura &#8212; Street Food Magazine<\/title>\n<meta name=\"description\" content=\"Venado Tuerto desarrollar\u00e1 este s\u00e1bado 24 de enero una nueva jornada del Encuentro de Sabores y Cultura, una propuesta con food trucks\" \/>\n<meta name=\"robots\" content=\"index, follow, max-snippet:-1, max-image-preview:large, max-video-preview:-1\" \/>\n<link rel=\"canonical\" href=\"https:\/\/foodtruckya.com\/magazine\/eventos\/food-trucks-en-venado-tuerto-encuentro-de-sabores-y-cultura\/\" \/>\n<meta property=\"og:locale\" content=\"es_ES\" \/>\n<meta property=\"og:type\" content=\"article\" \/>\n<meta property=\"og:title\" content=\"Food trucks en Venado Tuerto. Encuentro de Sabores y Cultura &#8212; Street Food Magazine\" \/>\n<meta property=\"og:description\" content=\"Venado Tuerto desarrollar\u00e1 este s\u00e1bado 24 de enero una nueva jornada del Encuentro de Sabores y Cultura, una propuesta con food trucks\" \/>\n<meta property=\"og:url\" content=\"https:\/\/foodtruckya.com\/magazine\/eventos\/food-trucks-en-venado-tuerto-encuentro-de-sabores-y-cultura\/\" \/>\n<meta property=\"og:site_name\" content=\"Street Food Magazine\" \/>\n<meta property=\"article:publisher\" content=\"https:\/\/www.facebook.com\/Foodtruckya\/\" \/>\n<meta property=\"article:published_time\" content=\"2026-01-21T08:58:17+00:00\" \/>\n<meta property=\"article:modified_time\" content=\"2026-01-21T09:01:19+00:00\" \/>\n<meta property=\"og:image\" content=\"https:\/\/foodtruckya.com\/magazine\/wp-content\/uploads\/2026\/01\/food-trucks-venado-tuerto-sabores-y-cultura.jpg\" \/>\n\t<meta property=\"og:image:width\" content=\"1160\" \/>\n\t<meta property=\"og:image:height\" content=\"870\" \/>\n\t<meta property=\"og:image:type\" content=\"image\/jpeg\" \/>\n<meta name=\"author\" content=\"Aitor Apraiz\" \/>\n<meta name=\"twitter:card\" content=\"summary_large_image\" \/>\n<meta name=\"twitter:creator\" content=\"@Foodtruckya\" \/>\n<meta name=\"twitter:site\" content=\"@Foodtruckya\" \/>\n<meta name=\"twitter:label1\" content=\"Escrito por\" \/>\n\t<meta name=\"twitter:data1\" content=\"Aitor Apraiz\" \/>\n\t<meta name=\"twitter:label2\" content=\"Tiempo de lectura\" \/>\n\t<meta name=\"twitter:data2\" content=\"2 minutos\" \/>\n<script type=\"application\/ld+json\" class=\"yoast-schema-graph\">{\"@context\":\"https:\/\/schema.org\",\"@graph\":[{\"@type\":\"Article\",\"@id\":\"https:\/\/foodtruckya.com\/magazine\/eventos\/food-trucks-en-venado-tuerto-encuentro-de-sabores-y-cultura\/#article\",\"isPartOf\":{\"@id\":\"https:\/\/foodtruckya.com\/magazine\/eventos\/food-trucks-en-venado-tuerto-encuentro-de-sabores-y-cultura\/\"},\"author\":{\"name\":\"Aitor Apraiz\",\"@id\":\"https:\/\/foodtruckya.com\/magazine\/#\/schema\/person\/c63463dfe4a6cb311fe8efe83b961b7a\"},\"headline\":\"Food trucks en Venado Tuerto. Encuentro de Sabores y Cultura\",\"datePublished\":\"2026-01-21T08:58:17+00:00\",\"dateModified\":\"2026-01-21T09:01:19+00:00\",\"mainEntityOfPage\":{\"@id\":\"https:\/\/foodtruckya.com\/magazine\/eventos\/food-trucks-en-venado-tuerto-encuentro-de-sabores-y-cultura\/\"},\"wordCount\":326,\"publisher\":{\"@id\":\"https:\/\/foodtruckya.com\/magazine\/#organization\"},\"image\":{\"@id\":\"https:\/\/foodtruckya.com\/magazine\/eventos\/food-trucks-en-venado-tuerto-encuentro-de-sabores-y-cultura\/#primaryimage\"},\"thumbnailUrl\":\"https:\/\/foodtruckya.com\/magazine\/wp-content\/uploads\/2026\/01\/food-trucks-venado-tuerto-sabores-y-cultura.jpg\",\"articleSection\":[\"Eventos\"],\"inLanguage\":\"es\"},{\"@type\":\"WebPage\",\"@id\":\"https:\/\/foodtruckya.com\/magazine\/eventos\/food-trucks-en-venado-tuerto-encuentro-de-sabores-y-cultura\/\",\"url\":\"https:\/\/foodtruckya.com\/magazine\/eventos\/food-trucks-en-venado-tuerto-encuentro-de-sabores-y-cultura\/\",\"name\":\"Food trucks en Venado Tuerto. Encuentro de Sabores y Cultura &#8212; Street Food Magazine\",\"isPartOf\":{\"@id\":\"https:\/\/foodtruckya.com\/magazine\/#website\"},\"primaryImageOfPage\":{\"@id\":\"https:\/\/foodtruckya.com\/magazine\/eventos\/food-trucks-en-venado-tuerto-encuentro-de-sabores-y-cultura\/#primaryimage\"},\"image\":{\"@id\":\"https:\/\/foodtruckya.com\/magazine\/eventos\/food-trucks-en-venado-tuerto-encuentro-de-sabores-y-cultura\/#primaryimage\"},\"thumbnailUrl\":\"https:\/\/foodtruckya.com\/magazine\/wp-content\/uploads\/2026\/01\/food-trucks-venado-tuerto-sabores-y-cultura.jpg\",\"datePublished\":\"2026-01-21T08:58:17+00:00\",\"dateModified\":\"2026-01-21T09:01:19+00:00\",\"description\":\"Venado Tuerto desarrollar\u00e1 este s\u00e1bado 24 de enero una nueva jornada del Encuentro de Sabores y Cultura, una propuesta con food trucks\",\"breadcrumb\":{\"@id\":\"https:\/\/foodtruckya.com\/magazine\/eventos\/food-trucks-en-venado-tuerto-encuentro-de-sabores-y-cultura\/#breadcrumb\"},\"inLanguage\":\"es\",\"potentialAction\":[{\"@type\":\"ReadAction\",\"target\":[\"https:\/\/foodtruckya.com\/magazine\/eventos\/food-trucks-en-venado-tuerto-encuentro-de-sabores-y-cultura\/\"]}]},{\"@type\":\"ImageObject\",\"inLanguage\":\"es\",\"@id\":\"https:\/\/foodtruckya.com\/magazine\/eventos\/food-trucks-en-venado-tuerto-encuentro-de-sabores-y-cultura\/#primaryimage\",\"url\":\"https:\/\/foodtruckya.com\/magazine\/wp-content\/uploads\/2026\/01\/food-trucks-venado-tuerto-sabores-y-cultura.jpg\",\"contentUrl\":\"https:\/\/foodtruckya.com\/magazine\/wp-content\/uploads\/2026\/01\/food-trucks-venado-tuerto-sabores-y-cultura.jpg\",\"width\":1160,\"height\":870},{\"@type\":\"BreadcrumbList\",\"@id\":\"https:\/\/foodtruckya.com\/magazine\/eventos\/food-trucks-en-venado-tuerto-encuentro-de-sabores-y-cultura\/#breadcrumb\",\"itemListElement\":[{\"@type\":\"ListItem\",\"position\":1,\"name\":\"Portada\",\"item\":\"https:\/\/foodtruckya.com\/magazine\/\"},{\"@type\":\"ListItem\",\"position\":2,\"name\":\"Food trucks en Venado Tuerto. Encuentro de Sabores y Cultura\"}]},{\"@type\":\"WebSite\",\"@id\":\"https:\/\/foodtruckya.com\/magazine\/#website\",\"url\":\"https:\/\/foodtruckya.com\/magazine\/\",\"name\":\"Street Food Magazine\",\"description\":\"Informaci\u00f3n sobre food trucks by Foodtruckya\",\"publisher\":{\"@id\":\"https:\/\/foodtruckya.com\/magazine\/#organization\"},\"potentialAction\":[{\"@type\":\"SearchAction\",\"target\":{\"@type\":\"EntryPoint\",\"urlTemplate\":\"https:\/\/foodtruckya.com\/magazine\/?s={search_term_string}\"},\"query-input\":{\"@type\":\"PropertyValueSpecification\",\"valueRequired\":true,\"valueName\":\"search_term_string\"}}],\"inLanguage\":\"es\"},{\"@type\":\"Organization\",\"@id\":\"https:\/\/foodtruckya.com\/magazine\/#organization\",\"name\":\"Foodtruckya\",\"url\":\"https:\/\/foodtruckya.com\/magazine\/\",\"logo\":{\"@type\":\"ImageObject\",\"inLanguage\":\"es\",\"@id\":\"https:\/\/foodtruckya.com\/magazine\/#\/schema\/logo\/image\/\",\"url\":\"https:\/\/foodtruckya.com\/magazine\/wp-content\/uploads\/2023\/05\/logo.png\",\"contentUrl\":\"https:\/\/foodtruckya.com\/magazine\/wp-content\/uploads\/2023\/05\/logo.png\",\"width\":500,\"height\":133,\"caption\":\"Foodtruckya\"},\"image\":{\"@id\":\"https:\/\/foodtruckya.com\/magazine\/#\/schema\/logo\/image\/\"},\"sameAs\":[\"https:\/\/www.facebook.com\/Foodtruckya\/\",\"https:\/\/x.com\/Foodtruckya\",\"https:\/\/www.instagram.com\/foodtruckya_oficial\/\"]},{\"@type\":\"Person\",\"@id\":\"https:\/\/foodtruckya.com\/magazine\/#\/schema\/person\/c63463dfe4a6cb311fe8efe83b961b7a\",\"name\":\"Aitor Apraiz\",\"url\":\"https:\/\/foodtruckya.com\/magazine\/author\/aitor\/\"}]}<\/script>\n<!-- \/ Yoast SEO plugin. -->","yoast_head_json":{"title":"Food trucks en Venado Tuerto. Encuentro de Sabores y Cultura &#8212; Street Food Magazine","description":"Venado Tuerto desarrollar\u00e1 este s\u00e1bado 24 de enero una nueva jornada del Encuentro de Sabores y Cultura, una propuesta con food trucks","robots":{"index":"index","follow":"follow","max-snippet":"max-snippet:-1","max-image-preview":"max-image-preview:large","max-video-preview":"max-video-preview:-1"},"canonical":"https:\/\/foodtruckya.com\/magazine\/eventos\/food-trucks-en-venado-tuerto-encuentro-de-sabores-y-cultura\/","og_locale":"es_ES","og_type":"article","og_title":"Food trucks en Venado Tuerto. Encuentro de Sabores y Cultura &#8212; Street Food Magazine","og_description":"Venado Tuerto desarrollar\u00e1 este s\u00e1bado 24 de enero una nueva jornada del Encuentro de Sabores y Cultura, una propuesta con food trucks","og_url":"https:\/\/foodtruckya.com\/magazine\/eventos\/food-trucks-en-venado-tuerto-encuentro-de-sabores-y-cultura\/","og_site_name":"Street Food Magazine","article_publisher":"https:\/\/www.facebook.com\/Foodtruckya\/","article_published_time":"2026-01-21T08:58:17+00:00","article_modified_time":"2026-01-21T09:01:19+00:00","og_image":[{"width":1160,"height":870,"url":"https:\/\/foodtruckya.com\/magazine\/wp-content\/uploads\/2026\/01\/food-trucks-venado-tuerto-sabores-y-cultura.jpg","type":"image\/jpeg"}],"author":"Aitor Apraiz","twitter_card":"summary_large_image","twitter_creator":"@Foodtruckya","twitter_site":"@Foodtruckya","twitter_misc":{"Escrito por":"Aitor Apraiz","Tiempo de lectura":"2 minutos"},"schema":{"@context":"https:\/\/schema.org","@graph":[{"@type":"Article","@id":"https:\/\/foodtruckya.com\/magazine\/eventos\/food-trucks-en-venado-tuerto-encuentro-de-sabores-y-cultura\/#article","isPartOf":{"@id":"https:\/\/foodtruckya.com\/magazine\/eventos\/food-trucks-en-venado-tuerto-encuentro-de-sabores-y-cultura\/"},"author":{"name":"Aitor Apraiz","@id":"https:\/\/foodtruckya.com\/magazine\/#\/schema\/person\/c63463dfe4a6cb311fe8efe83b961b7a"},"headline":"Food trucks en Venado Tuerto. Encuentro de Sabores y Cultura","datePublished":"2026-01-21T08:58:17+00:00","dateModified":"2026-01-21T09:01:19+00:00","mainEntityOfPage":{"@id":"https:\/\/foodtruckya.com\/magazine\/eventos\/food-trucks-en-venado-tuerto-encuentro-de-sabores-y-cultura\/"},"wordCount":326,"publisher":{"@id":"https:\/\/foodtruckya.com\/magazine\/#organization"},"image":{"@id":"https:\/\/foodtruckya.com\/magazine\/eventos\/food-trucks-en-venado-tuerto-encuentro-de-sabores-y-cultura\/#primaryimage"},"thumbnailUrl":"https:\/\/foodtruckya.com\/magazine\/wp-content\/uploads\/2026\/01\/food-trucks-venado-tuerto-sabores-y-cultura.jpg","articleSection":["Eventos"],"inLanguage":"es"},{"@type":"WebPage","@id":"https:\/\/foodtruckya.com\/magazine\/eventos\/food-trucks-en-venado-tuerto-encuentro-de-sabores-y-cultura\/","url":"https:\/\/foodtruckya.com\/magazine\/eventos\/food-trucks-en-venado-tuerto-encuentro-de-sabores-y-cultura\/","name":"Food trucks en Venado Tuerto. Encuentro de Sabores y Cultura &#8212; Street Food Magazine","isPartOf":{"@id":"https:\/\/foodtruckya.com\/magazine\/#website"},"primaryImageOfPage":{"@id":"https:\/\/foodtruckya.com\/magazine\/eventos\/food-trucks-en-venado-tuerto-encuentro-de-sabores-y-cultura\/#primaryimage"},"image":{"@id":"https:\/\/foodtruckya.com\/magazine\/eventos\/food-trucks-en-venado-tuerto-encuentro-de-sabores-y-cultura\/#primaryimage"},"thumbnailUrl":"https:\/\/foodtruckya.com\/magazine\/wp-content\/uploads\/2026\/01\/food-trucks-venado-tuerto-sabores-y-cultura.jpg","datePublished":"2026-01-21T08:58:17+00:00","dateModified":"2026-01-21T09:01:19+00:00","description":"Venado Tuerto desarrollar\u00e1 este s\u00e1bado 24 de enero una nueva jornada del Encuentro de Sabores y Cultura, una propuesta con food trucks","breadcrumb":{"@id":"https:\/\/foodtruckya.com\/magazine\/eventos\/food-trucks-en-venado-tuerto-encuentro-de-sabores-y-cultura\/#breadcrumb"},"inLanguage":"es","potentialAction":[{"@type":"ReadAction","target":["https:\/\/foodtruckya.com\/magazine\/eventos\/food-trucks-en-venado-tuerto-encuentro-de-sabores-y-cultura\/"]}]},{"@type":"ImageObject","inLanguage":"es","@id":"https:\/\/foodtruckya.com\/magazine\/eventos\/food-trucks-en-venado-tuerto-encuentro-de-sabores-y-cultura\/#primaryimage","url":"https:\/\/foodtruckya.com\/magazine\/wp-content\/uploads\/2026\/01\/food-trucks-venado-tuerto-sabores-y-cultura.jpg","contentUrl":"https:\/\/foodtruckya.com\/magazine\/wp-content\/uploads\/2026\/01\/food-trucks-venado-tuerto-sabores-y-cultura.jpg","width":1160,"height":870},{"@type":"BreadcrumbList","@id":"https:\/\/foodtruckya.com\/magazine\/eventos\/food-trucks-en-venado-tuerto-encuentro-de-sabores-y-cultura\/#breadcrumb","itemListElement":[{"@type":"ListItem","position":1,"name":"Portada","item":"https:\/\/foodtruckya.com\/magazine\/"},{"@type":"ListItem","position":2,"name":"Food trucks en Venado Tuerto. Encuentro de Sabores y Cultura"}]},{"@type":"WebSite","@id":"https:\/\/foodtruckya.com\/magazine\/#website","url":"https:\/\/foodtruckya.com\/magazine\/","name":"Street Food Magazine","description":"Informaci\u00f3n sobre food trucks by Foodtruckya","publisher":{"@id":"https:\/\/foodtruckya.com\/magazine\/#organization"},"potentialAction":[{"@type":"SearchAction","target":{"@type":"EntryPoint","urlTemplate":"https:\/\/foodtruckya.com\/magazine\/?s={search_term_string}"},"query-input":{"@type":"PropertyValueSpecification","valueRequired":true,"valueName":"search_term_string"}}],"inLanguage":"es"},{"@type":"Organization","@id":"https:\/\/foodtruckya.com\/magazine\/#organization","name":"Foodtruckya","url":"https:\/\/foodtruckya.com\/magazine\/","logo":{"@type":"ImageObject","inLanguage":"es","@id":"https:\/\/foodtruckya.com\/magazine\/#\/schema\/logo\/image\/","url":"https:\/\/foodtruckya.com\/magazine\/wp-content\/uploads\/2023\/05\/logo.png","contentUrl":"https:\/\/foodtruckya.com\/magazine\/wp-content\/uploads\/2023\/05\/logo.png","width":500,"height":133,"caption":"Foodtruckya"},"image":{"@id":"https:\/\/foodtruckya.com\/magazine\/#\/schema\/logo\/image\/"},"sameAs":["https:\/\/www.facebook.com\/Foodtruckya\/","https:\/\/x.com\/Foodtruckya","https:\/\/www.instagram.com\/foodtruckya_oficial\/"]},{"@type":"Person","@id":"https:\/\/foodtruckya.com\/magazine\/#\/schema\/person\/c63463dfe4a6cb311fe8efe83b961b7a","name":"Aitor Apraiz","url":"https:\/\/foodtruckya.com\/magazine\/author\/aitor\/"}]}},"_links":{"self":[{"href":"https:\/\/foodtruckya.com\/magazine\/wp-json\/wp\/v2\/posts\/13785"}],"collection":[{"href":"https:\/\/foodtruckya.com\/magazine\/wp-json\/wp\/v2\/posts"}],"about":[{"href":"https:\/\/foodtruckya.com\/magazine\/wp-json\/wp\/v2\/types\/post"}],"author":[{"embeddable":true,"href":"https:\/\/foodtruckya.com\/magazine\/wp-json\/wp\/v2\/users\/7"}],"replies":[{"embeddable":true,"href":"https:\/\/foodtruckya.com\/magazine\/wp-json\/wp\/v2\/comments?post=13785"}],"version-history":[{"count":1,"href":"https:\/\/foodtruckya.com\/magazine\/wp-json\/wp\/v2\/posts\/13785\/revisions"}],"predecessor-version":[{"id":13787,"href":"https:\/\/foodtruckya.com\/magazine\/wp-json\/wp\/v2\/posts\/13785\/revisions\/13787"}],"wp:featuredmedia":[{"embeddable":true,"href":"https:\/\/foodtruckya.com\/magazine\/wp-json\/wp\/v2\/media\/13788"}],"wp:attachment":[{"href":"https:\/\/foodtruckya.com\/magazine\/wp-json\/wp\/v2\/media?parent=13785"}],"wp:term":[{"taxonomy":"category","embeddable":true,"href":"https:\/\/foodtruckya.com\/magazine\/wp-json\/wp\/v2\/categories?post=13785"},{"taxonomy":"post_tag","embeddable":true,"href":"https:\/\/foodtruckya.com\/magazine\/wp-json\/wp\/v2\/tags?post=13785"},{"taxonomy":"powerkit_post_featured","embeddable":true,"href":"https:\/\/foodtruckya.com\/magazine\/wp-json\/wp\/v2\/powerkit_post_featured?post=13785"}],"curies":[{"name":"wp","href":"https:\/\/api.w.org\/{rel}","templated":true}]}}