{"id":13789,"date":"2026-01-21T10:14:32","date_gmt":"2026-01-21T09:14:32","guid":{"rendered":"https:\/\/foodtruckya.com\/magazine\/?p=13789"},"modified":"2026-01-21T10:14:33","modified_gmt":"2026-01-21T09:14:33","slug":"food-trucks-en-san-luis-festival-de-la-familia","status":"publish","type":"post","link":"https:\/\/foodtruckya.com\/magazine\/eventos\/food-trucks-en-san-luis-festival-de-la-familia\/","title":{"rendered":"Food trucks en San Luis. Festival de la Familia"},"content":{"rendered":"\n<h1 id=\"san-luis-celebrara-la-segunda-edicion-del-festival-de-la-familia-con-food-trucks-emprendedores-y-musica-en-vivo\" class=\"wp-block-heading has-medium-font-size\">San Luis celebrar\u00e1 la segunda edici\u00f3n del Festival de la Familia con food trucks, emprendedores y m\u00fasica en vivo<\/h1>\n\n\n\n<p>La segunda edici\u00f3n del <strong>Festival de la Familia<\/strong> se realizar\u00e1 este viernes desde las 18 horas en el Parque IV Centenario, en la ciudad de <strong>San Luis<\/strong>, con entrada libre y gratuita. El evento reunir\u00e1 <strong>food trucks<\/strong>  y una amplia propuesta cultural y gastron\u00f3mica, con la participaci\u00f3n de artistas nacionales, provinciales y locales, m\u00e1s de 160 emprendedores y un despliegue especial de transporte, seguridad y salud.<\/p>\n\n\n\n<h2 id=\"grilla-artistica-y-participacion-local\" class=\"wp-block-heading has-medium-font-size\">Grilla art\u00edstica y participaci\u00f3n local<\/h2>\n\n\n\n<p>El festival contar\u00e1 con una programaci\u00f3n musical integrada por artistas de alcance nacional y provincial, entre ellos Dale Q\u2019 Va, Valentina M\u00e1rquez y Los Playeros, que celebran 50 a\u00f1os de trayectoria. Adem\u00e1s, el evento dar\u00e1 espacio a artistas emergentes de la ciudad, seleccionados mediante una convocatoria local, que estar\u00e1n a cargo de la apertura del encuentro.<\/p>\n\n\n\n<p>La propuesta art\u00edstica se completa con la participaci\u00f3n de agrupaciones provinciales y ballets folkl\u00f3ricos que formar\u00e1n parte de la grilla oficial.<\/p>\n\n\n\n<h2 id=\"un-evento-pensado-para-las-familias\" class=\"wp-block-heading has-medium-font-size\">Un evento pensado para las familias<\/h2>\n\n\n\n<p>Entre las novedades de esta edici\u00f3n se encuentra la ampliaci\u00f3n de la capacidad del predio, con la habilitaci\u00f3n de una zona de campo anexa al anfiteatro y gradas adicionales. El p\u00fablico podr\u00e1 asistir con reposeras y equipo de mate. Desde la organizaci\u00f3n se inform\u00f3 que estar\u00e1 prohibido el expendio de bebidas alcoh\u00f3licas y el uso de pirotecnia lum\u00ednica y sonora.<\/p>\n\n\n\n<h2 id=\"emprendedores-artesanos-y-food-trucks\" class=\"wp-block-heading has-medium-font-size\">Emprendedores, artesanos y food trucks<\/h2>\n\n\n\n<p>El Festival de la Familia 2026 contar\u00e1 con <strong>162 emprendedores<\/strong>, entre artesanos, productores y <strong>food trucks<\/strong>, consolidando un polo gastron\u00f3mico y artesanal sobre la avenida IV Centenario. La convocatoria registr\u00f3 alrededor de 550 solicitudes, de las cuales fueron seleccionadas aquellas que cumplieron con los requisitos de habilitaci\u00f3n comercial y bromatol\u00f3gica.<\/p>\n\n\n\n<p>La presencia de <strong>food trucks<\/strong> vuelve a ocupar un rol central dentro del evento, reforzando su importancia como formato gastron\u00f3mico habitual en festivales, celebraciones populares y encuentros culturales de gran escala.<\/p>\n\n\n\n<h2 id=\"transporte-gratuito-y-operativo-integral\" class=\"wp-block-heading has-medium-font-size\">Transporte gratuito y operativo integral<\/h2>\n\n\n\n<p>Para facilitar el regreso del p\u00fablico, se dispondr\u00e1 de colectivos gratuitos al finalizar el evento, con unidades identificadas por zonas y personal de coordinaci\u00f3n. En paralelo, se desplegar\u00e1 un operativo de seguridad y salud que incluir\u00e1 efectivos policiales, preventores municipales y ambulancias de alta complejidad.<\/p>\n\n\n\n<p>El <strong>Festival de la Familia <\/strong>se integra al programa provincial \u201c50 Festivales\u201d y se desarrollar\u00e1 con acceso libre y gratuito, como parte de la agenda cultural de verano en la <strong>ciudad de San Luis<\/strong>.<\/p>\n\n\n\n<p>M\u00e1s info <strong><em><a href=\"https:\/\/sanluislaciudad.gob.ar\/gaston-hissa-queremos-que-sea-un-verdadero-encuentro-para-toda-la-familia\/\" target=\"_blank\" rel=\"noreferrer noopener\">aqu\u00ed<\/a><\/em><\/strong><\/p>\n\n\n\n<hr class=\"wp-block-separator has-alpha-channel-opacity\"\/>\n\n\n\n<p>*<em>Recuerda que si est\u00e1s organizando un&nbsp;<strong>evento<\/strong>&nbsp;y quieres&nbsp;<strong>alquilar food trucks<\/strong>&nbsp;o&nbsp;<strong>contratar food trucks<\/strong>&nbsp;puedes utilizar nuestra Central de Reservas gratuita de<\/em><strong><em><a href=\"https:\/\/foodtruckya.com\/\">&nbsp;Foodtruckya<\/a><\/em><\/strong>&nbsp;<\/p>\n\n\n\n<div class=\"wp-block-buttons is-content-justification-center is-layout-flex wp-container-core-buttons-is-layout-1 wp-block-buttons-is-layout-flex\">\n<div class=\"wp-block-button\"><a class=\"wp-block-button__link wp-element-button\" href=\"https:\/\/foodtruckya.com\/\">visitar FOODTRUCKya<\/a><\/div>\n<\/div>\n\n\n\n<figure class=\"wp-block-image size-full\"><img  loading=\"lazy\"  decoding=\"async\"  width=\"1153\"  height=\"2048\"  src=\"data:image\/png;base64,iVBORw0KGgoAAAANSUhEUgAABIEAAAgAAQMAAACLtLGLAAAAA1BMVEUAAP+KeNJXAAAAAXRSTlMAQObYZgAAAAlwSFlzAAAOxAAADsQBlSsOGwAAAThJREFUeNrtwQEBAAAAgiD\/r25IQAEAAAAAAAAAAAAAAAAAAAAAAAAAAAAAAAAAAAAAAAAAAAAAAAAAAAAAAAAAAAAAAAAAAAAAAAAAAAAAAAAAAAAAAAAAAAAAAAAAAAAAAAAAAAAAAAAAAAAAAAAAAAAAAAAAAAAAAAAAAAAAAAAAAAAAAAAAAAAAAAAAAAAAAAAAAAAAAAAAAAAAAAAAAAAAAAAAAAAAAAAAAAAAAAAAAAAAAAAAAAAAAAAAAAAAAAAAAAAAAAAAAAAAAAAAAAAAAAAAAAAAAAAAAAAAAAAAAAAAAAAAAAAAAAAAAAAAAAAAAAAAAAAAAAAAAAAAAAAAAAAAAAAAAAAAAAAAAAAAAAAAAAAAAAAAAAAAAAAAAAAAAAAAAAAAAAAAAAAAAAAAAADAnwGQPAABm+8m4AAAAABJRU5ErkJggg==\"  alt=\"festival de la familia san luis\"  class=\"wp-image-13791 pk-lazyload\"  data-pk-sizes=\"auto\"  data-ls-sizes=\"(max-width: 1153px) 100vw, 1153px\"  data-pk-src=\"https:\/\/foodtruckya.com\/magazine\/wp-content\/uploads\/2026\/01\/municipalidad-san-luis-festival-de-la-familia.jpg\"  data-pk-srcset=\"https:\/\/foodtruckya.com\/magazine\/wp-content\/uploads\/2026\/01\/municipalidad-san-luis-festival-de-la-familia.jpg 1153w, https:\/\/foodtruckya.com\/magazine\/wp-content\/uploads\/2026\/01\/municipalidad-san-luis-festival-de-la-familia-800x1421.jpg 800w, https:\/\/foodtruckya.com\/magazine\/wp-content\/uploads\/2026\/01\/municipalidad-san-luis-festival-de-la-familia-865x1536.jpg 865w, https:\/\/foodtruckya.com\/magazine\/wp-content\/uploads\/2026\/01\/municipalidad-san-luis-festival-de-la-familia-120x213.jpg 120w, https:\/\/foodtruckya.com\/magazine\/wp-content\/uploads\/2026\/01\/municipalidad-san-luis-festival-de-la-familia-90x160.jpg 90w, https:\/\/foodtruckya.com\/magazine\/wp-content\/uploads\/2026\/01\/municipalidad-san-luis-festival-de-la-familia-320x568.jpg 320w, https:\/\/foodtruckya.com\/magazine\/wp-content\/uploads\/2026\/01\/municipalidad-san-luis-festival-de-la-familia-560x995.jpg 560w, https:\/\/foodtruckya.com\/magazine\/wp-content\/uploads\/2026\/01\/municipalidad-san-luis-festival-de-la-familia-240x426.jpg 240w, https:\/\/foodtruckya.com\/magazine\/wp-content\/uploads\/2026\/01\/municipalidad-san-luis-festival-de-la-familia-180x320.jpg 180w, https:\/\/foodtruckya.com\/magazine\/wp-content\/uploads\/2026\/01\/municipalidad-san-luis-festival-de-la-familia-640x1137.jpg 640w, https:\/\/foodtruckya.com\/magazine\/wp-content\/uploads\/2026\/01\/municipalidad-san-luis-festival-de-la-familia-1120x1989.jpg 1120w\" ><figcaption class=\"wp-element-caption\">foto by facebook Municipalidad de la ciudad de San Luis<\/figcaption><\/figure>\n","protected":false},"excerpt":{"rendered":"<p>San Luis celebrar\u00e1 la segunda edici\u00f3n del Festival de la Familia con food trucks, emprendedores y m\u00fasica en vivo La segunda edici\u00f3n del Festival de la Familia se realizar\u00e1 este&hellip;<\/p>\n","protected":false},"author":7,"featured_media":13791,"comment_status":"closed","ping_status":"closed","sticky":false,"template":"","format":"standard","meta":{"footnotes":""},"categories":[1118],"tags":[],"powerkit_post_featured":[],"yoast_head":"<!-- This site is optimized with the Yoast SEO plugin v24.2 - https:\/\/yoast.com\/wordpress\/plugins\/seo\/ -->\n<title>Food trucks en San Luis. Festival de la Familia &#8212; Street Food Magazine<\/title>\n<meta name=\"description\" content=\"San Luis celebrar\u00e1 la segunda edici\u00f3n del Festival de la Familia con food trucks, emprendedores y m\u00fasica en vivo\" \/>\n<meta name=\"robots\" content=\"index, follow, max-snippet:-1, max-image-preview:large, max-video-preview:-1\" \/>\n<link rel=\"canonical\" href=\"https:\/\/foodtruckya.com\/magazine\/eventos\/food-trucks-en-san-luis-festival-de-la-familia\/\" \/>\n<meta property=\"og:locale\" content=\"es_ES\" \/>\n<meta property=\"og:type\" content=\"article\" \/>\n<meta property=\"og:title\" content=\"Food trucks en San Luis. Festival de la Familia &#8212; Street Food Magazine\" \/>\n<meta property=\"og:description\" content=\"San Luis celebrar\u00e1 la segunda edici\u00f3n del Festival de la Familia con food trucks, emprendedores y m\u00fasica en vivo\" \/>\n<meta property=\"og:url\" content=\"https:\/\/foodtruckya.com\/magazine\/eventos\/food-trucks-en-san-luis-festival-de-la-familia\/\" \/>\n<meta property=\"og:site_name\" content=\"Street Food Magazine\" \/>\n<meta property=\"article:publisher\" content=\"https:\/\/www.facebook.com\/Foodtruckya\/\" \/>\n<meta property=\"article:published_time\" content=\"2026-01-21T09:14:32+00:00\" \/>\n<meta property=\"article:modified_time\" content=\"2026-01-21T09:14:33+00:00\" \/>\n<meta property=\"og:image\" content=\"https:\/\/foodtruckya.com\/magazine\/wp-content\/uploads\/2026\/01\/municipalidad-san-luis-festival-de-la-familia.jpg\" \/>\n\t<meta property=\"og:image:width\" content=\"1153\" \/>\n\t<meta property=\"og:image:height\" content=\"2048\" \/>\n\t<meta property=\"og:image:type\" content=\"image\/jpeg\" \/>\n<meta name=\"author\" content=\"Aitor Apraiz\" \/>\n<meta name=\"twitter:card\" content=\"summary_large_image\" \/>\n<meta name=\"twitter:creator\" content=\"@Foodtruckya\" \/>\n<meta name=\"twitter:site\" content=\"@Foodtruckya\" \/>\n<meta name=\"twitter:label1\" content=\"Escrito por\" \/>\n\t<meta name=\"twitter:data1\" content=\"Aitor Apraiz\" \/>\n\t<meta name=\"twitter:label2\" content=\"Tiempo de lectura\" \/>\n\t<meta name=\"twitter:data2\" content=\"3 minutos\" \/>\n<script type=\"application\/ld+json\" class=\"yoast-schema-graph\">{\"@context\":\"https:\/\/schema.org\",\"@graph\":[{\"@type\":\"Article\",\"@id\":\"https:\/\/foodtruckya.com\/magazine\/eventos\/food-trucks-en-san-luis-festival-de-la-familia\/#article\",\"isPartOf\":{\"@id\":\"https:\/\/foodtruckya.com\/magazine\/eventos\/food-trucks-en-san-luis-festival-de-la-familia\/\"},\"author\":{\"name\":\"Aitor Apraiz\",\"@id\":\"https:\/\/foodtruckya.com\/magazine\/#\/schema\/person\/c63463dfe4a6cb311fe8efe83b961b7a\"},\"headline\":\"Food trucks en San Luis. Festival de la Familia\",\"datePublished\":\"2026-01-21T09:14:32+00:00\",\"dateModified\":\"2026-01-21T09:14:33+00:00\",\"mainEntityOfPage\":{\"@id\":\"https:\/\/foodtruckya.com\/magazine\/eventos\/food-trucks-en-san-luis-festival-de-la-familia\/\"},\"wordCount\":485,\"publisher\":{\"@id\":\"https:\/\/foodtruckya.com\/magazine\/#organization\"},\"image\":{\"@id\":\"https:\/\/foodtruckya.com\/magazine\/eventos\/food-trucks-en-san-luis-festival-de-la-familia\/#primaryimage\"},\"thumbnailUrl\":\"https:\/\/foodtruckya.com\/magazine\/wp-content\/uploads\/2026\/01\/municipalidad-san-luis-festival-de-la-familia.jpg\",\"articleSection\":[\"Eventos\"],\"inLanguage\":\"es\"},{\"@type\":\"WebPage\",\"@id\":\"https:\/\/foodtruckya.com\/magazine\/eventos\/food-trucks-en-san-luis-festival-de-la-familia\/\",\"url\":\"https:\/\/foodtruckya.com\/magazine\/eventos\/food-trucks-en-san-luis-festival-de-la-familia\/\",\"name\":\"Food trucks en San Luis. Festival de la Familia &#8212; Street Food Magazine\",\"isPartOf\":{\"@id\":\"https:\/\/foodtruckya.com\/magazine\/#website\"},\"primaryImageOfPage\":{\"@id\":\"https:\/\/foodtruckya.com\/magazine\/eventos\/food-trucks-en-san-luis-festival-de-la-familia\/#primaryimage\"},\"image\":{\"@id\":\"https:\/\/foodtruckya.com\/magazine\/eventos\/food-trucks-en-san-luis-festival-de-la-familia\/#primaryimage\"},\"thumbnailUrl\":\"https:\/\/foodtruckya.com\/magazine\/wp-content\/uploads\/2026\/01\/municipalidad-san-luis-festival-de-la-familia.jpg\",\"datePublished\":\"2026-01-21T09:14:32+00:00\",\"dateModified\":\"2026-01-21T09:14:33+00:00\",\"description\":\"San Luis celebrar\u00e1 la segunda edici\u00f3n del Festival de la Familia con food trucks, emprendedores y m\u00fasica en vivo\",\"breadcrumb\":{\"@id\":\"https:\/\/foodtruckya.com\/magazine\/eventos\/food-trucks-en-san-luis-festival-de-la-familia\/#breadcrumb\"},\"inLanguage\":\"es\",\"potentialAction\":[{\"@type\":\"ReadAction\",\"target\":[\"https:\/\/foodtruckya.com\/magazine\/eventos\/food-trucks-en-san-luis-festival-de-la-familia\/\"]}]},{\"@type\":\"ImageObject\",\"inLanguage\":\"es\",\"@id\":\"https:\/\/foodtruckya.com\/magazine\/eventos\/food-trucks-en-san-luis-festival-de-la-familia\/#primaryimage\",\"url\":\"https:\/\/foodtruckya.com\/magazine\/wp-content\/uploads\/2026\/01\/municipalidad-san-luis-festival-de-la-familia.jpg\",\"contentUrl\":\"https:\/\/foodtruckya.com\/magazine\/wp-content\/uploads\/2026\/01\/municipalidad-san-luis-festival-de-la-familia.jpg\",\"width\":1153,\"height\":2048,\"caption\":\"festival de la familia San Luis food trucks\"},{\"@type\":\"BreadcrumbList\",\"@id\":\"https:\/\/foodtruckya.com\/magazine\/eventos\/food-trucks-en-san-luis-festival-de-la-familia\/#breadcrumb\",\"itemListElement\":[{\"@type\":\"ListItem\",\"position\":1,\"name\":\"Portada\",\"item\":\"https:\/\/foodtruckya.com\/magazine\/\"},{\"@type\":\"ListItem\",\"position\":2,\"name\":\"Food trucks en San Luis. Festival de la Familia\"}]},{\"@type\":\"WebSite\",\"@id\":\"https:\/\/foodtruckya.com\/magazine\/#website\",\"url\":\"https:\/\/foodtruckya.com\/magazine\/\",\"name\":\"Street Food Magazine\",\"description\":\"Informaci\u00f3n sobre food trucks by Foodtruckya\",\"publisher\":{\"@id\":\"https:\/\/foodtruckya.com\/magazine\/#organization\"},\"potentialAction\":[{\"@type\":\"SearchAction\",\"target\":{\"@type\":\"EntryPoint\",\"urlTemplate\":\"https:\/\/foodtruckya.com\/magazine\/?s={search_term_string}\"},\"query-input\":{\"@type\":\"PropertyValueSpecification\",\"valueRequired\":true,\"valueName\":\"search_term_string\"}}],\"inLanguage\":\"es\"},{\"@type\":\"Organization\",\"@id\":\"https:\/\/foodtruckya.com\/magazine\/#organization\",\"name\":\"Foodtruckya\",\"url\":\"https:\/\/foodtruckya.com\/magazine\/\",\"logo\":{\"@type\":\"ImageObject\",\"inLanguage\":\"es\",\"@id\":\"https:\/\/foodtruckya.com\/magazine\/#\/schema\/logo\/image\/\",\"url\":\"https:\/\/foodtruckya.com\/magazine\/wp-content\/uploads\/2023\/05\/logo.png\",\"contentUrl\":\"https:\/\/foodtruckya.com\/magazine\/wp-content\/uploads\/2023\/05\/logo.png\",\"width\":500,\"height\":133,\"caption\":\"Foodtruckya\"},\"image\":{\"@id\":\"https:\/\/foodtruckya.com\/magazine\/#\/schema\/logo\/image\/\"},\"sameAs\":[\"https:\/\/www.facebook.com\/Foodtruckya\/\",\"https:\/\/x.com\/Foodtruckya\",\"https:\/\/www.instagram.com\/foodtruckya_oficial\/\"]},{\"@type\":\"Person\",\"@id\":\"https:\/\/foodtruckya.com\/magazine\/#\/schema\/person\/c63463dfe4a6cb311fe8efe83b961b7a\",\"name\":\"Aitor Apraiz\",\"url\":\"https:\/\/foodtruckya.com\/magazine\/author\/aitor\/\"}]}<\/script>\n<!-- \/ Yoast SEO plugin. -->","yoast_head_json":{"title":"Food trucks en San Luis. Festival de la Familia &#8212; Street Food Magazine","description":"San Luis celebrar\u00e1 la segunda edici\u00f3n del Festival de la Familia con food trucks, emprendedores y m\u00fasica en vivo","robots":{"index":"index","follow":"follow","max-snippet":"max-snippet:-1","max-image-preview":"max-image-preview:large","max-video-preview":"max-video-preview:-1"},"canonical":"https:\/\/foodtruckya.com\/magazine\/eventos\/food-trucks-en-san-luis-festival-de-la-familia\/","og_locale":"es_ES","og_type":"article","og_title":"Food trucks en San Luis. Festival de la Familia &#8212; Street Food Magazine","og_description":"San Luis celebrar\u00e1 la segunda edici\u00f3n del Festival de la Familia con food trucks, emprendedores y m\u00fasica en vivo","og_url":"https:\/\/foodtruckya.com\/magazine\/eventos\/food-trucks-en-san-luis-festival-de-la-familia\/","og_site_name":"Street Food Magazine","article_publisher":"https:\/\/www.facebook.com\/Foodtruckya\/","article_published_time":"2026-01-21T09:14:32+00:00","article_modified_time":"2026-01-21T09:14:33+00:00","og_image":[{"width":1153,"height":2048,"url":"https:\/\/foodtruckya.com\/magazine\/wp-content\/uploads\/2026\/01\/municipalidad-san-luis-festival-de-la-familia.jpg","type":"image\/jpeg"}],"author":"Aitor Apraiz","twitter_card":"summary_large_image","twitter_creator":"@Foodtruckya","twitter_site":"@Foodtruckya","twitter_misc":{"Escrito por":"Aitor Apraiz","Tiempo de lectura":"3 minutos"},"schema":{"@context":"https:\/\/schema.org","@graph":[{"@type":"Article","@id":"https:\/\/foodtruckya.com\/magazine\/eventos\/food-trucks-en-san-luis-festival-de-la-familia\/#article","isPartOf":{"@id":"https:\/\/foodtruckya.com\/magazine\/eventos\/food-trucks-en-san-luis-festival-de-la-familia\/"},"author":{"name":"Aitor Apraiz","@id":"https:\/\/foodtruckya.com\/magazine\/#\/schema\/person\/c63463dfe4a6cb311fe8efe83b961b7a"},"headline":"Food trucks en San Luis. Festival de la Familia","datePublished":"2026-01-21T09:14:32+00:00","dateModified":"2026-01-21T09:14:33+00:00","mainEntityOfPage":{"@id":"https:\/\/foodtruckya.com\/magazine\/eventos\/food-trucks-en-san-luis-festival-de-la-familia\/"},"wordCount":485,"publisher":{"@id":"https:\/\/foodtruckya.com\/magazine\/#organization"},"image":{"@id":"https:\/\/foodtruckya.com\/magazine\/eventos\/food-trucks-en-san-luis-festival-de-la-familia\/#primaryimage"},"thumbnailUrl":"https:\/\/foodtruckya.com\/magazine\/wp-content\/uploads\/2026\/01\/municipalidad-san-luis-festival-de-la-familia.jpg","articleSection":["Eventos"],"inLanguage":"es"},{"@type":"WebPage","@id":"https:\/\/foodtruckya.com\/magazine\/eventos\/food-trucks-en-san-luis-festival-de-la-familia\/","url":"https:\/\/foodtruckya.com\/magazine\/eventos\/food-trucks-en-san-luis-festival-de-la-familia\/","name":"Food trucks en San Luis. Festival de la Familia &#8212; Street Food Magazine","isPartOf":{"@id":"https:\/\/foodtruckya.com\/magazine\/#website"},"primaryImageOfPage":{"@id":"https:\/\/foodtruckya.com\/magazine\/eventos\/food-trucks-en-san-luis-festival-de-la-familia\/#primaryimage"},"image":{"@id":"https:\/\/foodtruckya.com\/magazine\/eventos\/food-trucks-en-san-luis-festival-de-la-familia\/#primaryimage"},"thumbnailUrl":"https:\/\/foodtruckya.com\/magazine\/wp-content\/uploads\/2026\/01\/municipalidad-san-luis-festival-de-la-familia.jpg","datePublished":"2026-01-21T09:14:32+00:00","dateModified":"2026-01-21T09:14:33+00:00","description":"San Luis celebrar\u00e1 la segunda edici\u00f3n del Festival de la Familia con food trucks, emprendedores y m\u00fasica en vivo","breadcrumb":{"@id":"https:\/\/foodtruckya.com\/magazine\/eventos\/food-trucks-en-san-luis-festival-de-la-familia\/#breadcrumb"},"inLanguage":"es","potentialAction":[{"@type":"ReadAction","target":["https:\/\/foodtruckya.com\/magazine\/eventos\/food-trucks-en-san-luis-festival-de-la-familia\/"]}]},{"@type":"ImageObject","inLanguage":"es","@id":"https:\/\/foodtruckya.com\/magazine\/eventos\/food-trucks-en-san-luis-festival-de-la-familia\/#primaryimage","url":"https:\/\/foodtruckya.com\/magazine\/wp-content\/uploads\/2026\/01\/municipalidad-san-luis-festival-de-la-familia.jpg","contentUrl":"https:\/\/foodtruckya.com\/magazine\/wp-content\/uploads\/2026\/01\/municipalidad-san-luis-festival-de-la-familia.jpg","width":1153,"height":2048,"caption":"festival de la familia San Luis food trucks"},{"@type":"BreadcrumbList","@id":"https:\/\/foodtruckya.com\/magazine\/eventos\/food-trucks-en-san-luis-festival-de-la-familia\/#breadcrumb","itemListElement":[{"@type":"ListItem","position":1,"name":"Portada","item":"https:\/\/foodtruckya.com\/magazine\/"},{"@type":"ListItem","position":2,"name":"Food trucks en San Luis. Festival de la Familia"}]},{"@type":"WebSite","@id":"https:\/\/foodtruckya.com\/magazine\/#website","url":"https:\/\/foodtruckya.com\/magazine\/","name":"Street Food Magazine","description":"Informaci\u00f3n sobre food trucks by Foodtruckya","publisher":{"@id":"https:\/\/foodtruckya.com\/magazine\/#organization"},"potentialAction":[{"@type":"SearchAction","target":{"@type":"EntryPoint","urlTemplate":"https:\/\/foodtruckya.com\/magazine\/?s={search_term_string}"},"query-input":{"@type":"PropertyValueSpecification","valueRequired":true,"valueName":"search_term_string"}}],"inLanguage":"es"},{"@type":"Organization","@id":"https:\/\/foodtruckya.com\/magazine\/#organization","name":"Foodtruckya","url":"https:\/\/foodtruckya.com\/magazine\/","logo":{"@type":"ImageObject","inLanguage":"es","@id":"https:\/\/foodtruckya.com\/magazine\/#\/schema\/logo\/image\/","url":"https:\/\/foodtruckya.com\/magazine\/wp-content\/uploads\/2023\/05\/logo.png","contentUrl":"https:\/\/foodtruckya.com\/magazine\/wp-content\/uploads\/2023\/05\/logo.png","width":500,"height":133,"caption":"Foodtruckya"},"image":{"@id":"https:\/\/foodtruckya.com\/magazine\/#\/schema\/logo\/image\/"},"sameAs":["https:\/\/www.facebook.com\/Foodtruckya\/","https:\/\/x.com\/Foodtruckya","https:\/\/www.instagram.com\/foodtruckya_oficial\/"]},{"@type":"Person","@id":"https:\/\/foodtruckya.com\/magazine\/#\/schema\/person\/c63463dfe4a6cb311fe8efe83b961b7a","name":"Aitor Apraiz","url":"https:\/\/foodtruckya.com\/magazine\/author\/aitor\/"}]}},"_links":{"self":[{"href":"https:\/\/foodtruckya.com\/magazine\/wp-json\/wp\/v2\/posts\/13789"}],"collection":[{"href":"https:\/\/foodtruckya.com\/magazine\/wp-json\/wp\/v2\/posts"}],"about":[{"href":"https:\/\/foodtruckya.com\/magazine\/wp-json\/wp\/v2\/types\/post"}],"author":[{"embeddable":true,"href":"https:\/\/foodtruckya.com\/magazine\/wp-json\/wp\/v2\/users\/7"}],"replies":[{"embeddable":true,"href":"https:\/\/foodtruckya.com\/magazine\/wp-json\/wp\/v2\/comments?post=13789"}],"version-history":[{"count":1,"href":"https:\/\/foodtruckya.com\/magazine\/wp-json\/wp\/v2\/posts\/13789\/revisions"}],"predecessor-version":[{"id":13792,"href":"https:\/\/foodtruckya.com\/magazine\/wp-json\/wp\/v2\/posts\/13789\/revisions\/13792"}],"wp:featuredmedia":[{"embeddable":true,"href":"https:\/\/foodtruckya.com\/magazine\/wp-json\/wp\/v2\/media\/13791"}],"wp:attachment":[{"href":"https:\/\/foodtruckya.com\/magazine\/wp-json\/wp\/v2\/media?parent=13789"}],"wp:term":[{"taxonomy":"category","embeddable":true,"href":"https:\/\/foodtruckya.com\/magazine\/wp-json\/wp\/v2\/categories?post=13789"},{"taxonomy":"post_tag","embeddable":true,"href":"https:\/\/foodtruckya.com\/magazine\/wp-json\/wp\/v2\/tags?post=13789"},{"taxonomy":"powerkit_post_featured","embeddable":true,"href":"https:\/\/foodtruckya.com\/magazine\/wp-json\/wp\/v2\/powerkit_post_featured?post=13789"}],"curies":[{"name":"wp","href":"https:\/\/api.w.org\/{rel}","templated":true}]}}