{"id":13859,"date":"2026-03-02T14:18:58","date_gmt":"2026-03-02T13:18:58","guid":{"rendered":"https:\/\/foodtruckya.com\/magazine\/?p=13859"},"modified":"2026-02-01T14:28:28","modified_gmt":"2026-02-01T13:28:28","slug":"food-trucks-en-festival-motero-en-zaragoza","status":"publish","type":"post","link":"https:\/\/foodtruckya.com\/magazine\/eventos\/food-trucks-en-festival-motero-en-zaragoza\/","title":{"rendered":"Food trucks en Festival Motero en Zaragoza"},"content":{"rendered":"\n<h1 id=\"zaragoza-acoge-el-festival-motero-del-sur-de-europa-con-conciertos-exhibiciones-y-food-trucks\" class=\"wp-block-heading has-medium-font-size\">Zaragoza acoge el Festival Motero del Sur de Europa con conciertos, exhibiciones y food trucks<\/h1>\n\n\n\n<p>Zaragoza ser\u00e1 sede, por primera vez, del <strong>Festival Motero del Sur de Europa<\/strong>, tambi\u00e9n conocido como <em>South Europe Biker Fest<\/em>, que se celebrar\u00e1 del <strong>6 al 8 de marzo de 2026<\/strong>. El evento reunir\u00e1 durante tres d\u00edas food trucks y actividades relacionadas con el mundo de la moto, la m\u00fasica en directo y la cultura festivalera, con programaci\u00f3n diurna y nocturna.<\/p>\n\n\n\n<h2 id=\"tres-dias-de-actividades-moteras-conciertos-y-gastronomia\" class=\"wp-block-heading has-medium-font-size\">Tres d\u00edas de actividades moteras, conciertos y gastronom\u00eda<\/h2>\n\n\n\n<p>El programa del festival incluye <strong>shows acrob\u00e1ticos moteros<\/strong>, exhibiciones, concursos de motos <em>custom<\/em> y <em>classic<\/em>, rutas oficiales y una <strong>ofrenda motera a la Virgen del Pilar<\/strong>. Todas las actividades se reparten a lo largo del d\u00eda y la noche, con especial protagonismo de la m\u00fasica en directo.<\/p>\n\n\n\n<p>En el apartado gastron\u00f3mico, habr\u00e1 presencia de <strong>food trucks<\/strong>, barras y una zona gastron\u00f3mica permanente, con propuestas que incluyen hamburguesas, hot dogs, patatas fritas y <strong>opciones vegetarianas y sin gluten<\/strong> durante todo el festival.<\/p>\n\n\n\n<h2 id=\"conciertos-confirmados-y-experiencia-nocturna\" class=\"wp-block-heading has-medium-font-size\">Conciertos confirmados y experiencia nocturna<\/h2>\n\n\n\n<p>Entre los artistas confirmados figuran <strong>Modelo, Copacabana, Seven, Rocknrolla<\/strong>, adem\u00e1s de los DJs <strong>Rialto<\/strong> e <strong>Ivanto<\/strong>, junto a otros nombres que completan la programaci\u00f3n musical. Las actuaciones se integran dentro de distintas <em>Rock Nights<\/em>, <em>Indie Nights<\/em> y sesiones de DJ, con producci\u00f3n t\u00e9cnica, dise\u00f1o lum\u00ednico y ambientaci\u00f3n espec\u00edfica para la experiencia nocturna.<\/p>\n\n\n\n<p>La programaci\u00f3n completa y los horarios detallados est\u00e1n disponibles en la web oficial del festival.<\/p>\n\n\n\n<h2 id=\"programa-destacado-por-dias\" class=\"wp-block-heading has-medium-font-size\">Programa destacado por d\u00edas<\/h2>\n\n\n\n<ul>\n<li><strong>Viernes 6 de marzo<\/strong>: jornada de bienvenida con conciertos de Seven y Rocknrolla, show de Harleys y sesi\u00f3n nocturna con DJ Ivanto.<\/li>\n\n\n\n<li><strong>S\u00e1bado 7 de marzo<\/strong>: ruta oficial con ofrenda al Pilar, exhibiciones moteras, concurso Custom &amp; Classic y conciertos de Copacabana y Modelo, adem\u00e1s de sesi\u00f3n nocturna con DJ Rialto.<\/li>\n\n\n\n<li><strong>Domingo 8 de marzo<\/strong>: desayuno motero, entrega de premios Ride &amp; Rock y clausura oficial del festival.<\/li>\n<\/ul>\n\n\n\n<p>Con esta primera edici\u00f3n en Zaragoza, el Festival Motero del Sur de Europa se incorpora al calendario de grandes eventos que combinan <strong>motor, m\u00fasica en directo y oferta gastron\u00f3mica con food trucks<\/strong>, consolidando un formato pensado para p\u00fablico local y visitantes de otros puntos de Espa\u00f1a y Europa.<\/p>\n\n\n\n<p>M\u00e1s info <strong><em><a href=\"https:\/\/southeuropebikerfest.com\/\" target=\"_blank\" rel=\"noreferrer noopener\">aqu\u00ed<\/a><\/em><\/strong><\/p>\n\n\n\n<hr class=\"wp-block-separator has-alpha-channel-opacity\"\/>\n\n\n\n<p>*<em>Recuerda que si est\u00e1s organizando un&nbsp;<strong>evento<\/strong>&nbsp;y quieres&nbsp;<strong>alquilar food trucks<\/strong>&nbsp;o&nbsp;<strong>contratar food trucks<\/strong>&nbsp;puedes utilizar nuestra Central de Reservas gratuita de<\/em><strong><em><a href=\"https:\/\/foodtruckya.com\/\">&nbsp;Foodtruckya<\/a><\/em><\/strong>&nbsp;<\/p>\n\n\n\n<div class=\"wp-block-buttons is-content-justification-center is-layout-flex wp-container-core-buttons-is-layout-1 wp-block-buttons-is-layout-flex\">\n<div class=\"wp-block-button\"><a class=\"wp-block-button__link wp-element-button\" href=\"https:\/\/foodtruckya.com\/\">visitar FOODTRUCKya<\/a><\/div>\n<\/div>\n\n\n\n<figure class=\"wp-block-image size-full is-resized\"><img  loading=\"lazy\"  decoding=\"async\"  width=\"1080\"  height=\"1350\"  src=\"data:image\/png;base64,iVBORw0KGgoAAAANSUhEUgAAAAEAAAABAQMAAAAl21bKAAAAA1BMVEUAAP+KeNJXAAAAAXRSTlMAQObYZgAAAApJREFUCNdjYAAAAAIAAeIhvDMAAAAASUVORK5CYII=\"  alt=\"\"  class=\"wp-image-13860 pk-lazyload\"  style=\"width:798px;height:auto\"  data-pk-sizes=\"auto\"  data-ls-sizes=\"(max-width: 1080px) 100vw, 1080px\"  data-pk-src=\"https:\/\/foodtruckya.com\/magazine\/wp-content\/uploads\/2026\/02\/festival-motero-food-trucks.jpg\"  data-pk-srcset=\"https:\/\/foodtruckya.com\/magazine\/wp-content\/uploads\/2026\/02\/festival-motero-food-trucks.jpg 1080w, https:\/\/foodtruckya.com\/magazine\/wp-content\/uploads\/2026\/02\/festival-motero-food-trucks-800x1000.jpg 800w, https:\/\/foodtruckya.com\/magazine\/wp-content\/uploads\/2026\/02\/festival-motero-food-trucks-120x150.jpg 120w, https:\/\/foodtruckya.com\/magazine\/wp-content\/uploads\/2026\/02\/festival-motero-food-trucks-90x113.jpg 90w, https:\/\/foodtruckya.com\/magazine\/wp-content\/uploads\/2026\/02\/festival-motero-food-trucks-320x400.jpg 320w, https:\/\/foodtruckya.com\/magazine\/wp-content\/uploads\/2026\/02\/festival-motero-food-trucks-560x700.jpg 560w, https:\/\/foodtruckya.com\/magazine\/wp-content\/uploads\/2026\/02\/festival-motero-food-trucks-240x300.jpg 240w, https:\/\/foodtruckya.com\/magazine\/wp-content\/uploads\/2026\/02\/festival-motero-food-trucks-180x225.jpg 180w, https:\/\/foodtruckya.com\/magazine\/wp-content\/uploads\/2026\/02\/festival-motero-food-trucks-640x800.jpg 640w\" ><figcaption class=\"wp-element-caption\">foto by facebook south europe biker fest<\/figcaption><\/figure>\n","protected":false},"excerpt":{"rendered":"<p>Zaragoza acoge el Festival Motero del Sur de Europa con conciertos, exhibiciones y food trucks Zaragoza ser\u00e1 sede, por primera vez, del Festival Motero del Sur de Europa, tambi\u00e9n conocido&hellip;<\/p>\n","protected":false},"author":7,"featured_media":13860,"comment_status":"closed","ping_status":"closed","sticky":false,"template":"","format":"standard","meta":{"footnotes":""},"categories":[1118],"tags":[],"powerkit_post_featured":[],"yoast_head":"<!-- This site is optimized with the Yoast SEO plugin v24.2 - https:\/\/yoast.com\/wordpress\/plugins\/seo\/ -->\n<title>Food trucks en Festival Motero en Zaragoza &#8212; Street Food Magazine<\/title>\n<meta name=\"description\" content=\"Zaragoza acoger\u00e1 el Festival Motero del Sur de Europa, el South Europe Biker Fest, del 6 al 8 de marzo de 2026 con food trucks y actividades\" \/>\n<meta name=\"robots\" content=\"index, follow, max-snippet:-1, max-image-preview:large, max-video-preview:-1\" \/>\n<link rel=\"canonical\" href=\"https:\/\/foodtruckya.com\/magazine\/eventos\/food-trucks-en-festival-motero-en-zaragoza\/\" \/>\n<meta property=\"og:locale\" content=\"es_ES\" \/>\n<meta property=\"og:type\" content=\"article\" \/>\n<meta property=\"og:title\" content=\"Food trucks en Festival Motero en Zaragoza &#8212; Street Food Magazine\" \/>\n<meta property=\"og:description\" content=\"Zaragoza acoger\u00e1 el Festival Motero del Sur de Europa, el South Europe Biker Fest, del 6 al 8 de marzo de 2026 con food trucks y actividades\" \/>\n<meta property=\"og:url\" content=\"https:\/\/foodtruckya.com\/magazine\/eventos\/food-trucks-en-festival-motero-en-zaragoza\/\" \/>\n<meta property=\"og:site_name\" content=\"Street Food Magazine\" \/>\n<meta property=\"article:publisher\" content=\"https:\/\/www.facebook.com\/Foodtruckya\/\" \/>\n<meta property=\"article:published_time\" content=\"2026-03-02T13:18:58+00:00\" \/>\n<meta property=\"article:modified_time\" content=\"2026-02-01T13:28:28+00:00\" \/>\n<meta property=\"og:image\" content=\"https:\/\/foodtruckya.com\/magazine\/wp-content\/uploads\/2026\/02\/festival-motero-food-trucks.jpg\" \/>\n\t<meta property=\"og:image:width\" content=\"1080\" \/>\n\t<meta property=\"og:image:height\" content=\"1350\" \/>\n\t<meta property=\"og:image:type\" content=\"image\/jpeg\" \/>\n<meta name=\"author\" content=\"Aitor Apraiz\" \/>\n<meta name=\"twitter:card\" content=\"summary_large_image\" \/>\n<meta name=\"twitter:creator\" content=\"@Foodtruckya\" \/>\n<meta name=\"twitter:site\" content=\"@Foodtruckya\" \/>\n<meta name=\"twitter:label1\" content=\"Escrito por\" \/>\n\t<meta name=\"twitter:data1\" content=\"Aitor Apraiz\" \/>\n\t<meta name=\"twitter:label2\" content=\"Tiempo de lectura\" \/>\n\t<meta name=\"twitter:data2\" content=\"3 minutos\" \/>\n<script type=\"application\/ld+json\" class=\"yoast-schema-graph\">{\"@context\":\"https:\/\/schema.org\",\"@graph\":[{\"@type\":\"Article\",\"@id\":\"https:\/\/foodtruckya.com\/magazine\/eventos\/food-trucks-en-festival-motero-en-zaragoza\/#article\",\"isPartOf\":{\"@id\":\"https:\/\/foodtruckya.com\/magazine\/eventos\/food-trucks-en-festival-motero-en-zaragoza\/\"},\"author\":{\"name\":\"Aitor Apraiz\",\"@id\":\"https:\/\/foodtruckya.com\/magazine\/#\/schema\/person\/c63463dfe4a6cb311fe8efe83b961b7a\"},\"headline\":\"Food trucks en Festival Motero en Zaragoza\",\"datePublished\":\"2026-03-02T13:18:58+00:00\",\"dateModified\":\"2026-02-01T13:28:28+00:00\",\"mainEntityOfPage\":{\"@id\":\"https:\/\/foodtruckya.com\/magazine\/eventos\/food-trucks-en-festival-motero-en-zaragoza\/\"},\"wordCount\":436,\"publisher\":{\"@id\":\"https:\/\/foodtruckya.com\/magazine\/#organization\"},\"image\":{\"@id\":\"https:\/\/foodtruckya.com\/magazine\/eventos\/food-trucks-en-festival-motero-en-zaragoza\/#primaryimage\"},\"thumbnailUrl\":\"https:\/\/foodtruckya.com\/magazine\/wp-content\/uploads\/2026\/02\/festival-motero-food-trucks.jpg\",\"articleSection\":[\"Eventos\"],\"inLanguage\":\"es\"},{\"@type\":\"WebPage\",\"@id\":\"https:\/\/foodtruckya.com\/magazine\/eventos\/food-trucks-en-festival-motero-en-zaragoza\/\",\"url\":\"https:\/\/foodtruckya.com\/magazine\/eventos\/food-trucks-en-festival-motero-en-zaragoza\/\",\"name\":\"Food trucks en Festival Motero en Zaragoza &#8212; Street Food Magazine\",\"isPartOf\":{\"@id\":\"https:\/\/foodtruckya.com\/magazine\/#website\"},\"primaryImageOfPage\":{\"@id\":\"https:\/\/foodtruckya.com\/magazine\/eventos\/food-trucks-en-festival-motero-en-zaragoza\/#primaryimage\"},\"image\":{\"@id\":\"https:\/\/foodtruckya.com\/magazine\/eventos\/food-trucks-en-festival-motero-en-zaragoza\/#primaryimage\"},\"thumbnailUrl\":\"https:\/\/foodtruckya.com\/magazine\/wp-content\/uploads\/2026\/02\/festival-motero-food-trucks.jpg\",\"datePublished\":\"2026-03-02T13:18:58+00:00\",\"dateModified\":\"2026-02-01T13:28:28+00:00\",\"description\":\"Zaragoza acoger\u00e1 el Festival Motero del Sur de Europa, el South Europe Biker Fest, del 6 al 8 de marzo de 2026 con food trucks y actividades\",\"breadcrumb\":{\"@id\":\"https:\/\/foodtruckya.com\/magazine\/eventos\/food-trucks-en-festival-motero-en-zaragoza\/#breadcrumb\"},\"inLanguage\":\"es\",\"potentialAction\":[{\"@type\":\"ReadAction\",\"target\":[\"https:\/\/foodtruckya.com\/magazine\/eventos\/food-trucks-en-festival-motero-en-zaragoza\/\"]}]},{\"@type\":\"ImageObject\",\"inLanguage\":\"es\",\"@id\":\"https:\/\/foodtruckya.com\/magazine\/eventos\/food-trucks-en-festival-motero-en-zaragoza\/#primaryimage\",\"url\":\"https:\/\/foodtruckya.com\/magazine\/wp-content\/uploads\/2026\/02\/festival-motero-food-trucks.jpg\",\"contentUrl\":\"https:\/\/foodtruckya.com\/magazine\/wp-content\/uploads\/2026\/02\/festival-motero-food-trucks.jpg\",\"width\":1080,\"height\":1350,\"caption\":\"food trucks en festival motero\"},{\"@type\":\"BreadcrumbList\",\"@id\":\"https:\/\/foodtruckya.com\/magazine\/eventos\/food-trucks-en-festival-motero-en-zaragoza\/#breadcrumb\",\"itemListElement\":[{\"@type\":\"ListItem\",\"position\":1,\"name\":\"Portada\",\"item\":\"https:\/\/foodtruckya.com\/magazine\/\"},{\"@type\":\"ListItem\",\"position\":2,\"name\":\"Food trucks en Festival Motero en Zaragoza\"}]},{\"@type\":\"WebSite\",\"@id\":\"https:\/\/foodtruckya.com\/magazine\/#website\",\"url\":\"https:\/\/foodtruckya.com\/magazine\/\",\"name\":\"Street Food Magazine\",\"description\":\"Informaci\u00f3n sobre food trucks by Foodtruckya\",\"publisher\":{\"@id\":\"https:\/\/foodtruckya.com\/magazine\/#organization\"},\"potentialAction\":[{\"@type\":\"SearchAction\",\"target\":{\"@type\":\"EntryPoint\",\"urlTemplate\":\"https:\/\/foodtruckya.com\/magazine\/?s={search_term_string}\"},\"query-input\":{\"@type\":\"PropertyValueSpecification\",\"valueRequired\":true,\"valueName\":\"search_term_string\"}}],\"inLanguage\":\"es\"},{\"@type\":\"Organization\",\"@id\":\"https:\/\/foodtruckya.com\/magazine\/#organization\",\"name\":\"Foodtruckya\",\"url\":\"https:\/\/foodtruckya.com\/magazine\/\",\"logo\":{\"@type\":\"ImageObject\",\"inLanguage\":\"es\",\"@id\":\"https:\/\/foodtruckya.com\/magazine\/#\/schema\/logo\/image\/\",\"url\":\"https:\/\/foodtruckya.com\/magazine\/wp-content\/uploads\/2023\/05\/logo.png\",\"contentUrl\":\"https:\/\/foodtruckya.com\/magazine\/wp-content\/uploads\/2023\/05\/logo.png\",\"width\":500,\"height\":133,\"caption\":\"Foodtruckya\"},\"image\":{\"@id\":\"https:\/\/foodtruckya.com\/magazine\/#\/schema\/logo\/image\/\"},\"sameAs\":[\"https:\/\/www.facebook.com\/Foodtruckya\/\",\"https:\/\/x.com\/Foodtruckya\",\"https:\/\/www.instagram.com\/foodtruckya_oficial\/\"]},{\"@type\":\"Person\",\"@id\":\"https:\/\/foodtruckya.com\/magazine\/#\/schema\/person\/c63463dfe4a6cb311fe8efe83b961b7a\",\"name\":\"Aitor Apraiz\",\"url\":\"https:\/\/foodtruckya.com\/magazine\/author\/aitor\/\"}]}<\/script>\n<!-- \/ Yoast SEO plugin. -->","yoast_head_json":{"title":"Food trucks en Festival Motero en Zaragoza &#8212; Street Food Magazine","description":"Zaragoza acoger\u00e1 el Festival Motero del Sur de Europa, el South Europe Biker Fest, del 6 al 8 de marzo de 2026 con food trucks y actividades","robots":{"index":"index","follow":"follow","max-snippet":"max-snippet:-1","max-image-preview":"max-image-preview:large","max-video-preview":"max-video-preview:-1"},"canonical":"https:\/\/foodtruckya.com\/magazine\/eventos\/food-trucks-en-festival-motero-en-zaragoza\/","og_locale":"es_ES","og_type":"article","og_title":"Food trucks en Festival Motero en Zaragoza &#8212; Street Food Magazine","og_description":"Zaragoza acoger\u00e1 el Festival Motero del Sur de Europa, el South Europe Biker Fest, del 6 al 8 de marzo de 2026 con food trucks y actividades","og_url":"https:\/\/foodtruckya.com\/magazine\/eventos\/food-trucks-en-festival-motero-en-zaragoza\/","og_site_name":"Street Food Magazine","article_publisher":"https:\/\/www.facebook.com\/Foodtruckya\/","article_published_time":"2026-03-02T13:18:58+00:00","article_modified_time":"2026-02-01T13:28:28+00:00","og_image":[{"width":1080,"height":1350,"url":"https:\/\/foodtruckya.com\/magazine\/wp-content\/uploads\/2026\/02\/festival-motero-food-trucks.jpg","type":"image\/jpeg"}],"author":"Aitor Apraiz","twitter_card":"summary_large_image","twitter_creator":"@Foodtruckya","twitter_site":"@Foodtruckya","twitter_misc":{"Escrito por":"Aitor Apraiz","Tiempo de lectura":"3 minutos"},"schema":{"@context":"https:\/\/schema.org","@graph":[{"@type":"Article","@id":"https:\/\/foodtruckya.com\/magazine\/eventos\/food-trucks-en-festival-motero-en-zaragoza\/#article","isPartOf":{"@id":"https:\/\/foodtruckya.com\/magazine\/eventos\/food-trucks-en-festival-motero-en-zaragoza\/"},"author":{"name":"Aitor Apraiz","@id":"https:\/\/foodtruckya.com\/magazine\/#\/schema\/person\/c63463dfe4a6cb311fe8efe83b961b7a"},"headline":"Food trucks en Festival Motero en Zaragoza","datePublished":"2026-03-02T13:18:58+00:00","dateModified":"2026-02-01T13:28:28+00:00","mainEntityOfPage":{"@id":"https:\/\/foodtruckya.com\/magazine\/eventos\/food-trucks-en-festival-motero-en-zaragoza\/"},"wordCount":436,"publisher":{"@id":"https:\/\/foodtruckya.com\/magazine\/#organization"},"image":{"@id":"https:\/\/foodtruckya.com\/magazine\/eventos\/food-trucks-en-festival-motero-en-zaragoza\/#primaryimage"},"thumbnailUrl":"https:\/\/foodtruckya.com\/magazine\/wp-content\/uploads\/2026\/02\/festival-motero-food-trucks.jpg","articleSection":["Eventos"],"inLanguage":"es"},{"@type":"WebPage","@id":"https:\/\/foodtruckya.com\/magazine\/eventos\/food-trucks-en-festival-motero-en-zaragoza\/","url":"https:\/\/foodtruckya.com\/magazine\/eventos\/food-trucks-en-festival-motero-en-zaragoza\/","name":"Food trucks en Festival Motero en Zaragoza &#8212; Street Food Magazine","isPartOf":{"@id":"https:\/\/foodtruckya.com\/magazine\/#website"},"primaryImageOfPage":{"@id":"https:\/\/foodtruckya.com\/magazine\/eventos\/food-trucks-en-festival-motero-en-zaragoza\/#primaryimage"},"image":{"@id":"https:\/\/foodtruckya.com\/magazine\/eventos\/food-trucks-en-festival-motero-en-zaragoza\/#primaryimage"},"thumbnailUrl":"https:\/\/foodtruckya.com\/magazine\/wp-content\/uploads\/2026\/02\/festival-motero-food-trucks.jpg","datePublished":"2026-03-02T13:18:58+00:00","dateModified":"2026-02-01T13:28:28+00:00","description":"Zaragoza acoger\u00e1 el Festival Motero del Sur de Europa, el South Europe Biker Fest, del 6 al 8 de marzo de 2026 con food trucks y actividades","breadcrumb":{"@id":"https:\/\/foodtruckya.com\/magazine\/eventos\/food-trucks-en-festival-motero-en-zaragoza\/#breadcrumb"},"inLanguage":"es","potentialAction":[{"@type":"ReadAction","target":["https:\/\/foodtruckya.com\/magazine\/eventos\/food-trucks-en-festival-motero-en-zaragoza\/"]}]},{"@type":"ImageObject","inLanguage":"es","@id":"https:\/\/foodtruckya.com\/magazine\/eventos\/food-trucks-en-festival-motero-en-zaragoza\/#primaryimage","url":"https:\/\/foodtruckya.com\/magazine\/wp-content\/uploads\/2026\/02\/festival-motero-food-trucks.jpg","contentUrl":"https:\/\/foodtruckya.com\/magazine\/wp-content\/uploads\/2026\/02\/festival-motero-food-trucks.jpg","width":1080,"height":1350,"caption":"food trucks en festival motero"},{"@type":"BreadcrumbList","@id":"https:\/\/foodtruckya.com\/magazine\/eventos\/food-trucks-en-festival-motero-en-zaragoza\/#breadcrumb","itemListElement":[{"@type":"ListItem","position":1,"name":"Portada","item":"https:\/\/foodtruckya.com\/magazine\/"},{"@type":"ListItem","position":2,"name":"Food trucks en Festival Motero en Zaragoza"}]},{"@type":"WebSite","@id":"https:\/\/foodtruckya.com\/magazine\/#website","url":"https:\/\/foodtruckya.com\/magazine\/","name":"Street Food Magazine","description":"Informaci\u00f3n sobre food trucks by Foodtruckya","publisher":{"@id":"https:\/\/foodtruckya.com\/magazine\/#organization"},"potentialAction":[{"@type":"SearchAction","target":{"@type":"EntryPoint","urlTemplate":"https:\/\/foodtruckya.com\/magazine\/?s={search_term_string}"},"query-input":{"@type":"PropertyValueSpecification","valueRequired":true,"valueName":"search_term_string"}}],"inLanguage":"es"},{"@type":"Organization","@id":"https:\/\/foodtruckya.com\/magazine\/#organization","name":"Foodtruckya","url":"https:\/\/foodtruckya.com\/magazine\/","logo":{"@type":"ImageObject","inLanguage":"es","@id":"https:\/\/foodtruckya.com\/magazine\/#\/schema\/logo\/image\/","url":"https:\/\/foodtruckya.com\/magazine\/wp-content\/uploads\/2023\/05\/logo.png","contentUrl":"https:\/\/foodtruckya.com\/magazine\/wp-content\/uploads\/2023\/05\/logo.png","width":500,"height":133,"caption":"Foodtruckya"},"image":{"@id":"https:\/\/foodtruckya.com\/magazine\/#\/schema\/logo\/image\/"},"sameAs":["https:\/\/www.facebook.com\/Foodtruckya\/","https:\/\/x.com\/Foodtruckya","https:\/\/www.instagram.com\/foodtruckya_oficial\/"]},{"@type":"Person","@id":"https:\/\/foodtruckya.com\/magazine\/#\/schema\/person\/c63463dfe4a6cb311fe8efe83b961b7a","name":"Aitor Apraiz","url":"https:\/\/foodtruckya.com\/magazine\/author\/aitor\/"}]}},"_links":{"self":[{"href":"https:\/\/foodtruckya.com\/magazine\/wp-json\/wp\/v2\/posts\/13859"}],"collection":[{"href":"https:\/\/foodtruckya.com\/magazine\/wp-json\/wp\/v2\/posts"}],"about":[{"href":"https:\/\/foodtruckya.com\/magazine\/wp-json\/wp\/v2\/types\/post"}],"author":[{"embeddable":true,"href":"https:\/\/foodtruckya.com\/magazine\/wp-json\/wp\/v2\/users\/7"}],"replies":[{"embeddable":true,"href":"https:\/\/foodtruckya.com\/magazine\/wp-json\/wp\/v2\/comments?post=13859"}],"version-history":[{"count":1,"href":"https:\/\/foodtruckya.com\/magazine\/wp-json\/wp\/v2\/posts\/13859\/revisions"}],"predecessor-version":[{"id":13861,"href":"https:\/\/foodtruckya.com\/magazine\/wp-json\/wp\/v2\/posts\/13859\/revisions\/13861"}],"wp:featuredmedia":[{"embeddable":true,"href":"https:\/\/foodtruckya.com\/magazine\/wp-json\/wp\/v2\/media\/13860"}],"wp:attachment":[{"href":"https:\/\/foodtruckya.com\/magazine\/wp-json\/wp\/v2\/media?parent=13859"}],"wp:term":[{"taxonomy":"category","embeddable":true,"href":"https:\/\/foodtruckya.com\/magazine\/wp-json\/wp\/v2\/categories?post=13859"},{"taxonomy":"post_tag","embeddable":true,"href":"https:\/\/foodtruckya.com\/magazine\/wp-json\/wp\/v2\/tags?post=13859"},{"taxonomy":"powerkit_post_featured","embeddable":true,"href":"https:\/\/foodtruckya.com\/magazine\/wp-json\/wp\/v2\/powerkit_post_featured?post=13859"}],"curies":[{"name":"wp","href":"https:\/\/api.w.org\/{rel}","templated":true}]}}