{"id":14046,"date":"2026-03-11T09:18:17","date_gmt":"2026-03-11T08:18:17","guid":{"rendered":"https:\/\/foodtruckya.com\/magazine\/?p=14046"},"modified":"2026-03-11T09:18:21","modified_gmt":"2026-03-11T08:18:21","slug":"food-trucks-en-murcia-latineando","status":"publish","type":"post","link":"https:\/\/foodtruckya.com\/magazine\/eventos\/food-trucks-en-murcia-latineando\/","title":{"rendered":"Food trucks en Murcia. Latineando"},"content":{"rendered":"\n<h1 id=\"latineando-celebra-la-cultura-latina-con-once-foodtrucks-de-comida-tradicional-y-musica-en-murcia\" class=\"wp-block-heading has-medium-font-size\"><strong>Latineando\u2019 celebra la cultura latina con once foodtrucks de comida tradicional y m\u00fasica en Murcia<\/strong><\/h1>\n\n\n\n<p><strong>Murcia<\/strong> acoge desde este jueves la primera edici\u00f3n de <strong>Latineando<\/strong>, una feria gastron\u00f3mica dedicada a la cultura latinoamericana que se celebrar\u00e1 en el patio de armas del <strong>Cuartel de Artiller\u00eda<\/strong>. El evento reunir\u00e1  <strong>food trucks<\/strong> con propuestas de diferentes pa\u00edses de Am\u00e9rica Latina, adem\u00e1s de m\u00fasica en directo, sesiones de DJs y actividades culturales.<\/p>\n\n\n\n<p>La cita tendr\u00e1 lugar <strong>del 12 al 22 de marzo<\/strong>, aunque la programaci\u00f3n se concentrar\u00e1 principalmente <strong>de jueves a domingo<\/strong>, en dos bloques: del <strong>12 al 15<\/strong> y del <strong>19 al 22 de marzo<\/strong>. La inauguraci\u00f3n est\u00e1 prevista para el jueves a las <strong>21:00 horas<\/strong>.<\/p>\n\n\n\n<p>El acceso ser\u00e1 <strong>gratuito hasta completar aforo<\/strong> durante todos los d\u00edas del evento.<\/p>\n\n\n\n<h2 id=\"gastronomia-latinoamericana-en-food-trucks\" class=\"wp-block-heading has-medium-font-size\">Gastronom\u00eda latinoamericana en food trucks<\/h2>\n\n\n\n<p>Latineando propone un recorrido gastron\u00f3mico por distintos pa\u00edses de Am\u00e9rica Latina a trav\u00e9s de una selecci\u00f3n de <strong>food trucks especializados en cocina latina<\/strong>. Los visitantes podr\u00e1n encontrar platos tradicionales y especialidades representativas de diferentes regiones.<\/p>\n\n\n\n<p>Dentro del recinto se habilitar\u00e1 tambi\u00e9n un espacio denominado <strong>\u201cCalle del Sabor\u201d<\/strong>, pensado para recorrer los diferentes puestos gastron\u00f3micos y probar varias propuestas culinarias.<\/p>\n\n\n\n<h2 id=\"musica-baile-y-cultura-latina\" class=\"wp-block-heading has-medium-font-size\">M\u00fasica, baile y cultura latina<\/h2>\n\n\n\n<p>Adem\u00e1s de la oferta gastron\u00f3mica, el evento contar\u00e1 con una programaci\u00f3n centrada en la m\u00fasica y el baile latino. Durante los d\u00edas de celebraci\u00f3n habr\u00e1 <strong>conciertos en directo, sesiones de DJs y baile social desde la tarde<\/strong>.<\/p>\n\n\n\n<p>La inauguraci\u00f3n incluir\u00e1 una invitaci\u00f3n a los asistentes para participar con <strong>banderas de sus pa\u00edses de origen<\/strong>, y tambi\u00e9n se propone la creaci\u00f3n de piezas audiovisuales inspiradas en la actuaci\u00f3n de <strong>Bad Bunny en la Super Bowl<\/strong>, planteada como s\u00edmbolo de uni\u00f3n cultural.<\/p>\n\n\n\n<h2 id=\"horarios-del-evento\" class=\"wp-block-heading has-medium-font-size\">Horarios del evento<\/h2>\n\n\n\n<p>El horario de apertura del recinto variar\u00e1 seg\u00fan el d\u00eda de la semana:<\/p>\n\n\n\n<ul>\n<li><strong>Jueves:<\/strong> 18:30 \u2013 00:30<\/li>\n\n\n\n<li><strong>Viernes:<\/strong> 18:30 \u2013 01:00<\/li>\n\n\n\n<li><strong>S\u00e1bado:<\/strong> 12:00 \u2013 01:00<\/li>\n\n\n\n<li><strong>Domingo:<\/strong> 12:00 \u2013 00:00<\/li>\n<\/ul>\n\n\n\n<p>Durante los fines de semana se concentrar\u00e1n la mayor\u00eda de las actividades culturales y musicales.<\/p>\n\n\n\n<h2 id=\"ubicacion\" class=\"wp-block-heading has-medium-font-size\">Ubicaci\u00f3n<\/h2>\n\n\n\n<p>Latineando se celebrar\u00e1 en el <strong>Cuartel de Artiller\u00eda de Murcia<\/strong>, uno de los espacios culturales m\u00e1s utilizados de la ciudad para ferias, eventos y actividades gastron\u00f3micas.<\/p>\n\n\n\n<p>El evento se presenta como un encuentro dedicado a la <strong>gastronom\u00eda latinoamericana, la m\u00fasica y la cultura popular<\/strong>, combinando food trucks, actuaciones musicales y actividades abiertas al p\u00fablico en un entorno urbano.<\/p>\n\n\n\n<p>M\u00e1s info <strong><em><a href=\"https:\/\/latineando.es\/\" target=\"_blank\" rel=\"noreferrer noopener\">aqu\u00ed<\/a><\/em><\/strong><\/p>\n\n\n\n<hr class=\"wp-block-separator has-alpha-channel-opacity\"\/>\n\n\n\n<p>*<em>Recuerda que si est\u00e1s organizando un&nbsp;<strong>evento<\/strong>&nbsp;y quieres&nbsp;<strong>alquilar food trucks<\/strong>&nbsp;o&nbsp;<strong>contratar food trucks<\/strong>&nbsp;puedes utilizar nuestra Central de Reservas gratuita de<\/em><strong><em><a href=\"https:\/\/foodtruckya.com\/\">&nbsp;Foodtruckya<\/a><\/em><\/strong>&nbsp;<\/p>\n\n\n\n<div class=\"wp-block-buttons is-content-justification-center is-layout-flex wp-container-core-buttons-is-layout-1 wp-block-buttons-is-layout-flex\">\n<div class=\"wp-block-button\"><a class=\"wp-block-button__link wp-element-button\" href=\"https:\/\/foodtruckya.com\/\">visitar FOODTRUCKya<\/a><\/div>\n<\/div>\n\n\n\n<figure class=\"wp-block-image size-full\"><img  loading=\"lazy\"  decoding=\"async\"  width=\"884\"  height=\"893\"  src=\"data:image\/png;base64,iVBORw0KGgoAAAANSUhEUgAAA3QAAAN9AQMAAADhUakwAAAAA1BMVEUAAP+KeNJXAAAAAXRSTlMAQObYZgAAAAlwSFlzAAAOxAAADsQBlSsOGwAAAHhJREFUeNrtwQENAAAAwqD3T20ON6AAAAAAAAAAAAAAAAAAAAAAAAAAAAAAAAAAAAAAAAAAAAAAAAAAAAAAAAAAAAAAAAAAAAAAAAAAAAAAAAAAAAAAAAAAAAAAAAAAAAAAAAAAAAAAAAAAAAAAAAAAAAAAAACAFwOGvwABU2WqxwAAAABJRU5ErkJggg==\"  alt=\"latineando food trucks murcia\"  class=\"wp-image-14047 pk-lazyload\"  data-pk-sizes=\"auto\"  data-ls-sizes=\"(max-width: 884px) 100vw, 884px\"  data-pk-src=\"https:\/\/foodtruckya.com\/magazine\/wp-content\/uploads\/2026\/03\/latineando-food-trucks.png\"  data-pk-srcset=\"https:\/\/foodtruckya.com\/magazine\/wp-content\/uploads\/2026\/03\/latineando-food-trucks.png 884w, https:\/\/foodtruckya.com\/magazine\/wp-content\/uploads\/2026\/03\/latineando-food-trucks-800x808.png 800w, https:\/\/foodtruckya.com\/magazine\/wp-content\/uploads\/2026\/03\/latineando-food-trucks-80x80.png 80w, https:\/\/foodtruckya.com\/magazine\/wp-content\/uploads\/2026\/03\/latineando-food-trucks-120x120.png 120w, https:\/\/foodtruckya.com\/magazine\/wp-content\/uploads\/2026\/03\/latineando-food-trucks-90x90.png 90w, https:\/\/foodtruckya.com\/magazine\/wp-content\/uploads\/2026\/03\/latineando-food-trucks-320x323.png 320w, https:\/\/foodtruckya.com\/magazine\/wp-content\/uploads\/2026\/03\/latineando-food-trucks-560x566.png 560w, https:\/\/foodtruckya.com\/magazine\/wp-content\/uploads\/2026\/03\/latineando-food-trucks-240x242.png 240w, https:\/\/foodtruckya.com\/magazine\/wp-content\/uploads\/2026\/03\/latineando-food-trucks-180x182.png 180w, https:\/\/foodtruckya.com\/magazine\/wp-content\/uploads\/2026\/03\/latineando-food-trucks-640x647.png 640w\" ><figcaption class=\"wp-element-caption\">foto by instagram latineandovoy<\/figcaption><\/figure>\n","protected":false},"excerpt":{"rendered":"<p>Latineando\u2019 celebra la cultura latina con once foodtrucks de comida tradicional y m\u00fasica en Murcia Murcia acoge desde este jueves la primera edici\u00f3n de Latineando, una feria gastron\u00f3mica dedicada a&hellip;<\/p>\n","protected":false},"author":7,"featured_media":14047,"comment_status":"closed","ping_status":"closed","sticky":false,"template":"","format":"standard","meta":{"footnotes":""},"categories":[1118],"tags":[],"powerkit_post_featured":[],"yoast_head":"<!-- This site is optimized with the Yoast SEO plugin v24.2 - https:\/\/yoast.com\/wordpress\/plugins\/seo\/ -->\n<title>Food trucks en Murcia. Latineando &#8212; Street Food Magazine<\/title>\n<meta name=\"description\" content=\"Latineando Murcia reunir\u00e1 food trucks con propuestas de diferentes pa\u00edses de Am\u00e9rica Latina, m\u00fasica en directo y actividades culturales.\" \/>\n<meta name=\"robots\" content=\"index, follow, max-snippet:-1, max-image-preview:large, max-video-preview:-1\" \/>\n<link rel=\"canonical\" href=\"https:\/\/foodtruckya.com\/magazine\/eventos\/food-trucks-en-murcia-latineando\/\" \/>\n<meta property=\"og:locale\" content=\"es_ES\" \/>\n<meta property=\"og:type\" content=\"article\" \/>\n<meta property=\"og:title\" content=\"Food trucks en Murcia. Latineando &#8212; Street Food Magazine\" \/>\n<meta property=\"og:description\" content=\"Latineando Murcia reunir\u00e1 food trucks con propuestas de diferentes pa\u00edses de Am\u00e9rica Latina, m\u00fasica en directo y actividades culturales.\" \/>\n<meta property=\"og:url\" content=\"https:\/\/foodtruckya.com\/magazine\/eventos\/food-trucks-en-murcia-latineando\/\" \/>\n<meta property=\"og:site_name\" content=\"Street Food Magazine\" \/>\n<meta property=\"article:publisher\" content=\"https:\/\/www.facebook.com\/Foodtruckya\/\" \/>\n<meta property=\"article:published_time\" content=\"2026-03-11T08:18:17+00:00\" \/>\n<meta property=\"article:modified_time\" content=\"2026-03-11T08:18:21+00:00\" \/>\n<meta property=\"og:image\" content=\"https:\/\/foodtruckya.com\/magazine\/wp-content\/uploads\/2026\/03\/latineando-food-trucks.png\" \/>\n\t<meta property=\"og:image:width\" content=\"884\" \/>\n\t<meta property=\"og:image:height\" content=\"893\" \/>\n\t<meta property=\"og:image:type\" content=\"image\/png\" \/>\n<meta name=\"author\" content=\"Aitor Apraiz\" \/>\n<meta name=\"twitter:card\" content=\"summary_large_image\" \/>\n<meta name=\"twitter:creator\" content=\"@Foodtruckya\" \/>\n<meta name=\"twitter:site\" content=\"@Foodtruckya\" \/>\n<meta name=\"twitter:label1\" content=\"Escrito por\" \/>\n\t<meta name=\"twitter:data1\" content=\"Aitor Apraiz\" \/>\n\t<meta name=\"twitter:label2\" content=\"Tiempo de lectura\" \/>\n\t<meta name=\"twitter:data2\" content=\"3 minutos\" \/>\n<script type=\"application\/ld+json\" class=\"yoast-schema-graph\">{\"@context\":\"https:\/\/schema.org\",\"@graph\":[{\"@type\":\"Article\",\"@id\":\"https:\/\/foodtruckya.com\/magazine\/eventos\/food-trucks-en-murcia-latineando\/#article\",\"isPartOf\":{\"@id\":\"https:\/\/foodtruckya.com\/magazine\/eventos\/food-trucks-en-murcia-latineando\/\"},\"author\":{\"name\":\"Aitor Apraiz\",\"@id\":\"https:\/\/foodtruckya.com\/magazine\/#\/schema\/person\/c63463dfe4a6cb311fe8efe83b961b7a\"},\"headline\":\"Food trucks en Murcia. Latineando\",\"datePublished\":\"2026-03-11T08:18:17+00:00\",\"dateModified\":\"2026-03-11T08:18:21+00:00\",\"mainEntityOfPage\":{\"@id\":\"https:\/\/foodtruckya.com\/magazine\/eventos\/food-trucks-en-murcia-latineando\/\"},\"wordCount\":459,\"publisher\":{\"@id\":\"https:\/\/foodtruckya.com\/magazine\/#organization\"},\"image\":{\"@id\":\"https:\/\/foodtruckya.com\/magazine\/eventos\/food-trucks-en-murcia-latineando\/#primaryimage\"},\"thumbnailUrl\":\"https:\/\/foodtruckya.com\/magazine\/wp-content\/uploads\/2026\/03\/latineando-food-trucks.png\",\"articleSection\":[\"Eventos\"],\"inLanguage\":\"es\"},{\"@type\":\"WebPage\",\"@id\":\"https:\/\/foodtruckya.com\/magazine\/eventos\/food-trucks-en-murcia-latineando\/\",\"url\":\"https:\/\/foodtruckya.com\/magazine\/eventos\/food-trucks-en-murcia-latineando\/\",\"name\":\"Food trucks en Murcia. Latineando &#8212; Street Food Magazine\",\"isPartOf\":{\"@id\":\"https:\/\/foodtruckya.com\/magazine\/#website\"},\"primaryImageOfPage\":{\"@id\":\"https:\/\/foodtruckya.com\/magazine\/eventos\/food-trucks-en-murcia-latineando\/#primaryimage\"},\"image\":{\"@id\":\"https:\/\/foodtruckya.com\/magazine\/eventos\/food-trucks-en-murcia-latineando\/#primaryimage\"},\"thumbnailUrl\":\"https:\/\/foodtruckya.com\/magazine\/wp-content\/uploads\/2026\/03\/latineando-food-trucks.png\",\"datePublished\":\"2026-03-11T08:18:17+00:00\",\"dateModified\":\"2026-03-11T08:18:21+00:00\",\"description\":\"Latineando Murcia reunir\u00e1 food trucks con propuestas de diferentes pa\u00edses de Am\u00e9rica Latina, m\u00fasica en directo y actividades culturales.\",\"breadcrumb\":{\"@id\":\"https:\/\/foodtruckya.com\/magazine\/eventos\/food-trucks-en-murcia-latineando\/#breadcrumb\"},\"inLanguage\":\"es\",\"potentialAction\":[{\"@type\":\"ReadAction\",\"target\":[\"https:\/\/foodtruckya.com\/magazine\/eventos\/food-trucks-en-murcia-latineando\/\"]}]},{\"@type\":\"ImageObject\",\"inLanguage\":\"es\",\"@id\":\"https:\/\/foodtruckya.com\/magazine\/eventos\/food-trucks-en-murcia-latineando\/#primaryimage\",\"url\":\"https:\/\/foodtruckya.com\/magazine\/wp-content\/uploads\/2026\/03\/latineando-food-trucks.png\",\"contentUrl\":\"https:\/\/foodtruckya.com\/magazine\/wp-content\/uploads\/2026\/03\/latineando-food-trucks.png\",\"width\":884,\"height\":893,\"caption\":\"latineando food trucks murcia\"},{\"@type\":\"BreadcrumbList\",\"@id\":\"https:\/\/foodtruckya.com\/magazine\/eventos\/food-trucks-en-murcia-latineando\/#breadcrumb\",\"itemListElement\":[{\"@type\":\"ListItem\",\"position\":1,\"name\":\"Portada\",\"item\":\"https:\/\/foodtruckya.com\/magazine\/\"},{\"@type\":\"ListItem\",\"position\":2,\"name\":\"Food trucks en Murcia. Latineando\"}]},{\"@type\":\"WebSite\",\"@id\":\"https:\/\/foodtruckya.com\/magazine\/#website\",\"url\":\"https:\/\/foodtruckya.com\/magazine\/\",\"name\":\"Street Food Magazine\",\"description\":\"Informaci\u00f3n sobre food trucks by Foodtruckya\",\"publisher\":{\"@id\":\"https:\/\/foodtruckya.com\/magazine\/#organization\"},\"potentialAction\":[{\"@type\":\"SearchAction\",\"target\":{\"@type\":\"EntryPoint\",\"urlTemplate\":\"https:\/\/foodtruckya.com\/magazine\/?s={search_term_string}\"},\"query-input\":{\"@type\":\"PropertyValueSpecification\",\"valueRequired\":true,\"valueName\":\"search_term_string\"}}],\"inLanguage\":\"es\"},{\"@type\":\"Organization\",\"@id\":\"https:\/\/foodtruckya.com\/magazine\/#organization\",\"name\":\"Foodtruckya\",\"url\":\"https:\/\/foodtruckya.com\/magazine\/\",\"logo\":{\"@type\":\"ImageObject\",\"inLanguage\":\"es\",\"@id\":\"https:\/\/foodtruckya.com\/magazine\/#\/schema\/logo\/image\/\",\"url\":\"https:\/\/foodtruckya.com\/magazine\/wp-content\/uploads\/2023\/05\/logo.png\",\"contentUrl\":\"https:\/\/foodtruckya.com\/magazine\/wp-content\/uploads\/2023\/05\/logo.png\",\"width\":500,\"height\":133,\"caption\":\"Foodtruckya\"},\"image\":{\"@id\":\"https:\/\/foodtruckya.com\/magazine\/#\/schema\/logo\/image\/\"},\"sameAs\":[\"https:\/\/www.facebook.com\/Foodtruckya\/\",\"https:\/\/x.com\/Foodtruckya\",\"https:\/\/www.instagram.com\/foodtruckya_oficial\/\"]},{\"@type\":\"Person\",\"@id\":\"https:\/\/foodtruckya.com\/magazine\/#\/schema\/person\/c63463dfe4a6cb311fe8efe83b961b7a\",\"name\":\"Aitor Apraiz\",\"url\":\"https:\/\/foodtruckya.com\/magazine\/author\/aitor\/\"}]}<\/script>\n<!-- \/ Yoast SEO plugin. -->","yoast_head_json":{"title":"Food trucks en Murcia. Latineando &#8212; Street Food Magazine","description":"Latineando Murcia reunir\u00e1 food trucks con propuestas de diferentes pa\u00edses de Am\u00e9rica Latina, m\u00fasica en directo y actividades culturales.","robots":{"index":"index","follow":"follow","max-snippet":"max-snippet:-1","max-image-preview":"max-image-preview:large","max-video-preview":"max-video-preview:-1"},"canonical":"https:\/\/foodtruckya.com\/magazine\/eventos\/food-trucks-en-murcia-latineando\/","og_locale":"es_ES","og_type":"article","og_title":"Food trucks en Murcia. Latineando &#8212; Street Food Magazine","og_description":"Latineando Murcia reunir\u00e1 food trucks con propuestas de diferentes pa\u00edses de Am\u00e9rica Latina, m\u00fasica en directo y actividades culturales.","og_url":"https:\/\/foodtruckya.com\/magazine\/eventos\/food-trucks-en-murcia-latineando\/","og_site_name":"Street Food Magazine","article_publisher":"https:\/\/www.facebook.com\/Foodtruckya\/","article_published_time":"2026-03-11T08:18:17+00:00","article_modified_time":"2026-03-11T08:18:21+00:00","og_image":[{"width":884,"height":893,"url":"https:\/\/foodtruckya.com\/magazine\/wp-content\/uploads\/2026\/03\/latineando-food-trucks.png","type":"image\/png"}],"author":"Aitor Apraiz","twitter_card":"summary_large_image","twitter_creator":"@Foodtruckya","twitter_site":"@Foodtruckya","twitter_misc":{"Escrito por":"Aitor Apraiz","Tiempo de lectura":"3 minutos"},"schema":{"@context":"https:\/\/schema.org","@graph":[{"@type":"Article","@id":"https:\/\/foodtruckya.com\/magazine\/eventos\/food-trucks-en-murcia-latineando\/#article","isPartOf":{"@id":"https:\/\/foodtruckya.com\/magazine\/eventos\/food-trucks-en-murcia-latineando\/"},"author":{"name":"Aitor Apraiz","@id":"https:\/\/foodtruckya.com\/magazine\/#\/schema\/person\/c63463dfe4a6cb311fe8efe83b961b7a"},"headline":"Food trucks en Murcia. Latineando","datePublished":"2026-03-11T08:18:17+00:00","dateModified":"2026-03-11T08:18:21+00:00","mainEntityOfPage":{"@id":"https:\/\/foodtruckya.com\/magazine\/eventos\/food-trucks-en-murcia-latineando\/"},"wordCount":459,"publisher":{"@id":"https:\/\/foodtruckya.com\/magazine\/#organization"},"image":{"@id":"https:\/\/foodtruckya.com\/magazine\/eventos\/food-trucks-en-murcia-latineando\/#primaryimage"},"thumbnailUrl":"https:\/\/foodtruckya.com\/magazine\/wp-content\/uploads\/2026\/03\/latineando-food-trucks.png","articleSection":["Eventos"],"inLanguage":"es"},{"@type":"WebPage","@id":"https:\/\/foodtruckya.com\/magazine\/eventos\/food-trucks-en-murcia-latineando\/","url":"https:\/\/foodtruckya.com\/magazine\/eventos\/food-trucks-en-murcia-latineando\/","name":"Food trucks en Murcia. Latineando &#8212; Street Food Magazine","isPartOf":{"@id":"https:\/\/foodtruckya.com\/magazine\/#website"},"primaryImageOfPage":{"@id":"https:\/\/foodtruckya.com\/magazine\/eventos\/food-trucks-en-murcia-latineando\/#primaryimage"},"image":{"@id":"https:\/\/foodtruckya.com\/magazine\/eventos\/food-trucks-en-murcia-latineando\/#primaryimage"},"thumbnailUrl":"https:\/\/foodtruckya.com\/magazine\/wp-content\/uploads\/2026\/03\/latineando-food-trucks.png","datePublished":"2026-03-11T08:18:17+00:00","dateModified":"2026-03-11T08:18:21+00:00","description":"Latineando Murcia reunir\u00e1 food trucks con propuestas de diferentes pa\u00edses de Am\u00e9rica Latina, m\u00fasica en directo y actividades culturales.","breadcrumb":{"@id":"https:\/\/foodtruckya.com\/magazine\/eventos\/food-trucks-en-murcia-latineando\/#breadcrumb"},"inLanguage":"es","potentialAction":[{"@type":"ReadAction","target":["https:\/\/foodtruckya.com\/magazine\/eventos\/food-trucks-en-murcia-latineando\/"]}]},{"@type":"ImageObject","inLanguage":"es","@id":"https:\/\/foodtruckya.com\/magazine\/eventos\/food-trucks-en-murcia-latineando\/#primaryimage","url":"https:\/\/foodtruckya.com\/magazine\/wp-content\/uploads\/2026\/03\/latineando-food-trucks.png","contentUrl":"https:\/\/foodtruckya.com\/magazine\/wp-content\/uploads\/2026\/03\/latineando-food-trucks.png","width":884,"height":893,"caption":"latineando food trucks murcia"},{"@type":"BreadcrumbList","@id":"https:\/\/foodtruckya.com\/magazine\/eventos\/food-trucks-en-murcia-latineando\/#breadcrumb","itemListElement":[{"@type":"ListItem","position":1,"name":"Portada","item":"https:\/\/foodtruckya.com\/magazine\/"},{"@type":"ListItem","position":2,"name":"Food trucks en Murcia. Latineando"}]},{"@type":"WebSite","@id":"https:\/\/foodtruckya.com\/magazine\/#website","url":"https:\/\/foodtruckya.com\/magazine\/","name":"Street Food Magazine","description":"Informaci\u00f3n sobre food trucks by Foodtruckya","publisher":{"@id":"https:\/\/foodtruckya.com\/magazine\/#organization"},"potentialAction":[{"@type":"SearchAction","target":{"@type":"EntryPoint","urlTemplate":"https:\/\/foodtruckya.com\/magazine\/?s={search_term_string}"},"query-input":{"@type":"PropertyValueSpecification","valueRequired":true,"valueName":"search_term_string"}}],"inLanguage":"es"},{"@type":"Organization","@id":"https:\/\/foodtruckya.com\/magazine\/#organization","name":"Foodtruckya","url":"https:\/\/foodtruckya.com\/magazine\/","logo":{"@type":"ImageObject","inLanguage":"es","@id":"https:\/\/foodtruckya.com\/magazine\/#\/schema\/logo\/image\/","url":"https:\/\/foodtruckya.com\/magazine\/wp-content\/uploads\/2023\/05\/logo.png","contentUrl":"https:\/\/foodtruckya.com\/magazine\/wp-content\/uploads\/2023\/05\/logo.png","width":500,"height":133,"caption":"Foodtruckya"},"image":{"@id":"https:\/\/foodtruckya.com\/magazine\/#\/schema\/logo\/image\/"},"sameAs":["https:\/\/www.facebook.com\/Foodtruckya\/","https:\/\/x.com\/Foodtruckya","https:\/\/www.instagram.com\/foodtruckya_oficial\/"]},{"@type":"Person","@id":"https:\/\/foodtruckya.com\/magazine\/#\/schema\/person\/c63463dfe4a6cb311fe8efe83b961b7a","name":"Aitor Apraiz","url":"https:\/\/foodtruckya.com\/magazine\/author\/aitor\/"}]}},"_links":{"self":[{"href":"https:\/\/foodtruckya.com\/magazine\/wp-json\/wp\/v2\/posts\/14046"}],"collection":[{"href":"https:\/\/foodtruckya.com\/magazine\/wp-json\/wp\/v2\/posts"}],"about":[{"href":"https:\/\/foodtruckya.com\/magazine\/wp-json\/wp\/v2\/types\/post"}],"author":[{"embeddable":true,"href":"https:\/\/foodtruckya.com\/magazine\/wp-json\/wp\/v2\/users\/7"}],"replies":[{"embeddable":true,"href":"https:\/\/foodtruckya.com\/magazine\/wp-json\/wp\/v2\/comments?post=14046"}],"version-history":[{"count":1,"href":"https:\/\/foodtruckya.com\/magazine\/wp-json\/wp\/v2\/posts\/14046\/revisions"}],"predecessor-version":[{"id":14048,"href":"https:\/\/foodtruckya.com\/magazine\/wp-json\/wp\/v2\/posts\/14046\/revisions\/14048"}],"wp:featuredmedia":[{"embeddable":true,"href":"https:\/\/foodtruckya.com\/magazine\/wp-json\/wp\/v2\/media\/14047"}],"wp:attachment":[{"href":"https:\/\/foodtruckya.com\/magazine\/wp-json\/wp\/v2\/media?parent=14046"}],"wp:term":[{"taxonomy":"category","embeddable":true,"href":"https:\/\/foodtruckya.com\/magazine\/wp-json\/wp\/v2\/categories?post=14046"},{"taxonomy":"post_tag","embeddable":true,"href":"https:\/\/foodtruckya.com\/magazine\/wp-json\/wp\/v2\/tags?post=14046"},{"taxonomy":"powerkit_post_featured","embeddable":true,"href":"https:\/\/foodtruckya.com\/magazine\/wp-json\/wp\/v2\/powerkit_post_featured?post=14046"}],"curies":[{"name":"wp","href":"https:\/\/api.w.org\/{rel}","templated":true}]}}