{"id":14062,"date":"2026-03-17T09:39:15","date_gmt":"2026-03-17T08:39:15","guid":{"rendered":"https:\/\/foodtruckya.com\/magazine\/?p=14062"},"modified":"2026-03-17T09:39:16","modified_gmt":"2026-03-17T08:39:16","slug":"street-food-market-mutxamel","status":"publish","type":"post","link":"https:\/\/foodtruckya.com\/magazine\/eventos\/street-food-market-mutxamel\/","title":{"rendered":"Street Food Market Mutxamel"},"content":{"rendered":"\n<h1 id=\"street-food-market-y-mercado-de-diseno-en-mutxamel\" class=\"wp-block-heading has-medium-font-size\">Street Food Market y Mercado de Dise\u00f1o en Mutxamel <\/h1>\n\n\n\n<p>El <strong>Street Food Market<\/strong>, con <strong>food trucks<\/strong> y mercado de dise\u00f1o, cuya celebraci\u00f3n estaba prevista inicialmente en la Plaza S\u00e9neca de Alicante, se celebrar\u00e1 finalmente del 20 al 22 de marzo en el <strong>Parque Canyar de les Portelles de Mutxamel<\/strong>. El cambio de ubicaci\u00f3n responde a la necesidad de reubicar el evento tras su aplazamiento, manteniendo pr\u00e1cticamente intacta la programaci\u00f3n prevista.<\/p>\n\n\n\n<p>La nueva localizaci\u00f3n ofrece un espacio m\u00e1s amplio y al aire libre, donde se desarrollar\u00e1 una propuesta centrada en la gastronom\u00eda callejera, la m\u00fasica en directo, el dise\u00f1o y las actividades familiares.<\/p>\n\n\n\n<p>Durante tres d\u00edas, el evento reunir\u00e1 una selecci\u00f3n de food trucks con propuestas gastron\u00f3micas internacionales. La oferta incluir\u00e1 diferentes especialidades de cocina callejera, con una variedad de estilos y or\u00edgenes pensados para el consumo en este tipo de formato.<\/p>\n\n\n\n<p>Adem\u00e1s de la zona gastron\u00f3mica, el recinto contar\u00e1 con un espacio dedicado al market, con presencia de dise\u00f1adores, ilustradores y artesanos locales. Esta \u00e1rea complementar\u00e1 la programaci\u00f3n con una propuesta centrada en la creatividad y el producto local.<\/p>\n\n\n\n<p>La programaci\u00f3n incluir\u00e1 m\u00fasica en directo y actividades dirigidas a distintos p\u00fablicos a lo largo del fin de semana, manteniendo el planteamiento previsto inicialmente, con contenidos orientados tambi\u00e9n al p\u00fablico familiar.<\/p>\n\n\n\n<p>El evento est\u00e1 planteado como una propuesta de ocio accesible, con entrada libre hasta completar aforo, y dirigido a un p\u00fablico amplio, incluyendo familias y grupos de asistentes interesados en la gastronom\u00eda y el ocio al aire libre.<\/p>\n\n\n\n<p>Los horarios del Street Food Market de Mutxamel ser\u00e1n los siguientes:<\/p>\n\n\n\n<ul>\n<li>Viernes: de 19:00 a 00:00 horas<\/li>\n\n\n\n<li>S\u00e1bado: de 12:00 a 00:00 horas<\/li>\n\n\n\n<li>Domingo: de 12:00 a 17:00 horas<\/li>\n<\/ul>\n\n\n\n<p>La edici\u00f3n de Mutxamel se presenta como una nueva ubicaci\u00f3n dentro de su recorrido, consolidando su propuesta basada en la combinaci\u00f3n de<strong> food trucks, m\u00fasica en directo y mercado de dise\u00f1o<\/strong> en un entorno al aire libre.<\/p>\n\n\n\n<p>M\u00e1s info <strong><em><a href=\"https:\/\/www.alacantstreetmarket.com\/\" target=\"_blank\" rel=\"noreferrer noopener\">aqu\u00ed<\/a><\/em><\/strong><\/p>\n\n\n\n<hr class=\"wp-block-separator has-alpha-channel-opacity\"\/>\n\n\n\n<p>*<em>Recuerda que si est\u00e1s organizando un&nbsp;<strong>evento<\/strong>&nbsp;y quieres&nbsp;<strong>alquilar food trucks<\/strong>&nbsp;o&nbsp;<strong>contratar food trucks<\/strong>&nbsp;puedes utilizar nuestra Central de Reservas gratuita de<\/em><strong><em><a href=\"https:\/\/foodtruckya.com\/\">&nbsp;Foodtruckya<\/a><\/em><\/strong>&nbsp;<\/p>\n\n\n\n<div class=\"wp-block-buttons is-content-justification-center is-layout-flex wp-container-core-buttons-is-layout-1 wp-block-buttons-is-layout-flex\">\n<div class=\"wp-block-button\"><a class=\"wp-block-button__link wp-element-button\" href=\"https:\/\/foodtruckya.com\/\">visitar FOODTRUCKya<\/a><\/div>\n<\/div>\n\n\n\n<figure class=\"wp-block-image size-full\"><img  loading=\"lazy\"  decoding=\"async\"  width=\"1080\"  height=\"1350\"  src=\"data:image\/png;base64,iVBORw0KGgoAAAANSUhEUgAABDgAAAVGAQMAAABBgZnJAAAAA1BMVEUAAP+KeNJXAAAAAXRSTlMAQObYZgAAAAlwSFlzAAAOxAAADsQBlSsOGwAAAMlJREFUeNrtwTEBAAAAwqD1T20ND6AAAAAAAAAAAAAAAAAAAAAAAAAAAAAAAAAAAAAAAAAAAAAAAAAAAAAAAAAAAAAAAAAAAAAAAAAAAAAAAAAAAAAAAAAAAAAAAAAAAAAAAAAAAAAAAAAAAAAAAAAAAAAAAAAAAAAAAAAAAAAAAAAAAAAAAAAAAAAAAAAAAAAAAAAAAAAAAAAAAAAAAAAAAAAAAAAAAAAAAAAAAAAAAAAAAAAAAAAAAAAAAAAAAAAAAAAAAACAdwPNTgABCMvUfQAAAABJRU5ErkJggg==\"  alt=\"alacant street food market food trucks\"  class=\"wp-image-14063 pk-lazyload\"  data-pk-sizes=\"auto\"  data-ls-sizes=\"(max-width: 1080px) 100vw, 1080px\"  data-pk-src=\"https:\/\/foodtruckya.com\/magazine\/wp-content\/uploads\/2026\/03\/street-food-market-mutxamel.jpg\"  data-pk-srcset=\"https:\/\/foodtruckya.com\/magazine\/wp-content\/uploads\/2026\/03\/street-food-market-mutxamel.jpg 1080w, https:\/\/foodtruckya.com\/magazine\/wp-content\/uploads\/2026\/03\/street-food-market-mutxamel-800x1000.jpg 800w, https:\/\/foodtruckya.com\/magazine\/wp-content\/uploads\/2026\/03\/street-food-market-mutxamel-120x150.jpg 120w, https:\/\/foodtruckya.com\/magazine\/wp-content\/uploads\/2026\/03\/street-food-market-mutxamel-90x113.jpg 90w, https:\/\/foodtruckya.com\/magazine\/wp-content\/uploads\/2026\/03\/street-food-market-mutxamel-320x400.jpg 320w, https:\/\/foodtruckya.com\/magazine\/wp-content\/uploads\/2026\/03\/street-food-market-mutxamel-560x700.jpg 560w, https:\/\/foodtruckya.com\/magazine\/wp-content\/uploads\/2026\/03\/street-food-market-mutxamel-240x300.jpg 240w, https:\/\/foodtruckya.com\/magazine\/wp-content\/uploads\/2026\/03\/street-food-market-mutxamel-180x225.jpg 180w, https:\/\/foodtruckya.com\/magazine\/wp-content\/uploads\/2026\/03\/street-food-market-mutxamel-640x800.jpg 640w\" ><figcaption class=\"wp-element-caption\">foto by facebook alacant street food market<\/figcaption><\/figure>\n","protected":false},"excerpt":{"rendered":"<p>Street Food Market y Mercado de Dise\u00f1o en Mutxamel El Street Food Market, con food trucks y mercado de dise\u00f1o, cuya celebraci\u00f3n estaba prevista inicialmente en la Plaza S\u00e9neca de&hellip;<\/p>\n","protected":false},"author":7,"featured_media":14063,"comment_status":"closed","ping_status":"closed","sticky":false,"template":"","format":"standard","meta":{"footnotes":""},"categories":[1118],"tags":[],"powerkit_post_featured":[],"yoast_head":"<!-- This site is optimized with the Yoast SEO plugin v24.2 - https:\/\/yoast.com\/wordpress\/plugins\/seo\/ -->\n<title>Street Food Market Mutxamel &#8212; Street Food Magazine<\/title>\n<meta name=\"description\" content=\"El Street Food Market, con food trucks y mercado de dise\u00f1o, se celebrar\u00e1 del 20 al 22 de marzo en Mutxamel.\" \/>\n<meta name=\"robots\" content=\"index, follow, max-snippet:-1, max-image-preview:large, max-video-preview:-1\" \/>\n<link rel=\"canonical\" href=\"https:\/\/foodtruckya.com\/magazine\/eventos\/street-food-market-mutxamel\/\" \/>\n<meta property=\"og:locale\" content=\"es_ES\" \/>\n<meta property=\"og:type\" content=\"article\" \/>\n<meta property=\"og:title\" content=\"Street Food Market Mutxamel &#8212; Street Food Magazine\" \/>\n<meta property=\"og:description\" content=\"El Street Food Market, con food trucks y mercado de dise\u00f1o, se celebrar\u00e1 del 20 al 22 de marzo en Mutxamel.\" \/>\n<meta property=\"og:url\" content=\"https:\/\/foodtruckya.com\/magazine\/eventos\/street-food-market-mutxamel\/\" \/>\n<meta property=\"og:site_name\" content=\"Street Food Magazine\" \/>\n<meta property=\"article:publisher\" content=\"https:\/\/www.facebook.com\/Foodtruckya\/\" \/>\n<meta property=\"article:published_time\" content=\"2026-03-17T08:39:15+00:00\" \/>\n<meta property=\"article:modified_time\" content=\"2026-03-17T08:39:16+00:00\" \/>\n<meta property=\"og:image\" content=\"https:\/\/foodtruckya.com\/magazine\/wp-content\/uploads\/2026\/03\/street-food-market-mutxamel.jpg\" \/>\n\t<meta property=\"og:image:width\" content=\"1080\" \/>\n\t<meta property=\"og:image:height\" content=\"1350\" \/>\n\t<meta property=\"og:image:type\" content=\"image\/jpeg\" \/>\n<meta name=\"author\" content=\"Aitor Apraiz\" \/>\n<meta name=\"twitter:card\" content=\"summary_large_image\" \/>\n<meta name=\"twitter:creator\" content=\"@Foodtruckya\" \/>\n<meta name=\"twitter:site\" content=\"@Foodtruckya\" \/>\n<meta name=\"twitter:label1\" content=\"Escrito por\" \/>\n\t<meta name=\"twitter:data1\" content=\"Aitor Apraiz\" \/>\n\t<meta name=\"twitter:label2\" content=\"Tiempo de lectura\" \/>\n\t<meta name=\"twitter:data2\" content=\"2 minutos\" \/>\n<script type=\"application\/ld+json\" class=\"yoast-schema-graph\">{\"@context\":\"https:\/\/schema.org\",\"@graph\":[{\"@type\":\"Article\",\"@id\":\"https:\/\/foodtruckya.com\/magazine\/eventos\/street-food-market-mutxamel\/#article\",\"isPartOf\":{\"@id\":\"https:\/\/foodtruckya.com\/magazine\/eventos\/street-food-market-mutxamel\/\"},\"author\":{\"name\":\"Aitor Apraiz\",\"@id\":\"https:\/\/foodtruckya.com\/magazine\/#\/schema\/person\/c63463dfe4a6cb311fe8efe83b961b7a\"},\"headline\":\"Street Food Market Mutxamel\",\"datePublished\":\"2026-03-17T08:39:15+00:00\",\"dateModified\":\"2026-03-17T08:39:16+00:00\",\"mainEntityOfPage\":{\"@id\":\"https:\/\/foodtruckya.com\/magazine\/eventos\/street-food-market-mutxamel\/\"},\"wordCount\":391,\"publisher\":{\"@id\":\"https:\/\/foodtruckya.com\/magazine\/#organization\"},\"image\":{\"@id\":\"https:\/\/foodtruckya.com\/magazine\/eventos\/street-food-market-mutxamel\/#primaryimage\"},\"thumbnailUrl\":\"https:\/\/foodtruckya.com\/magazine\/wp-content\/uploads\/2026\/03\/street-food-market-mutxamel.jpg\",\"articleSection\":[\"Eventos\"],\"inLanguage\":\"es\"},{\"@type\":\"WebPage\",\"@id\":\"https:\/\/foodtruckya.com\/magazine\/eventos\/street-food-market-mutxamel\/\",\"url\":\"https:\/\/foodtruckya.com\/magazine\/eventos\/street-food-market-mutxamel\/\",\"name\":\"Street Food Market Mutxamel &#8212; Street Food Magazine\",\"isPartOf\":{\"@id\":\"https:\/\/foodtruckya.com\/magazine\/#website\"},\"primaryImageOfPage\":{\"@id\":\"https:\/\/foodtruckya.com\/magazine\/eventos\/street-food-market-mutxamel\/#primaryimage\"},\"image\":{\"@id\":\"https:\/\/foodtruckya.com\/magazine\/eventos\/street-food-market-mutxamel\/#primaryimage\"},\"thumbnailUrl\":\"https:\/\/foodtruckya.com\/magazine\/wp-content\/uploads\/2026\/03\/street-food-market-mutxamel.jpg\",\"datePublished\":\"2026-03-17T08:39:15+00:00\",\"dateModified\":\"2026-03-17T08:39:16+00:00\",\"description\":\"El Street Food Market, con food trucks y mercado de dise\u00f1o, se celebrar\u00e1 del 20 al 22 de marzo en Mutxamel.\",\"breadcrumb\":{\"@id\":\"https:\/\/foodtruckya.com\/magazine\/eventos\/street-food-market-mutxamel\/#breadcrumb\"},\"inLanguage\":\"es\",\"potentialAction\":[{\"@type\":\"ReadAction\",\"target\":[\"https:\/\/foodtruckya.com\/magazine\/eventos\/street-food-market-mutxamel\/\"]}]},{\"@type\":\"ImageObject\",\"inLanguage\":\"es\",\"@id\":\"https:\/\/foodtruckya.com\/magazine\/eventos\/street-food-market-mutxamel\/#primaryimage\",\"url\":\"https:\/\/foodtruckya.com\/magazine\/wp-content\/uploads\/2026\/03\/street-food-market-mutxamel.jpg\",\"contentUrl\":\"https:\/\/foodtruckya.com\/magazine\/wp-content\/uploads\/2026\/03\/street-food-market-mutxamel.jpg\",\"width\":1080,\"height\":1350,\"caption\":\"alacant street food market\"},{\"@type\":\"BreadcrumbList\",\"@id\":\"https:\/\/foodtruckya.com\/magazine\/eventos\/street-food-market-mutxamel\/#breadcrumb\",\"itemListElement\":[{\"@type\":\"ListItem\",\"position\":1,\"name\":\"Portada\",\"item\":\"https:\/\/foodtruckya.com\/magazine\/\"},{\"@type\":\"ListItem\",\"position\":2,\"name\":\"Street Food Market Mutxamel\"}]},{\"@type\":\"WebSite\",\"@id\":\"https:\/\/foodtruckya.com\/magazine\/#website\",\"url\":\"https:\/\/foodtruckya.com\/magazine\/\",\"name\":\"Street Food Magazine\",\"description\":\"Informaci\u00f3n sobre food trucks by Foodtruckya\",\"publisher\":{\"@id\":\"https:\/\/foodtruckya.com\/magazine\/#organization\"},\"potentialAction\":[{\"@type\":\"SearchAction\",\"target\":{\"@type\":\"EntryPoint\",\"urlTemplate\":\"https:\/\/foodtruckya.com\/magazine\/?s={search_term_string}\"},\"query-input\":{\"@type\":\"PropertyValueSpecification\",\"valueRequired\":true,\"valueName\":\"search_term_string\"}}],\"inLanguage\":\"es\"},{\"@type\":\"Organization\",\"@id\":\"https:\/\/foodtruckya.com\/magazine\/#organization\",\"name\":\"Foodtruckya\",\"url\":\"https:\/\/foodtruckya.com\/magazine\/\",\"logo\":{\"@type\":\"ImageObject\",\"inLanguage\":\"es\",\"@id\":\"https:\/\/foodtruckya.com\/magazine\/#\/schema\/logo\/image\/\",\"url\":\"https:\/\/foodtruckya.com\/magazine\/wp-content\/uploads\/2023\/05\/logo.png\",\"contentUrl\":\"https:\/\/foodtruckya.com\/magazine\/wp-content\/uploads\/2023\/05\/logo.png\",\"width\":500,\"height\":133,\"caption\":\"Foodtruckya\"},\"image\":{\"@id\":\"https:\/\/foodtruckya.com\/magazine\/#\/schema\/logo\/image\/\"},\"sameAs\":[\"https:\/\/www.facebook.com\/Foodtruckya\/\",\"https:\/\/x.com\/Foodtruckya\",\"https:\/\/www.instagram.com\/foodtruckya_oficial\/\"]},{\"@type\":\"Person\",\"@id\":\"https:\/\/foodtruckya.com\/magazine\/#\/schema\/person\/c63463dfe4a6cb311fe8efe83b961b7a\",\"name\":\"Aitor Apraiz\",\"url\":\"https:\/\/foodtruckya.com\/magazine\/author\/aitor\/\"}]}<\/script>\n<!-- \/ Yoast SEO plugin. -->","yoast_head_json":{"title":"Street Food Market Mutxamel &#8212; Street Food Magazine","description":"El Street Food Market, con food trucks y mercado de dise\u00f1o, se celebrar\u00e1 del 20 al 22 de marzo en Mutxamel.","robots":{"index":"index","follow":"follow","max-snippet":"max-snippet:-1","max-image-preview":"max-image-preview:large","max-video-preview":"max-video-preview:-1"},"canonical":"https:\/\/foodtruckya.com\/magazine\/eventos\/street-food-market-mutxamel\/","og_locale":"es_ES","og_type":"article","og_title":"Street Food Market Mutxamel &#8212; Street Food Magazine","og_description":"El Street Food Market, con food trucks y mercado de dise\u00f1o, se celebrar\u00e1 del 20 al 22 de marzo en Mutxamel.","og_url":"https:\/\/foodtruckya.com\/magazine\/eventos\/street-food-market-mutxamel\/","og_site_name":"Street Food Magazine","article_publisher":"https:\/\/www.facebook.com\/Foodtruckya\/","article_published_time":"2026-03-17T08:39:15+00:00","article_modified_time":"2026-03-17T08:39:16+00:00","og_image":[{"width":1080,"height":1350,"url":"https:\/\/foodtruckya.com\/magazine\/wp-content\/uploads\/2026\/03\/street-food-market-mutxamel.jpg","type":"image\/jpeg"}],"author":"Aitor Apraiz","twitter_card":"summary_large_image","twitter_creator":"@Foodtruckya","twitter_site":"@Foodtruckya","twitter_misc":{"Escrito por":"Aitor Apraiz","Tiempo de lectura":"2 minutos"},"schema":{"@context":"https:\/\/schema.org","@graph":[{"@type":"Article","@id":"https:\/\/foodtruckya.com\/magazine\/eventos\/street-food-market-mutxamel\/#article","isPartOf":{"@id":"https:\/\/foodtruckya.com\/magazine\/eventos\/street-food-market-mutxamel\/"},"author":{"name":"Aitor Apraiz","@id":"https:\/\/foodtruckya.com\/magazine\/#\/schema\/person\/c63463dfe4a6cb311fe8efe83b961b7a"},"headline":"Street Food Market Mutxamel","datePublished":"2026-03-17T08:39:15+00:00","dateModified":"2026-03-17T08:39:16+00:00","mainEntityOfPage":{"@id":"https:\/\/foodtruckya.com\/magazine\/eventos\/street-food-market-mutxamel\/"},"wordCount":391,"publisher":{"@id":"https:\/\/foodtruckya.com\/magazine\/#organization"},"image":{"@id":"https:\/\/foodtruckya.com\/magazine\/eventos\/street-food-market-mutxamel\/#primaryimage"},"thumbnailUrl":"https:\/\/foodtruckya.com\/magazine\/wp-content\/uploads\/2026\/03\/street-food-market-mutxamel.jpg","articleSection":["Eventos"],"inLanguage":"es"},{"@type":"WebPage","@id":"https:\/\/foodtruckya.com\/magazine\/eventos\/street-food-market-mutxamel\/","url":"https:\/\/foodtruckya.com\/magazine\/eventos\/street-food-market-mutxamel\/","name":"Street Food Market Mutxamel &#8212; Street Food Magazine","isPartOf":{"@id":"https:\/\/foodtruckya.com\/magazine\/#website"},"primaryImageOfPage":{"@id":"https:\/\/foodtruckya.com\/magazine\/eventos\/street-food-market-mutxamel\/#primaryimage"},"image":{"@id":"https:\/\/foodtruckya.com\/magazine\/eventos\/street-food-market-mutxamel\/#primaryimage"},"thumbnailUrl":"https:\/\/foodtruckya.com\/magazine\/wp-content\/uploads\/2026\/03\/street-food-market-mutxamel.jpg","datePublished":"2026-03-17T08:39:15+00:00","dateModified":"2026-03-17T08:39:16+00:00","description":"El Street Food Market, con food trucks y mercado de dise\u00f1o, se celebrar\u00e1 del 20 al 22 de marzo en Mutxamel.","breadcrumb":{"@id":"https:\/\/foodtruckya.com\/magazine\/eventos\/street-food-market-mutxamel\/#breadcrumb"},"inLanguage":"es","potentialAction":[{"@type":"ReadAction","target":["https:\/\/foodtruckya.com\/magazine\/eventos\/street-food-market-mutxamel\/"]}]},{"@type":"ImageObject","inLanguage":"es","@id":"https:\/\/foodtruckya.com\/magazine\/eventos\/street-food-market-mutxamel\/#primaryimage","url":"https:\/\/foodtruckya.com\/magazine\/wp-content\/uploads\/2026\/03\/street-food-market-mutxamel.jpg","contentUrl":"https:\/\/foodtruckya.com\/magazine\/wp-content\/uploads\/2026\/03\/street-food-market-mutxamel.jpg","width":1080,"height":1350,"caption":"alacant street food market"},{"@type":"BreadcrumbList","@id":"https:\/\/foodtruckya.com\/magazine\/eventos\/street-food-market-mutxamel\/#breadcrumb","itemListElement":[{"@type":"ListItem","position":1,"name":"Portada","item":"https:\/\/foodtruckya.com\/magazine\/"},{"@type":"ListItem","position":2,"name":"Street Food Market Mutxamel"}]},{"@type":"WebSite","@id":"https:\/\/foodtruckya.com\/magazine\/#website","url":"https:\/\/foodtruckya.com\/magazine\/","name":"Street Food Magazine","description":"Informaci\u00f3n sobre food trucks by Foodtruckya","publisher":{"@id":"https:\/\/foodtruckya.com\/magazine\/#organization"},"potentialAction":[{"@type":"SearchAction","target":{"@type":"EntryPoint","urlTemplate":"https:\/\/foodtruckya.com\/magazine\/?s={search_term_string}"},"query-input":{"@type":"PropertyValueSpecification","valueRequired":true,"valueName":"search_term_string"}}],"inLanguage":"es"},{"@type":"Organization","@id":"https:\/\/foodtruckya.com\/magazine\/#organization","name":"Foodtruckya","url":"https:\/\/foodtruckya.com\/magazine\/","logo":{"@type":"ImageObject","inLanguage":"es","@id":"https:\/\/foodtruckya.com\/magazine\/#\/schema\/logo\/image\/","url":"https:\/\/foodtruckya.com\/magazine\/wp-content\/uploads\/2023\/05\/logo.png","contentUrl":"https:\/\/foodtruckya.com\/magazine\/wp-content\/uploads\/2023\/05\/logo.png","width":500,"height":133,"caption":"Foodtruckya"},"image":{"@id":"https:\/\/foodtruckya.com\/magazine\/#\/schema\/logo\/image\/"},"sameAs":["https:\/\/www.facebook.com\/Foodtruckya\/","https:\/\/x.com\/Foodtruckya","https:\/\/www.instagram.com\/foodtruckya_oficial\/"]},{"@type":"Person","@id":"https:\/\/foodtruckya.com\/magazine\/#\/schema\/person\/c63463dfe4a6cb311fe8efe83b961b7a","name":"Aitor Apraiz","url":"https:\/\/foodtruckya.com\/magazine\/author\/aitor\/"}]}},"_links":{"self":[{"href":"https:\/\/foodtruckya.com\/magazine\/wp-json\/wp\/v2\/posts\/14062"}],"collection":[{"href":"https:\/\/foodtruckya.com\/magazine\/wp-json\/wp\/v2\/posts"}],"about":[{"href":"https:\/\/foodtruckya.com\/magazine\/wp-json\/wp\/v2\/types\/post"}],"author":[{"embeddable":true,"href":"https:\/\/foodtruckya.com\/magazine\/wp-json\/wp\/v2\/users\/7"}],"replies":[{"embeddable":true,"href":"https:\/\/foodtruckya.com\/magazine\/wp-json\/wp\/v2\/comments?post=14062"}],"version-history":[{"count":1,"href":"https:\/\/foodtruckya.com\/magazine\/wp-json\/wp\/v2\/posts\/14062\/revisions"}],"predecessor-version":[{"id":14064,"href":"https:\/\/foodtruckya.com\/magazine\/wp-json\/wp\/v2\/posts\/14062\/revisions\/14064"}],"wp:featuredmedia":[{"embeddable":true,"href":"https:\/\/foodtruckya.com\/magazine\/wp-json\/wp\/v2\/media\/14063"}],"wp:attachment":[{"href":"https:\/\/foodtruckya.com\/magazine\/wp-json\/wp\/v2\/media?parent=14062"}],"wp:term":[{"taxonomy":"category","embeddable":true,"href":"https:\/\/foodtruckya.com\/magazine\/wp-json\/wp\/v2\/categories?post=14062"},{"taxonomy":"post_tag","embeddable":true,"href":"https:\/\/foodtruckya.com\/magazine\/wp-json\/wp\/v2\/tags?post=14062"},{"taxonomy":"powerkit_post_featured","embeddable":true,"href":"https:\/\/foodtruckya.com\/magazine\/wp-json\/wp\/v2\/powerkit_post_featured?post=14062"}],"curies":[{"name":"wp","href":"https:\/\/api.w.org\/{rel}","templated":true}]}}