{"id":14197,"date":"2026-04-29T13:48:48","date_gmt":"2026-04-29T11:48:48","guid":{"rendered":"https:\/\/foodtruckya.com\/magazine\/?p=14197"},"modified":"2026-04-29T13:48:48","modified_gmt":"2026-04-29T11:48:48","slug":"drink-truck-la-coctelera","status":"publish","type":"post","link":"https:\/\/foodtruckya.com\/magazine\/entrevistas-food-trucks\/drink-truck-la-coctelera\/","title":{"rendered":"Drink Truck La Coctelera"},"content":{"rendered":"\n<h1 id=\"entrevista-emprendedores-food-trucks-espana\" class=\"wp-block-heading has-medium-font-size\">Entrevista emprendedores food trucks Espa\u00f1a<\/h1>\n\n\n\n<p>Charlamos con Enric Oliv\u00e9 Rubio, emprendedor del street food y responsable de <strong><em><a href=\"https:\/\/foodtruckya.com\/es\/catering\/drink-truck-la-coctelera\" target=\"_blank\" rel=\"noreferrer noopener\">Drink Truck La Coctelera<\/a><\/em><\/strong><\/p>\n\n\n\n<figure class=\"wp-block-image size-full\"><img  loading=\"lazy\"  decoding=\"async\"  width=\"879\"  height=\"1080\"  src=\"data:image\/png;base64,iVBORw0KGgoAAAANSUhEUgAAA28AAAQ4AQMAAACkLXZ+AAAAA1BMVEUAAP+KeNJXAAAAAXRSTlMAQObYZgAAAAlwSFlzAAAOxAAADsQBlSsOGwAAAItJREFUeNrtwQENAAAAwqD3T20ON6AAAAAAAAAAAAAAAAAAAAAAAAAAAAAAAAAAAAAAAAAAAAAAAAAAAAAAAAAAAAAAAAAAAAAAAAAAAAAAAAAAAAAAAAAAAAAAAAAAAAAAAAAAAAAAAAAAAAAAAAAAAAAAAAAAAAAAAAAAAAAAAAAAAAAAAAAAAD4M1FcAASGlx38AAAAASUVORK5CYII=\"  alt=\"drink truck la coctelera enric\"  class=\"wp-image-14198 pk-lazyload\"  data-pk-sizes=\"auto\"  data-ls-sizes=\"(max-width: 879px) 100vw, 879px\"  data-pk-src=\"https:\/\/foodtruckya.com\/magazine\/wp-content\/uploads\/2026\/04\/drink-truck-la-coctelera-food-truck-7.jpg\"  data-pk-srcset=\"https:\/\/foodtruckya.com\/magazine\/wp-content\/uploads\/2026\/04\/drink-truck-la-coctelera-food-truck-7.jpg 879w, https:\/\/foodtruckya.com\/magazine\/wp-content\/uploads\/2026\/04\/drink-truck-la-coctelera-food-truck-7-800x983.jpg 800w, https:\/\/foodtruckya.com\/magazine\/wp-content\/uploads\/2026\/04\/drink-truck-la-coctelera-food-truck-7-120x147.jpg 120w, https:\/\/foodtruckya.com\/magazine\/wp-content\/uploads\/2026\/04\/drink-truck-la-coctelera-food-truck-7-90x111.jpg 90w, https:\/\/foodtruckya.com\/magazine\/wp-content\/uploads\/2026\/04\/drink-truck-la-coctelera-food-truck-7-320x393.jpg 320w, https:\/\/foodtruckya.com\/magazine\/wp-content\/uploads\/2026\/04\/drink-truck-la-coctelera-food-truck-7-560x688.jpg 560w, https:\/\/foodtruckya.com\/magazine\/wp-content\/uploads\/2026\/04\/drink-truck-la-coctelera-food-truck-7-240x295.jpg 240w, https:\/\/foodtruckya.com\/magazine\/wp-content\/uploads\/2026\/04\/drink-truck-la-coctelera-food-truck-7-180x221.jpg 180w, https:\/\/foodtruckya.com\/magazine\/wp-content\/uploads\/2026\/04\/drink-truck-la-coctelera-food-truck-7-640x786.jpg 640w\" ><\/figure>\n\n\n\n<h2 id=\"como-os-adentrasteis-en-el-movimiento-street-food\" class=\"wp-block-heading has-medium-font-size\">\u00bfC\u00f3mo os adentrasteis en el movimiento street food?<\/h2>\n\n\n\n<p>Soy tercera generaci\u00f3n en este movimiento, mis padres empezaron en los a\u00f1os 70 haciendo ferias, con todo tipo de productos de alimentaci\u00f3n, manzanas de caramelo, garrapi\u00f1adas, algod\u00f3n de az\u00facar, palomitas, bocadillos etc, incluso una t\u00f3mbola!! (aquellos a\u00f1os..), mis hermanos mayores, mis sobrinos , se montaron churrerias, &#8230;<\/p>\n\n\n\n<p>Empec\u00e9 vendiendo frankfurts y patatas fritas en los principios de los 2000 e introdujimos bocadillos de todo tipo. En el a\u00f1o 2007 hice un cambio radical, despu\u00e9s de ver c\u00f3mo estaba el mercado &#8230;; nadie hac\u00eda mojitos en la calle! Ah\u00ed vi el fil\u00f3n, y desde entonces en este sector de street drink en provincia de Girona, continuamos en este mundo maravilloso. Hoy en d\u00eda hay food trucks que son un aut\u00e9ntica pasada, Espa\u00f1a est\u00e1 a un nivel excepcional.<\/p>\n\n\n\n<figure class=\"wp-block-image size-large\"><img  loading=\"lazy\"  decoding=\"async\"  width=\"1160\"  height=\"870\"  src=\"data:image\/png;base64,iVBORw0KGgoAAAANSUhEUgAABIgAAANmAQMAAACrCyL8AAAAA1BMVEUAAP+KeNJXAAAAAXRSTlMAQObYZgAAAAlwSFlzAAAOxAAADsQBlSsOGwAAAJJJREFUeNrtwTEBAAAAwqD1T20JT6AAAAAAAAAAAAAAAAAAAAAAAAAAAAAAAAAAAAAAAAAAAAAAAAAAAAAAAAAAAAAAAAAAAAAAAAAAAAAAAAAAAAAAAAAAAAAAAAAAAAAAAAAAAAAAAAAAAAAAAAAAAAAAAAAAAAAAAAAAAAAAAAAAAAAAAAAAAAAAAAAAAAD+BvA7AAGTZkFsAAAAAElFTkSuQmCC\"  alt=\"drink truck la coctelera\"  class=\"wp-image-14199 pk-lazyload\"  data-pk-sizes=\"auto\"  data-ls-sizes=\"(max-width: 1160px) 100vw, 1160px\"  data-pk-src=\"https:\/\/foodtruckya.com\/magazine\/wp-content\/uploads\/2026\/04\/drink-truck-la-coctelera-food-truck-1160x870.jpg\"  data-pk-srcset=\"https:\/\/foodtruckya.com\/magazine\/wp-content\/uploads\/2026\/04\/drink-truck-la-coctelera-food-truck-1160x870.jpg 1160w, https:\/\/foodtruckya.com\/magazine\/wp-content\/uploads\/2026\/04\/drink-truck-la-coctelera-food-truck-800x600.jpg 800w, https:\/\/foodtruckya.com\/magazine\/wp-content\/uploads\/2026\/04\/drink-truck-la-coctelera-food-truck-320x240.jpg 320w, https:\/\/foodtruckya.com\/magazine\/wp-content\/uploads\/2026\/04\/drink-truck-la-coctelera-food-truck-300x225.jpg 300w, https:\/\/foodtruckya.com\/magazine\/wp-content\/uploads\/2026\/04\/drink-truck-la-coctelera-food-truck-120x90.jpg 120w, https:\/\/foodtruckya.com\/magazine\/wp-content\/uploads\/2026\/04\/drink-truck-la-coctelera-food-truck-90x68.jpg 90w, https:\/\/foodtruckya.com\/magazine\/wp-content\/uploads\/2026\/04\/drink-truck-la-coctelera-food-truck-560x420.jpg 560w, https:\/\/foodtruckya.com\/magazine\/wp-content\/uploads\/2026\/04\/drink-truck-la-coctelera-food-truck-600x450.jpg 600w, https:\/\/foodtruckya.com\/magazine\/wp-content\/uploads\/2026\/04\/drink-truck-la-coctelera-food-truck-240x180.jpg 240w, https:\/\/foodtruckya.com\/magazine\/wp-content\/uploads\/2026\/04\/drink-truck-la-coctelera-food-truck-180x136.jpg 180w, https:\/\/foodtruckya.com\/magazine\/wp-content\/uploads\/2026\/04\/drink-truck-la-coctelera-food-truck-640x480.jpg 640w, https:\/\/foodtruckya.com\/magazine\/wp-content\/uploads\/2026\/04\/drink-truck-la-coctelera-food-truck-1120x840.jpg 1120w, https:\/\/foodtruckya.com\/magazine\/wp-content\/uploads\/2026\/04\/drink-truck-la-coctelera-food-truck.jpg 1200w\" ><\/figure>\n\n\n\n<h2 id=\"que-dificultades-habeis-encontrado-para-sacar-adelante-vuestro-proyecto-de-food-truck\" class=\"wp-block-heading has-medium-font-size\">\u00bfQu\u00e9 dificultades hab\u00e9is encontrado para sacar adelante vuestro proyecto de food truck?<\/h2>\n\n\n\n<p>El producto cost\u00f3 introducirlo en su momento, hasta que empec\u00e9 por uno, por otro evento &#8230; y fui abri\u00e9ndome camino, boca boca, un poco de facebook y ahora las redes sociales y vuestra web que es genial!!<\/p>\n\n\n\n<h2 id=\"que-mejorariais-de-la-normativa-para-food-trucks\" class=\"wp-block-heading has-medium-font-size\">\u00bfQu\u00e9 mejorar\u00edais de la normativa para food trucks?<\/h2>\n\n\n\n<p>Realmente hay tanta oferta, y tantos productos, que la mayor\u00eda del sector aceptan las condiciones sin posibilidad de negociar, y ah\u00ed esta lo malo. Como bien dicen algunos compa\u00f1eros, deber\u00eda de haber una legislaci\u00f3n, pero al negociar con empresas privadas en eventos grandes, me temo que ah\u00ed, es muy dif\u00edcil, pero nunca hay que dejar de defender nuestros intereses para llegar a acuerdos.<\/p>\n\n\n\n<h2 id=\"de-donde-viene-el-nombre-de-vuestro-food-truck\" class=\"wp-block-heading has-medium-font-size\">\u00bfDe d\u00f3nde viene el nombre de vuestro food truck?<\/h2>\n\n\n\n<p>Antes no ten\u00eda cuando empec\u00e9, me conoc\u00edan por el de los mojitos, jajaja. Tengo unas cocteleras de decoraci\u00f3n, y hablando con unos amigos hablando de food trucks, se nos ocurri\u00f3 cambiar el \u201cfood\u201d por el \u201cdrink\u201d, y a\u00f1adimos la coctelera: <em>DRINK TRUCK LA COCTELERA<\/em><\/p>\n\n\n\n<h2 id=\"cual-es-vuestro-plato-estrella\" class=\"wp-block-heading has-medium-font-size\">\u00bfCu\u00e1l es vuestro plato estrella?<\/h2>\n\n\n\n<p>Mojito de mango por supuesto!!! Adem\u00e1s est\u00e1is invitados a probarlo!! jejeje,<br>y un nuevo producto que este verano voy lanzar en los eventos y ferias &#8230; \u00e9ste es sorpresa \u2026<\/p>\n\n\n\n<figure class=\"wp-block-image size-full\"><img  loading=\"lazy\"  decoding=\"async\"  width=\"1067\"  height=\"1015\"  src=\"data:image\/png;base64,iVBORw0KGgoAAAANSUhEUgAABCsAAAP3AQMAAAA\/XlbIAAAAA1BMVEUAAP+KeNJXAAAAAXRSTlMAQObYZgAAAAlwSFlzAAAOxAAADsQBlSsOGwAAAJxJREFUeNrtwYEAAAAAw6D5U5\/gBlUBAAAAAAAAAAAAAAAAAAAAAAAAAAAAAAAAAAAAAAAAAAAAAAAAAAAAAAAAAAAAAAAAAAAAAAAAAAAAAAAAAAAAAAAAAAAAAAAAAAAAAAAAAAAAAAAAAAAAAAAAAAAAAAAAAAAAAAAAAAAAAAAAAAAAAAAAAAAAAAAAAAAAAAAAAAAAAAAA1wAXXwABxRkmlAAAAABJRU5ErkJggg==\"  alt=\"drink truck la coctelera mojitos\"  class=\"wp-image-14202 pk-lazyload\"  data-pk-sizes=\"auto\"  data-ls-sizes=\"(max-width: 1067px) 100vw, 1067px\"  data-pk-src=\"https:\/\/foodtruckya.com\/magazine\/wp-content\/uploads\/2026\/04\/drink-truck-la-coctelera-food-truck-2-1.jpg\"  data-pk-srcset=\"https:\/\/foodtruckya.com\/magazine\/wp-content\/uploads\/2026\/04\/drink-truck-la-coctelera-food-truck-2-1.jpg 1067w, https:\/\/foodtruckya.com\/magazine\/wp-content\/uploads\/2026\/04\/drink-truck-la-coctelera-food-truck-2-1-800x761.jpg 800w, https:\/\/foodtruckya.com\/magazine\/wp-content\/uploads\/2026\/04\/drink-truck-la-coctelera-food-truck-2-1-120x114.jpg 120w, https:\/\/foodtruckya.com\/magazine\/wp-content\/uploads\/2026\/04\/drink-truck-la-coctelera-food-truck-2-1-90x86.jpg 90w, https:\/\/foodtruckya.com\/magazine\/wp-content\/uploads\/2026\/04\/drink-truck-la-coctelera-food-truck-2-1-320x304.jpg 320w, https:\/\/foodtruckya.com\/magazine\/wp-content\/uploads\/2026\/04\/drink-truck-la-coctelera-food-truck-2-1-560x533.jpg 560w, https:\/\/foodtruckya.com\/magazine\/wp-content\/uploads\/2026\/04\/drink-truck-la-coctelera-food-truck-2-1-240x228.jpg 240w, https:\/\/foodtruckya.com\/magazine\/wp-content\/uploads\/2026\/04\/drink-truck-la-coctelera-food-truck-2-1-180x171.jpg 180w, https:\/\/foodtruckya.com\/magazine\/wp-content\/uploads\/2026\/04\/drink-truck-la-coctelera-food-truck-2-1-640x609.jpg 640w\" ><\/figure>\n\n\n\n<h2 id=\"que-os-hace-un-food-truck-unico-por-que-deben-visitaros\" class=\"wp-block-heading has-medium-font-size\">\u00bfQu\u00e9 os hace un food truck \u00fanico? \u00bfPor qu\u00e9 deben visitaros?<\/h2>\n\n\n\n<p>Para m\u00ed no es solo un trabajo, es un estilo de vida. Desde peque\u00f1o me ense\u00f1aron a poner amor y esfuerzo en todo lo que hago. Y algo clave es el trato con las personas y si a\u00f1ades calidad en el producto: al final los que te permiten seguir adelante son los clientes. Por eso creo que un cliente satisfecho es la mejor inversi\u00f3n que puede hacer cualquier negocio.<\/p>\n\n\n\n<figure class=\"wp-block-image size-large\"><img  loading=\"lazy\"  decoding=\"async\"  width=\"1160\"  height=\"265\"  src=\"data:image\/png;base64,iVBORw0KGgoAAAANSUhEUgAABIgAAAEJAQMAAADFNo5aAAAAA1BMVEUAAP+KeNJXAAAAAXRSTlMAQObYZgAAAAlwSFlzAAAOxAAADsQBlSsOGwAAADtJREFUeNrtwQEBAAAAgiD\/r25IQAEAAAAAAAAAAAAAAAAAAAAAAAAAAAAAAAAAAAAAAAAAAAAAAADwaZciAAHRAmVRAAAAAElFTkSuQmCC\"  alt=\"drink truck la coctelera cartel\"  class=\"wp-image-14200 pk-lazyload\"  data-pk-sizes=\"auto\"  data-ls-sizes=\"(max-width: 1160px) 100vw, 1160px\"  data-pk-src=\"https:\/\/foodtruckya.com\/magazine\/wp-content\/uploads\/2026\/04\/drink-truck-la-coctelera-food-truck-1-1160x265.jpg\"  data-pk-srcset=\"https:\/\/foodtruckya.com\/magazine\/wp-content\/uploads\/2026\/04\/drink-truck-la-coctelera-food-truck-1-1160x265.jpg 1160w, https:\/\/foodtruckya.com\/magazine\/wp-content\/uploads\/2026\/04\/drink-truck-la-coctelera-food-truck-1-800x183.jpg 800w, https:\/\/foodtruckya.com\/magazine\/wp-content\/uploads\/2026\/04\/drink-truck-la-coctelera-food-truck-1-120x27.jpg 120w, https:\/\/foodtruckya.com\/magazine\/wp-content\/uploads\/2026\/04\/drink-truck-la-coctelera-food-truck-1-90x21.jpg 90w, https:\/\/foodtruckya.com\/magazine\/wp-content\/uploads\/2026\/04\/drink-truck-la-coctelera-food-truck-1-320x73.jpg 320w, https:\/\/foodtruckya.com\/magazine\/wp-content\/uploads\/2026\/04\/drink-truck-la-coctelera-food-truck-1-560x128.jpg 560w, https:\/\/foodtruckya.com\/magazine\/wp-content\/uploads\/2026\/04\/drink-truck-la-coctelera-food-truck-1-240x55.jpg 240w, https:\/\/foodtruckya.com\/magazine\/wp-content\/uploads\/2026\/04\/drink-truck-la-coctelera-food-truck-1-180x41.jpg 180w, https:\/\/foodtruckya.com\/magazine\/wp-content\/uploads\/2026\/04\/drink-truck-la-coctelera-food-truck-1-640x146.jpg 640w, https:\/\/foodtruckya.com\/magazine\/wp-content\/uploads\/2026\/04\/drink-truck-la-coctelera-food-truck-1-1120x256.jpg 1120w, https:\/\/foodtruckya.com\/magazine\/wp-content\/uploads\/2026\/04\/drink-truck-la-coctelera-food-truck-1.jpg 1200w\" ><\/figure>\n\n\n\n<hr class=\"wp-block-separator has-alpha-channel-opacity\"\/>\n\n\n\n<p>Puedes ver la ficha de Drink Truck La Coctelera en Foodtruckya Espa\u00f1a, y contactarles para tu pr\u00f3ximo evento <strong><em><a href=\"https:\/\/foodtruckya.com\/es\/catering\/drink-truck-la-coctelera\" target=\"_blank\" rel=\"noreferrer noopener\">aqu\u00ed<\/a><\/em><\/strong><\/p>\n\n\n\n<p><br><\/p>\n","protected":false},"excerpt":{"rendered":"<p>Entrevista emprendedores food trucks Espa\u00f1a Charlamos con Enric Oliv\u00e9 Rubio, emprendedor del street food y responsable de Drink Truck La Coctelera \u00bfC\u00f3mo os adentrasteis en el movimiento street food? Soy&hellip;<\/p>\n","protected":false},"author":7,"featured_media":14199,"comment_status":"closed","ping_status":"closed","sticky":false,"template":"","format":"standard","meta":{"footnotes":""},"categories":[41,43],"tags":[],"powerkit_post_featured":[3,6],"yoast_head":"<!-- This site is optimized with the Yoast SEO plugin v24.2 - https:\/\/yoast.com\/wordpress\/plugins\/seo\/ -->\n<title>Drink Truck La Coctelera &#8212; Street Food Magazine<\/title>\n<meta name=\"description\" content=\"Entrevista emprendedores food trucks Espa\u00f1a. Charlamos con Enric Oliv\u00e9 Rubio, emprendedor y responsable de Drink Truck La Coctelera\" \/>\n<meta name=\"robots\" content=\"index, follow, max-snippet:-1, max-image-preview:large, max-video-preview:-1\" \/>\n<link rel=\"canonical\" href=\"https:\/\/foodtruckya.com\/magazine\/entrevistas-food-trucks\/drink-truck-la-coctelera\/\" \/>\n<meta property=\"og:locale\" content=\"es_ES\" \/>\n<meta property=\"og:type\" content=\"article\" \/>\n<meta property=\"og:title\" content=\"Drink Truck La Coctelera &#8212; Street Food Magazine\" \/>\n<meta property=\"og:description\" content=\"Entrevista emprendedores food trucks Espa\u00f1a. Charlamos con Enric Oliv\u00e9 Rubio, emprendedor y responsable de Drink Truck La Coctelera\" \/>\n<meta property=\"og:url\" content=\"https:\/\/foodtruckya.com\/magazine\/entrevistas-food-trucks\/drink-truck-la-coctelera\/\" \/>\n<meta property=\"og:site_name\" content=\"Street Food Magazine\" \/>\n<meta property=\"article:publisher\" content=\"https:\/\/www.facebook.com\/Foodtruckya\/\" \/>\n<meta property=\"article:published_time\" content=\"2026-04-29T11:48:48+00:00\" \/>\n<meta property=\"og:image\" content=\"https:\/\/foodtruckya.com\/magazine\/wp-content\/uploads\/2026\/04\/drink-truck-la-coctelera-food-truck.jpg\" \/>\n\t<meta property=\"og:image:width\" content=\"1200\" \/>\n\t<meta property=\"og:image:height\" content=\"900\" \/>\n\t<meta property=\"og:image:type\" content=\"image\/jpeg\" \/>\n<meta name=\"author\" content=\"Aitor Apraiz\" \/>\n<meta name=\"twitter:card\" content=\"summary_large_image\" \/>\n<meta name=\"twitter:creator\" content=\"@Foodtruckya\" \/>\n<meta name=\"twitter:site\" content=\"@Foodtruckya\" \/>\n<meta name=\"twitter:label1\" content=\"Escrito por\" \/>\n\t<meta name=\"twitter:data1\" content=\"Aitor Apraiz\" \/>\n\t<meta name=\"twitter:label2\" content=\"Tiempo de lectura\" \/>\n\t<meta name=\"twitter:data2\" content=\"4 minutos\" \/>\n<script type=\"application\/ld+json\" class=\"yoast-schema-graph\">{\"@context\":\"https:\/\/schema.org\",\"@graph\":[{\"@type\":\"Article\",\"@id\":\"https:\/\/foodtruckya.com\/magazine\/entrevistas-food-trucks\/drink-truck-la-coctelera\/#article\",\"isPartOf\":{\"@id\":\"https:\/\/foodtruckya.com\/magazine\/entrevistas-food-trucks\/drink-truck-la-coctelera\/\"},\"author\":{\"name\":\"Aitor Apraiz\",\"@id\":\"https:\/\/foodtruckya.com\/magazine\/#\/schema\/person\/c63463dfe4a6cb311fe8efe83b961b7a\"},\"headline\":\"Drink Truck La Coctelera\",\"datePublished\":\"2026-04-29T11:48:48+00:00\",\"dateModified\":\"2026-04-29T11:48:48+00:00\",\"mainEntityOfPage\":{\"@id\":\"https:\/\/foodtruckya.com\/magazine\/entrevistas-food-trucks\/drink-truck-la-coctelera\/\"},\"wordCount\":497,\"publisher\":{\"@id\":\"https:\/\/foodtruckya.com\/magazine\/#organization\"},\"image\":{\"@id\":\"https:\/\/foodtruckya.com\/magazine\/entrevistas-food-trucks\/drink-truck-la-coctelera\/#primaryimage\"},\"thumbnailUrl\":\"https:\/\/foodtruckya.com\/magazine\/wp-content\/uploads\/2026\/04\/drink-truck-la-coctelera-food-truck.jpg\",\"articleSection\":[\"Entrevistas\",\"Entrevistas Espa\u00f1a\"],\"inLanguage\":\"es\"},{\"@type\":\"WebPage\",\"@id\":\"https:\/\/foodtruckya.com\/magazine\/entrevistas-food-trucks\/drink-truck-la-coctelera\/\",\"url\":\"https:\/\/foodtruckya.com\/magazine\/entrevistas-food-trucks\/drink-truck-la-coctelera\/\",\"name\":\"Drink Truck La Coctelera &#8212; Street Food Magazine\",\"isPartOf\":{\"@id\":\"https:\/\/foodtruckya.com\/magazine\/#website\"},\"primaryImageOfPage\":{\"@id\":\"https:\/\/foodtruckya.com\/magazine\/entrevistas-food-trucks\/drink-truck-la-coctelera\/#primaryimage\"},\"image\":{\"@id\":\"https:\/\/foodtruckya.com\/magazine\/entrevistas-food-trucks\/drink-truck-la-coctelera\/#primaryimage\"},\"thumbnailUrl\":\"https:\/\/foodtruckya.com\/magazine\/wp-content\/uploads\/2026\/04\/drink-truck-la-coctelera-food-truck.jpg\",\"datePublished\":\"2026-04-29T11:48:48+00:00\",\"dateModified\":\"2026-04-29T11:48:48+00:00\",\"description\":\"Entrevista emprendedores food trucks Espa\u00f1a. Charlamos con Enric Oliv\u00e9 Rubio, emprendedor y responsable de Drink Truck La Coctelera\",\"breadcrumb\":{\"@id\":\"https:\/\/foodtruckya.com\/magazine\/entrevistas-food-trucks\/drink-truck-la-coctelera\/#breadcrumb\"},\"inLanguage\":\"es\",\"potentialAction\":[{\"@type\":\"ReadAction\",\"target\":[\"https:\/\/foodtruckya.com\/magazine\/entrevistas-food-trucks\/drink-truck-la-coctelera\/\"]}]},{\"@type\":\"ImageObject\",\"inLanguage\":\"es\",\"@id\":\"https:\/\/foodtruckya.com\/magazine\/entrevistas-food-trucks\/drink-truck-la-coctelera\/#primaryimage\",\"url\":\"https:\/\/foodtruckya.com\/magazine\/wp-content\/uploads\/2026\/04\/drink-truck-la-coctelera-food-truck.jpg\",\"contentUrl\":\"https:\/\/foodtruckya.com\/magazine\/wp-content\/uploads\/2026\/04\/drink-truck-la-coctelera-food-truck.jpg\",\"width\":1200,\"height\":900,\"caption\":\"drink truck la coctelera\"},{\"@type\":\"BreadcrumbList\",\"@id\":\"https:\/\/foodtruckya.com\/magazine\/entrevistas-food-trucks\/drink-truck-la-coctelera\/#breadcrumb\",\"itemListElement\":[{\"@type\":\"ListItem\",\"position\":1,\"name\":\"Portada\",\"item\":\"https:\/\/foodtruckya.com\/magazine\/\"},{\"@type\":\"ListItem\",\"position\":2,\"name\":\"Drink Truck La Coctelera\"}]},{\"@type\":\"WebSite\",\"@id\":\"https:\/\/foodtruckya.com\/magazine\/#website\",\"url\":\"https:\/\/foodtruckya.com\/magazine\/\",\"name\":\"Street Food Magazine\",\"description\":\"Informaci\u00f3n sobre food trucks by Foodtruckya\",\"publisher\":{\"@id\":\"https:\/\/foodtruckya.com\/magazine\/#organization\"},\"potentialAction\":[{\"@type\":\"SearchAction\",\"target\":{\"@type\":\"EntryPoint\",\"urlTemplate\":\"https:\/\/foodtruckya.com\/magazine\/?s={search_term_string}\"},\"query-input\":{\"@type\":\"PropertyValueSpecification\",\"valueRequired\":true,\"valueName\":\"search_term_string\"}}],\"inLanguage\":\"es\"},{\"@type\":\"Organization\",\"@id\":\"https:\/\/foodtruckya.com\/magazine\/#organization\",\"name\":\"Foodtruckya\",\"url\":\"https:\/\/foodtruckya.com\/magazine\/\",\"logo\":{\"@type\":\"ImageObject\",\"inLanguage\":\"es\",\"@id\":\"https:\/\/foodtruckya.com\/magazine\/#\/schema\/logo\/image\/\",\"url\":\"https:\/\/foodtruckya.com\/magazine\/wp-content\/uploads\/2023\/05\/logo.png\",\"contentUrl\":\"https:\/\/foodtruckya.com\/magazine\/wp-content\/uploads\/2023\/05\/logo.png\",\"width\":500,\"height\":133,\"caption\":\"Foodtruckya\"},\"image\":{\"@id\":\"https:\/\/foodtruckya.com\/magazine\/#\/schema\/logo\/image\/\"},\"sameAs\":[\"https:\/\/www.facebook.com\/Foodtruckya\/\",\"https:\/\/x.com\/Foodtruckya\",\"https:\/\/www.instagram.com\/foodtruckya_oficial\/\"]},{\"@type\":\"Person\",\"@id\":\"https:\/\/foodtruckya.com\/magazine\/#\/schema\/person\/c63463dfe4a6cb311fe8efe83b961b7a\",\"name\":\"Aitor Apraiz\",\"url\":\"https:\/\/foodtruckya.com\/magazine\/author\/aitor\/\"}]}<\/script>\n<!-- \/ Yoast SEO plugin. -->","yoast_head_json":{"title":"Drink Truck La Coctelera &#8212; Street Food Magazine","description":"Entrevista emprendedores food trucks Espa\u00f1a. Charlamos con Enric Oliv\u00e9 Rubio, emprendedor y responsable de Drink Truck La Coctelera","robots":{"index":"index","follow":"follow","max-snippet":"max-snippet:-1","max-image-preview":"max-image-preview:large","max-video-preview":"max-video-preview:-1"},"canonical":"https:\/\/foodtruckya.com\/magazine\/entrevistas-food-trucks\/drink-truck-la-coctelera\/","og_locale":"es_ES","og_type":"article","og_title":"Drink Truck La Coctelera &#8212; Street Food Magazine","og_description":"Entrevista emprendedores food trucks Espa\u00f1a. Charlamos con Enric Oliv\u00e9 Rubio, emprendedor y responsable de Drink Truck La Coctelera","og_url":"https:\/\/foodtruckya.com\/magazine\/entrevistas-food-trucks\/drink-truck-la-coctelera\/","og_site_name":"Street Food Magazine","article_publisher":"https:\/\/www.facebook.com\/Foodtruckya\/","article_published_time":"2026-04-29T11:48:48+00:00","og_image":[{"width":1200,"height":900,"url":"https:\/\/foodtruckya.com\/magazine\/wp-content\/uploads\/2026\/04\/drink-truck-la-coctelera-food-truck.jpg","type":"image\/jpeg"}],"author":"Aitor Apraiz","twitter_card":"summary_large_image","twitter_creator":"@Foodtruckya","twitter_site":"@Foodtruckya","twitter_misc":{"Escrito por":"Aitor Apraiz","Tiempo de lectura":"4 minutos"},"schema":{"@context":"https:\/\/schema.org","@graph":[{"@type":"Article","@id":"https:\/\/foodtruckya.com\/magazine\/entrevistas-food-trucks\/drink-truck-la-coctelera\/#article","isPartOf":{"@id":"https:\/\/foodtruckya.com\/magazine\/entrevistas-food-trucks\/drink-truck-la-coctelera\/"},"author":{"name":"Aitor Apraiz","@id":"https:\/\/foodtruckya.com\/magazine\/#\/schema\/person\/c63463dfe4a6cb311fe8efe83b961b7a"},"headline":"Drink Truck La Coctelera","datePublished":"2026-04-29T11:48:48+00:00","dateModified":"2026-04-29T11:48:48+00:00","mainEntityOfPage":{"@id":"https:\/\/foodtruckya.com\/magazine\/entrevistas-food-trucks\/drink-truck-la-coctelera\/"},"wordCount":497,"publisher":{"@id":"https:\/\/foodtruckya.com\/magazine\/#organization"},"image":{"@id":"https:\/\/foodtruckya.com\/magazine\/entrevistas-food-trucks\/drink-truck-la-coctelera\/#primaryimage"},"thumbnailUrl":"https:\/\/foodtruckya.com\/magazine\/wp-content\/uploads\/2026\/04\/drink-truck-la-coctelera-food-truck.jpg","articleSection":["Entrevistas","Entrevistas Espa\u00f1a"],"inLanguage":"es"},{"@type":"WebPage","@id":"https:\/\/foodtruckya.com\/magazine\/entrevistas-food-trucks\/drink-truck-la-coctelera\/","url":"https:\/\/foodtruckya.com\/magazine\/entrevistas-food-trucks\/drink-truck-la-coctelera\/","name":"Drink Truck La Coctelera &#8212; Street Food Magazine","isPartOf":{"@id":"https:\/\/foodtruckya.com\/magazine\/#website"},"primaryImageOfPage":{"@id":"https:\/\/foodtruckya.com\/magazine\/entrevistas-food-trucks\/drink-truck-la-coctelera\/#primaryimage"},"image":{"@id":"https:\/\/foodtruckya.com\/magazine\/entrevistas-food-trucks\/drink-truck-la-coctelera\/#primaryimage"},"thumbnailUrl":"https:\/\/foodtruckya.com\/magazine\/wp-content\/uploads\/2026\/04\/drink-truck-la-coctelera-food-truck.jpg","datePublished":"2026-04-29T11:48:48+00:00","dateModified":"2026-04-29T11:48:48+00:00","description":"Entrevista emprendedores food trucks Espa\u00f1a. Charlamos con Enric Oliv\u00e9 Rubio, emprendedor y responsable de Drink Truck La Coctelera","breadcrumb":{"@id":"https:\/\/foodtruckya.com\/magazine\/entrevistas-food-trucks\/drink-truck-la-coctelera\/#breadcrumb"},"inLanguage":"es","potentialAction":[{"@type":"ReadAction","target":["https:\/\/foodtruckya.com\/magazine\/entrevistas-food-trucks\/drink-truck-la-coctelera\/"]}]},{"@type":"ImageObject","inLanguage":"es","@id":"https:\/\/foodtruckya.com\/magazine\/entrevistas-food-trucks\/drink-truck-la-coctelera\/#primaryimage","url":"https:\/\/foodtruckya.com\/magazine\/wp-content\/uploads\/2026\/04\/drink-truck-la-coctelera-food-truck.jpg","contentUrl":"https:\/\/foodtruckya.com\/magazine\/wp-content\/uploads\/2026\/04\/drink-truck-la-coctelera-food-truck.jpg","width":1200,"height":900,"caption":"drink truck la coctelera"},{"@type":"BreadcrumbList","@id":"https:\/\/foodtruckya.com\/magazine\/entrevistas-food-trucks\/drink-truck-la-coctelera\/#breadcrumb","itemListElement":[{"@type":"ListItem","position":1,"name":"Portada","item":"https:\/\/foodtruckya.com\/magazine\/"},{"@type":"ListItem","position":2,"name":"Drink Truck La Coctelera"}]},{"@type":"WebSite","@id":"https:\/\/foodtruckya.com\/magazine\/#website","url":"https:\/\/foodtruckya.com\/magazine\/","name":"Street Food Magazine","description":"Informaci\u00f3n sobre food trucks by Foodtruckya","publisher":{"@id":"https:\/\/foodtruckya.com\/magazine\/#organization"},"potentialAction":[{"@type":"SearchAction","target":{"@type":"EntryPoint","urlTemplate":"https:\/\/foodtruckya.com\/magazine\/?s={search_term_string}"},"query-input":{"@type":"PropertyValueSpecification","valueRequired":true,"valueName":"search_term_string"}}],"inLanguage":"es"},{"@type":"Organization","@id":"https:\/\/foodtruckya.com\/magazine\/#organization","name":"Foodtruckya","url":"https:\/\/foodtruckya.com\/magazine\/","logo":{"@type":"ImageObject","inLanguage":"es","@id":"https:\/\/foodtruckya.com\/magazine\/#\/schema\/logo\/image\/","url":"https:\/\/foodtruckya.com\/magazine\/wp-content\/uploads\/2023\/05\/logo.png","contentUrl":"https:\/\/foodtruckya.com\/magazine\/wp-content\/uploads\/2023\/05\/logo.png","width":500,"height":133,"caption":"Foodtruckya"},"image":{"@id":"https:\/\/foodtruckya.com\/magazine\/#\/schema\/logo\/image\/"},"sameAs":["https:\/\/www.facebook.com\/Foodtruckya\/","https:\/\/x.com\/Foodtruckya","https:\/\/www.instagram.com\/foodtruckya_oficial\/"]},{"@type":"Person","@id":"https:\/\/foodtruckya.com\/magazine\/#\/schema\/person\/c63463dfe4a6cb311fe8efe83b961b7a","name":"Aitor Apraiz","url":"https:\/\/foodtruckya.com\/magazine\/author\/aitor\/"}]}},"_links":{"self":[{"href":"https:\/\/foodtruckya.com\/magazine\/wp-json\/wp\/v2\/posts\/14197"}],"collection":[{"href":"https:\/\/foodtruckya.com\/magazine\/wp-json\/wp\/v2\/posts"}],"about":[{"href":"https:\/\/foodtruckya.com\/magazine\/wp-json\/wp\/v2\/types\/post"}],"author":[{"embeddable":true,"href":"https:\/\/foodtruckya.com\/magazine\/wp-json\/wp\/v2\/users\/7"}],"replies":[{"embeddable":true,"href":"https:\/\/foodtruckya.com\/magazine\/wp-json\/wp\/v2\/comments?post=14197"}],"version-history":[{"count":1,"href":"https:\/\/foodtruckya.com\/magazine\/wp-json\/wp\/v2\/posts\/14197\/revisions"}],"predecessor-version":[{"id":14203,"href":"https:\/\/foodtruckya.com\/magazine\/wp-json\/wp\/v2\/posts\/14197\/revisions\/14203"}],"wp:featuredmedia":[{"embeddable":true,"href":"https:\/\/foodtruckya.com\/magazine\/wp-json\/wp\/v2\/media\/14199"}],"wp:attachment":[{"href":"https:\/\/foodtruckya.com\/magazine\/wp-json\/wp\/v2\/media?parent=14197"}],"wp:term":[{"taxonomy":"category","embeddable":true,"href":"https:\/\/foodtruckya.com\/magazine\/wp-json\/wp\/v2\/categories?post=14197"},{"taxonomy":"post_tag","embeddable":true,"href":"https:\/\/foodtruckya.com\/magazine\/wp-json\/wp\/v2\/tags?post=14197"},{"taxonomy":"powerkit_post_featured","embeddable":true,"href":"https:\/\/foodtruckya.com\/magazine\/wp-json\/wp\/v2\/powerkit_post_featured?post=14197"}],"curies":[{"name":"wp","href":"https:\/\/api.w.org\/{rel}","templated":true}]}}