{"id":14216,"date":"2026-04-30T21:50:55","date_gmt":"2026-04-30T19:50:55","guid":{"rendered":"https:\/\/foodtruckya.com\/magazine\/?p=14216"},"modified":"2026-04-30T21:50:56","modified_gmt":"2026-04-30T19:50:56","slug":"festival-mundial-food-trucks-caceres","status":"publish","type":"post","link":"https:\/\/foodtruckya.com\/magazine\/eventos\/festival-mundial-food-trucks-caceres\/","title":{"rendered":"Festival Mundial food trucks C\u00e1ceres"},"content":{"rendered":"\n<h1 id=\"el-festival-mundial-de-foodtrucks-reune-gastronomia-internacional-en-caceres-del-30-de-abril-al-3-de-mayo\" class=\"wp-block-heading has-medium-font-size\">El Festival Mundial de Foodtrucks re\u00fane gastronom\u00eda internacional en C\u00e1ceres del 30 de abril al 3 de mayo<\/h1>\n\n\n\n<p>El Parque Padre Pac\u00edfico acoge desde el jueves 30 de abril hasta el domingo 3 de mayo una nueva edici\u00f3n de un <strong>festival de food trucks en C\u00e1ceres<\/strong> que re\u00fane propuestas gastron\u00f3micas internacionales junto a una programaci\u00f3n de ocio para todos los p\u00fablicos.<\/p>\n\n\n\n<p>Durante cuatro jornadas, el evento concentra una oferta variada de street food con especialidades de distintos pa\u00edses como cocina cubana, venezolana, italiana, mexicana, americana o argentina, consolidando el formato food truck como parte de la agenda gastron\u00f3mica y cultural de la ciudad.<\/p>\n\n\n\n<p>La cita alcanza su quinta edici\u00f3n y mantiene su presencia dentro del calendario de eventos en C\u00e1ceres, con una afluencia continuada de p\u00fablico atra\u00eddo por la combinaci\u00f3n de gastronom\u00eda internacional, m\u00fasica en directo y actividades familiares.<\/p>\n\n\n\n<p>La programaci\u00f3n incluye actuaciones musicales desde la jornada inaugural, con espect\u00e1culos tem\u00e1ticos, tributos a grupos reconocidos, sesiones de DJ y una fiesta ambientada en los a\u00f1os ochenta. Adem\u00e1s, se desarrollan actividades dirigidas al p\u00fablico infantil, como talleres y animaci\u00f3n, que refuerzan el car\u00e1cter familiar del evento.<\/p>\n\n\n\n<p>El acceso al recinto es gratuito durante toda la celebraci\u00f3n.<\/p>\n\n\n\n<p>Este tipo de eventos con food trucks en C\u00e1ceres se integran en la oferta de ocio urbano, combinando restauraci\u00f3n m\u00f3vil y programaci\u00f3n cultural en espacios al aire libre, y contin\u00faan consolid\u00e1ndose como formato habitual en distintas ciudades.<\/p>\n\n\n\n<p>M\u00e1s info <strong><em><a href=\"https:\/\/www.ayto-caceres.es\/noticias\/sabores-del-mundo-se-dan-cita-en-el-festival-mundial-de-foodtrucks\/\" target=\"_blank\" rel=\"noreferrer noopener\">aqu\u00ed<\/a><\/em><\/strong><\/p>\n\n\n\n<hr class=\"wp-block-separator has-alpha-channel-opacity\"\/>\n\n\n\n<p>*<em>Recuerda que si est\u00e1s organizando un evento y quieres alquilar, contratar o reservar food trucks puedes utilizar nuestra Central de Reservas gratuita de<\/em><strong><em><a href=\"https:\/\/foodtruckya.com\/\">&nbsp;Foodtruckya<\/a><\/em><\/strong>&nbsp;<\/p>\n\n\n\n<div class=\"wp-block-buttons is-content-justification-center is-layout-flex wp-container-core-buttons-is-layout-1 wp-block-buttons-is-layout-flex\">\n<div class=\"wp-block-button\"><a class=\"wp-block-button__link wp-element-button\" href=\"https:\/\/foodtruckya.com\/\">visitar FOODTRUCKya<\/a><\/div>\n<\/div>\n\n\n\n<figure class=\"wp-block-image size-large\"><img  loading=\"lazy\"  decoding=\"async\"  width=\"1160\"  height=\"1499\"  src=\"data:image\/png;base64,iVBORw0KGgoAAAANSUhEUgAABIgAAAXbAQMAAABujxdtAAAAA1BMVEUAAP+KeNJXAAAAAXRSTlMAQObYZgAAAAlwSFlzAAAOxAAADsQBlSsOGwAAAOtJREFUeNrtwTEBAAAAwqD1T20JT6AAAAAAAAAAAAAAAAAAAAAAAAAAAAAAAAAAAAAAAAAAAAAAAAAAAAAAAAAAAAAAAAAAAAAAAAAAAAAAAAAAAAAAAAAAAAAAAAAAAAAAAAAAAAAAAAAAAAAAAAAAAAAAAAAAAAAAAAAAAAAAAAAAAAAAAAAAAAAAAAAAAAAAAAAAAAAAAAAAAAAAAAAAAAAAAAAAAAAAAAAAAAAAAAAAAAAAAAAAAAAAAAAAAAAAAAAAAAAAAAAAAAAAAAAAAAAAAAAAAAAAAAAAAAAAAAAAAAAAAAAAAB4GVxMAAWWSQOsAAAAASUVORK5CYII=\"  alt=\"food trucks c\u00e1ceres\"  class=\"wp-image-14217 pk-lazyload\"  data-pk-sizes=\"auto\"  data-ls-sizes=\"(max-width: 1160px) 100vw, 1160px\"  data-pk-src=\"https:\/\/foodtruckya.com\/magazine\/wp-content\/uploads\/2026\/04\/food-trucks-caceres-1160x1499.jpg\"  data-pk-srcset=\"https:\/\/foodtruckya.com\/magazine\/wp-content\/uploads\/2026\/04\/food-trucks-caceres-1160x1499.jpg 1160w, https:\/\/foodtruckya.com\/magazine\/wp-content\/uploads\/2026\/04\/food-trucks-caceres-800x1034.jpg 800w, https:\/\/foodtruckya.com\/magazine\/wp-content\/uploads\/2026\/04\/food-trucks-caceres-1189x1536.jpg 1189w, https:\/\/foodtruckya.com\/magazine\/wp-content\/uploads\/2026\/04\/food-trucks-caceres-1585x2048.jpg 1585w, https:\/\/foodtruckya.com\/magazine\/wp-content\/uploads\/2026\/04\/food-trucks-caceres-120x155.jpg 120w, https:\/\/foodtruckya.com\/magazine\/wp-content\/uploads\/2026\/04\/food-trucks-caceres-90x116.jpg 90w, https:\/\/foodtruckya.com\/magazine\/wp-content\/uploads\/2026\/04\/food-trucks-caceres-320x414.jpg 320w, https:\/\/foodtruckya.com\/magazine\/wp-content\/uploads\/2026\/04\/food-trucks-caceres-560x724.jpg 560w, https:\/\/foodtruckya.com\/magazine\/wp-content\/uploads\/2026\/04\/food-trucks-caceres-1920x2481.jpg 1920w, https:\/\/foodtruckya.com\/magazine\/wp-content\/uploads\/2026\/04\/food-trucks-caceres-240x310.jpg 240w, https:\/\/foodtruckya.com\/magazine\/wp-content\/uploads\/2026\/04\/food-trucks-caceres-180x233.jpg 180w, https:\/\/foodtruckya.com\/magazine\/wp-content\/uploads\/2026\/04\/food-trucks-caceres-640x827.jpg 640w, https:\/\/foodtruckya.com\/magazine\/wp-content\/uploads\/2026\/04\/food-trucks-caceres-1120x1447.jpg 1120w, https:\/\/foodtruckya.com\/magazine\/wp-content\/uploads\/2026\/04\/food-trucks-caceres-1600x2068.jpg 1600w, https:\/\/foodtruckya.com\/magazine\/wp-content\/uploads\/2026\/04\/food-trucks-caceres.jpg 1981w\" ><figcaption class=\"wp-element-caption\">foto by web ayuntamiento c\u00e1ceres<\/figcaption><\/figure>\n","protected":false},"excerpt":{"rendered":"<p>El Festival Mundial de Foodtrucks re\u00fane gastronom\u00eda internacional en C\u00e1ceres del 30 de abril al 3 de mayo El Parque Padre Pac\u00edfico acoge desde el jueves 30 de abril hasta&hellip;<\/p>\n","protected":false},"author":7,"featured_media":14217,"comment_status":"closed","ping_status":"closed","sticky":false,"template":"","format":"standard","meta":{"footnotes":""},"categories":[1118],"tags":[],"powerkit_post_featured":[],"yoast_head":"<!-- This site is optimized with the Yoast SEO plugin v24.2 - https:\/\/yoast.com\/wordpress\/plugins\/seo\/ -->\n<title>Festival Mundial food trucks C\u00e1ceres &#8212; Street Food Magazine<\/title>\n<meta name=\"description\" content=\"El Festival Mundial de Foodtrucks re\u00fane gastronom\u00eda internacional en C\u00e1ceres del 30 de abril al 3 de mayoEl Parque Padre Pac\u00edfico\" \/>\n<meta name=\"robots\" content=\"index, follow, max-snippet:-1, max-image-preview:large, max-video-preview:-1\" \/>\n<link rel=\"canonical\" href=\"https:\/\/foodtruckya.com\/magazine\/eventos\/festival-mundial-food-trucks-caceres\/\" \/>\n<meta property=\"og:locale\" content=\"es_ES\" \/>\n<meta property=\"og:type\" content=\"article\" \/>\n<meta property=\"og:title\" content=\"Festival Mundial food trucks C\u00e1ceres &#8212; Street Food Magazine\" \/>\n<meta property=\"og:description\" content=\"El Festival Mundial de Foodtrucks re\u00fane gastronom\u00eda internacional en C\u00e1ceres del 30 de abril al 3 de mayoEl Parque Padre Pac\u00edfico\" \/>\n<meta property=\"og:url\" content=\"https:\/\/foodtruckya.com\/magazine\/eventos\/festival-mundial-food-trucks-caceres\/\" \/>\n<meta property=\"og:site_name\" content=\"Street Food Magazine\" \/>\n<meta property=\"article:publisher\" content=\"https:\/\/www.facebook.com\/Foodtruckya\/\" \/>\n<meta property=\"article:published_time\" content=\"2026-04-30T19:50:55+00:00\" \/>\n<meta property=\"article:modified_time\" content=\"2026-04-30T19:50:56+00:00\" \/>\n<meta property=\"og:image\" content=\"https:\/\/foodtruckya.com\/magazine\/wp-content\/uploads\/2026\/04\/food-trucks-caceres.jpg\" \/>\n\t<meta property=\"og:image:width\" content=\"1981\" \/>\n\t<meta property=\"og:image:height\" content=\"2560\" \/>\n\t<meta property=\"og:image:type\" content=\"image\/jpeg\" \/>\n<meta name=\"author\" content=\"Aitor Apraiz\" \/>\n<meta name=\"twitter:card\" content=\"summary_large_image\" \/>\n<meta name=\"twitter:creator\" content=\"@Foodtruckya\" \/>\n<meta name=\"twitter:site\" content=\"@Foodtruckya\" \/>\n<meta name=\"twitter:label1\" content=\"Escrito por\" \/>\n\t<meta name=\"twitter:data1\" content=\"Aitor Apraiz\" \/>\n\t<meta name=\"twitter:label2\" content=\"Tiempo de lectura\" \/>\n\t<meta name=\"twitter:data2\" content=\"2 minutos\" \/>\n<script type=\"application\/ld+json\" class=\"yoast-schema-graph\">{\"@context\":\"https:\/\/schema.org\",\"@graph\":[{\"@type\":\"Article\",\"@id\":\"https:\/\/foodtruckya.com\/magazine\/eventos\/festival-mundial-food-trucks-caceres\/#article\",\"isPartOf\":{\"@id\":\"https:\/\/foodtruckya.com\/magazine\/eventos\/festival-mundial-food-trucks-caceres\/\"},\"author\":{\"name\":\"Aitor Apraiz\",\"@id\":\"https:\/\/foodtruckya.com\/magazine\/#\/schema\/person\/c63463dfe4a6cb311fe8efe83b961b7a\"},\"headline\":\"Festival Mundial food trucks C\u00e1ceres\",\"datePublished\":\"2026-04-30T19:50:55+00:00\",\"dateModified\":\"2026-04-30T19:50:56+00:00\",\"mainEntityOfPage\":{\"@id\":\"https:\/\/foodtruckya.com\/magazine\/eventos\/festival-mundial-food-trucks-caceres\/\"},\"wordCount\":307,\"publisher\":{\"@id\":\"https:\/\/foodtruckya.com\/magazine\/#organization\"},\"image\":{\"@id\":\"https:\/\/foodtruckya.com\/magazine\/eventos\/festival-mundial-food-trucks-caceres\/#primaryimage\"},\"thumbnailUrl\":\"https:\/\/foodtruckya.com\/magazine\/wp-content\/uploads\/2026\/04\/food-trucks-caceres.jpg\",\"articleSection\":[\"Eventos\"],\"inLanguage\":\"es\"},{\"@type\":\"WebPage\",\"@id\":\"https:\/\/foodtruckya.com\/magazine\/eventos\/festival-mundial-food-trucks-caceres\/\",\"url\":\"https:\/\/foodtruckya.com\/magazine\/eventos\/festival-mundial-food-trucks-caceres\/\",\"name\":\"Festival Mundial food trucks C\u00e1ceres &#8212; Street Food Magazine\",\"isPartOf\":{\"@id\":\"https:\/\/foodtruckya.com\/magazine\/#website\"},\"primaryImageOfPage\":{\"@id\":\"https:\/\/foodtruckya.com\/magazine\/eventos\/festival-mundial-food-trucks-caceres\/#primaryimage\"},\"image\":{\"@id\":\"https:\/\/foodtruckya.com\/magazine\/eventos\/festival-mundial-food-trucks-caceres\/#primaryimage\"},\"thumbnailUrl\":\"https:\/\/foodtruckya.com\/magazine\/wp-content\/uploads\/2026\/04\/food-trucks-caceres.jpg\",\"datePublished\":\"2026-04-30T19:50:55+00:00\",\"dateModified\":\"2026-04-30T19:50:56+00:00\",\"description\":\"El Festival Mundial de Foodtrucks re\u00fane gastronom\u00eda internacional en C\u00e1ceres del 30 de abril al 3 de mayoEl Parque Padre Pac\u00edfico\",\"breadcrumb\":{\"@id\":\"https:\/\/foodtruckya.com\/magazine\/eventos\/festival-mundial-food-trucks-caceres\/#breadcrumb\"},\"inLanguage\":\"es\",\"potentialAction\":[{\"@type\":\"ReadAction\",\"target\":[\"https:\/\/foodtruckya.com\/magazine\/eventos\/festival-mundial-food-trucks-caceres\/\"]}]},{\"@type\":\"ImageObject\",\"inLanguage\":\"es\",\"@id\":\"https:\/\/foodtruckya.com\/magazine\/eventos\/festival-mundial-food-trucks-caceres\/#primaryimage\",\"url\":\"https:\/\/foodtruckya.com\/magazine\/wp-content\/uploads\/2026\/04\/food-trucks-caceres.jpg\",\"contentUrl\":\"https:\/\/foodtruckya.com\/magazine\/wp-content\/uploads\/2026\/04\/food-trucks-caceres.jpg\",\"width\":1981,\"height\":2560,\"caption\":\"festival food trucks c\u00e1ceres\"},{\"@type\":\"BreadcrumbList\",\"@id\":\"https:\/\/foodtruckya.com\/magazine\/eventos\/festival-mundial-food-trucks-caceres\/#breadcrumb\",\"itemListElement\":[{\"@type\":\"ListItem\",\"position\":1,\"name\":\"Portada\",\"item\":\"https:\/\/foodtruckya.com\/magazine\/\"},{\"@type\":\"ListItem\",\"position\":2,\"name\":\"Festival Mundial food trucks C\u00e1ceres\"}]},{\"@type\":\"WebSite\",\"@id\":\"https:\/\/foodtruckya.com\/magazine\/#website\",\"url\":\"https:\/\/foodtruckya.com\/magazine\/\",\"name\":\"Street Food Magazine\",\"description\":\"Informaci\u00f3n sobre food trucks by Foodtruckya\",\"publisher\":{\"@id\":\"https:\/\/foodtruckya.com\/magazine\/#organization\"},\"potentialAction\":[{\"@type\":\"SearchAction\",\"target\":{\"@type\":\"EntryPoint\",\"urlTemplate\":\"https:\/\/foodtruckya.com\/magazine\/?s={search_term_string}\"},\"query-input\":{\"@type\":\"PropertyValueSpecification\",\"valueRequired\":true,\"valueName\":\"search_term_string\"}}],\"inLanguage\":\"es\"},{\"@type\":\"Organization\",\"@id\":\"https:\/\/foodtruckya.com\/magazine\/#organization\",\"name\":\"Foodtruckya\",\"url\":\"https:\/\/foodtruckya.com\/magazine\/\",\"logo\":{\"@type\":\"ImageObject\",\"inLanguage\":\"es\",\"@id\":\"https:\/\/foodtruckya.com\/magazine\/#\/schema\/logo\/image\/\",\"url\":\"https:\/\/foodtruckya.com\/magazine\/wp-content\/uploads\/2023\/05\/logo.png\",\"contentUrl\":\"https:\/\/foodtruckya.com\/magazine\/wp-content\/uploads\/2023\/05\/logo.png\",\"width\":500,\"height\":133,\"caption\":\"Foodtruckya\"},\"image\":{\"@id\":\"https:\/\/foodtruckya.com\/magazine\/#\/schema\/logo\/image\/\"},\"sameAs\":[\"https:\/\/www.facebook.com\/Foodtruckya\/\",\"https:\/\/x.com\/Foodtruckya\",\"https:\/\/www.instagram.com\/foodtruckya_oficial\/\"]},{\"@type\":\"Person\",\"@id\":\"https:\/\/foodtruckya.com\/magazine\/#\/schema\/person\/c63463dfe4a6cb311fe8efe83b961b7a\",\"name\":\"Aitor Apraiz\",\"url\":\"https:\/\/foodtruckya.com\/magazine\/author\/aitor\/\"}]}<\/script>\n<!-- \/ Yoast SEO plugin. -->","yoast_head_json":{"title":"Festival Mundial food trucks C\u00e1ceres &#8212; Street Food Magazine","description":"El Festival Mundial de Foodtrucks re\u00fane gastronom\u00eda internacional en C\u00e1ceres del 30 de abril al 3 de mayoEl Parque Padre Pac\u00edfico","robots":{"index":"index","follow":"follow","max-snippet":"max-snippet:-1","max-image-preview":"max-image-preview:large","max-video-preview":"max-video-preview:-1"},"canonical":"https:\/\/foodtruckya.com\/magazine\/eventos\/festival-mundial-food-trucks-caceres\/","og_locale":"es_ES","og_type":"article","og_title":"Festival Mundial food trucks C\u00e1ceres &#8212; Street Food Magazine","og_description":"El Festival Mundial de Foodtrucks re\u00fane gastronom\u00eda internacional en C\u00e1ceres del 30 de abril al 3 de mayoEl Parque Padre Pac\u00edfico","og_url":"https:\/\/foodtruckya.com\/magazine\/eventos\/festival-mundial-food-trucks-caceres\/","og_site_name":"Street Food Magazine","article_publisher":"https:\/\/www.facebook.com\/Foodtruckya\/","article_published_time":"2026-04-30T19:50:55+00:00","article_modified_time":"2026-04-30T19:50:56+00:00","og_image":[{"width":1981,"height":2560,"url":"https:\/\/foodtruckya.com\/magazine\/wp-content\/uploads\/2026\/04\/food-trucks-caceres.jpg","type":"image\/jpeg"}],"author":"Aitor Apraiz","twitter_card":"summary_large_image","twitter_creator":"@Foodtruckya","twitter_site":"@Foodtruckya","twitter_misc":{"Escrito por":"Aitor Apraiz","Tiempo de lectura":"2 minutos"},"schema":{"@context":"https:\/\/schema.org","@graph":[{"@type":"Article","@id":"https:\/\/foodtruckya.com\/magazine\/eventos\/festival-mundial-food-trucks-caceres\/#article","isPartOf":{"@id":"https:\/\/foodtruckya.com\/magazine\/eventos\/festival-mundial-food-trucks-caceres\/"},"author":{"name":"Aitor Apraiz","@id":"https:\/\/foodtruckya.com\/magazine\/#\/schema\/person\/c63463dfe4a6cb311fe8efe83b961b7a"},"headline":"Festival Mundial food trucks C\u00e1ceres","datePublished":"2026-04-30T19:50:55+00:00","dateModified":"2026-04-30T19:50:56+00:00","mainEntityOfPage":{"@id":"https:\/\/foodtruckya.com\/magazine\/eventos\/festival-mundial-food-trucks-caceres\/"},"wordCount":307,"publisher":{"@id":"https:\/\/foodtruckya.com\/magazine\/#organization"},"image":{"@id":"https:\/\/foodtruckya.com\/magazine\/eventos\/festival-mundial-food-trucks-caceres\/#primaryimage"},"thumbnailUrl":"https:\/\/foodtruckya.com\/magazine\/wp-content\/uploads\/2026\/04\/food-trucks-caceres.jpg","articleSection":["Eventos"],"inLanguage":"es"},{"@type":"WebPage","@id":"https:\/\/foodtruckya.com\/magazine\/eventos\/festival-mundial-food-trucks-caceres\/","url":"https:\/\/foodtruckya.com\/magazine\/eventos\/festival-mundial-food-trucks-caceres\/","name":"Festival Mundial food trucks C\u00e1ceres &#8212; Street Food Magazine","isPartOf":{"@id":"https:\/\/foodtruckya.com\/magazine\/#website"},"primaryImageOfPage":{"@id":"https:\/\/foodtruckya.com\/magazine\/eventos\/festival-mundial-food-trucks-caceres\/#primaryimage"},"image":{"@id":"https:\/\/foodtruckya.com\/magazine\/eventos\/festival-mundial-food-trucks-caceres\/#primaryimage"},"thumbnailUrl":"https:\/\/foodtruckya.com\/magazine\/wp-content\/uploads\/2026\/04\/food-trucks-caceres.jpg","datePublished":"2026-04-30T19:50:55+00:00","dateModified":"2026-04-30T19:50:56+00:00","description":"El Festival Mundial de Foodtrucks re\u00fane gastronom\u00eda internacional en C\u00e1ceres del 30 de abril al 3 de mayoEl Parque Padre Pac\u00edfico","breadcrumb":{"@id":"https:\/\/foodtruckya.com\/magazine\/eventos\/festival-mundial-food-trucks-caceres\/#breadcrumb"},"inLanguage":"es","potentialAction":[{"@type":"ReadAction","target":["https:\/\/foodtruckya.com\/magazine\/eventos\/festival-mundial-food-trucks-caceres\/"]}]},{"@type":"ImageObject","inLanguage":"es","@id":"https:\/\/foodtruckya.com\/magazine\/eventos\/festival-mundial-food-trucks-caceres\/#primaryimage","url":"https:\/\/foodtruckya.com\/magazine\/wp-content\/uploads\/2026\/04\/food-trucks-caceres.jpg","contentUrl":"https:\/\/foodtruckya.com\/magazine\/wp-content\/uploads\/2026\/04\/food-trucks-caceres.jpg","width":1981,"height":2560,"caption":"festival food trucks c\u00e1ceres"},{"@type":"BreadcrumbList","@id":"https:\/\/foodtruckya.com\/magazine\/eventos\/festival-mundial-food-trucks-caceres\/#breadcrumb","itemListElement":[{"@type":"ListItem","position":1,"name":"Portada","item":"https:\/\/foodtruckya.com\/magazine\/"},{"@type":"ListItem","position":2,"name":"Festival Mundial food trucks C\u00e1ceres"}]},{"@type":"WebSite","@id":"https:\/\/foodtruckya.com\/magazine\/#website","url":"https:\/\/foodtruckya.com\/magazine\/","name":"Street Food Magazine","description":"Informaci\u00f3n sobre food trucks by Foodtruckya","publisher":{"@id":"https:\/\/foodtruckya.com\/magazine\/#organization"},"potentialAction":[{"@type":"SearchAction","target":{"@type":"EntryPoint","urlTemplate":"https:\/\/foodtruckya.com\/magazine\/?s={search_term_string}"},"query-input":{"@type":"PropertyValueSpecification","valueRequired":true,"valueName":"search_term_string"}}],"inLanguage":"es"},{"@type":"Organization","@id":"https:\/\/foodtruckya.com\/magazine\/#organization","name":"Foodtruckya","url":"https:\/\/foodtruckya.com\/magazine\/","logo":{"@type":"ImageObject","inLanguage":"es","@id":"https:\/\/foodtruckya.com\/magazine\/#\/schema\/logo\/image\/","url":"https:\/\/foodtruckya.com\/magazine\/wp-content\/uploads\/2023\/05\/logo.png","contentUrl":"https:\/\/foodtruckya.com\/magazine\/wp-content\/uploads\/2023\/05\/logo.png","width":500,"height":133,"caption":"Foodtruckya"},"image":{"@id":"https:\/\/foodtruckya.com\/magazine\/#\/schema\/logo\/image\/"},"sameAs":["https:\/\/www.facebook.com\/Foodtruckya\/","https:\/\/x.com\/Foodtruckya","https:\/\/www.instagram.com\/foodtruckya_oficial\/"]},{"@type":"Person","@id":"https:\/\/foodtruckya.com\/magazine\/#\/schema\/person\/c63463dfe4a6cb311fe8efe83b961b7a","name":"Aitor Apraiz","url":"https:\/\/foodtruckya.com\/magazine\/author\/aitor\/"}]}},"_links":{"self":[{"href":"https:\/\/foodtruckya.com\/magazine\/wp-json\/wp\/v2\/posts\/14216"}],"collection":[{"href":"https:\/\/foodtruckya.com\/magazine\/wp-json\/wp\/v2\/posts"}],"about":[{"href":"https:\/\/foodtruckya.com\/magazine\/wp-json\/wp\/v2\/types\/post"}],"author":[{"embeddable":true,"href":"https:\/\/foodtruckya.com\/magazine\/wp-json\/wp\/v2\/users\/7"}],"replies":[{"embeddable":true,"href":"https:\/\/foodtruckya.com\/magazine\/wp-json\/wp\/v2\/comments?post=14216"}],"version-history":[{"count":1,"href":"https:\/\/foodtruckya.com\/magazine\/wp-json\/wp\/v2\/posts\/14216\/revisions"}],"predecessor-version":[{"id":14218,"href":"https:\/\/foodtruckya.com\/magazine\/wp-json\/wp\/v2\/posts\/14216\/revisions\/14218"}],"wp:featuredmedia":[{"embeddable":true,"href":"https:\/\/foodtruckya.com\/magazine\/wp-json\/wp\/v2\/media\/14217"}],"wp:attachment":[{"href":"https:\/\/foodtruckya.com\/magazine\/wp-json\/wp\/v2\/media?parent=14216"}],"wp:term":[{"taxonomy":"category","embeddable":true,"href":"https:\/\/foodtruckya.com\/magazine\/wp-json\/wp\/v2\/categories?post=14216"},{"taxonomy":"post_tag","embeddable":true,"href":"https:\/\/foodtruckya.com\/magazine\/wp-json\/wp\/v2\/tags?post=14216"},{"taxonomy":"powerkit_post_featured","embeddable":true,"href":"https:\/\/foodtruckya.com\/magazine\/wp-json\/wp\/v2\/powerkit_post_featured?post=14216"}],"curies":[{"name":"wp","href":"https:\/\/api.w.org\/{rel}","templated":true}]}}