{"id":14219,"date":"2026-05-01T12:02:44","date_gmt":"2026-05-01T10:02:44","guid":{"rendered":"https:\/\/foodtruckya.com\/magazine\/?p=14219"},"modified":"2026-05-01T12:02:45","modified_gmt":"2026-05-01T10:02:45","slug":"food-trucks-en-extremadura-feria-cerveza-artesanal-merida","status":"publish","type":"post","link":"https:\/\/foodtruckya.com\/magazine\/eventos\/food-trucks-en-extremadura-feria-cerveza-artesanal-merida\/","title":{"rendered":"Food trucks en Extremadura. Feria Cerveza artesanal M\u00e9rida"},"content":{"rendered":"\n<h1 id=\"la-feria-de-cerveza-artesanal-en-merida-incorpora-food-trucks-y-actividades-culturales-del-30-de-abril-al-3-de-mayo\" class=\"wp-block-heading has-medium-font-size\"><strong>La Feria de Cerveza artesanal en M\u00e9rida incorpora food trucks y actividades culturales del 30 de abril al 3 de mayo<\/strong><\/h1>\n\n\n\n<p>La ciudad de M\u00e9rida acoge del 30 de abril al 3 de mayo la tercera edici\u00f3n de la <strong>Feria de la Cerveza Artesanal<\/strong>, un evento que se celebra en el entorno del Acueducto de los Milagros y que re\u00fane una amplia oferta gastron\u00f3mica y cultural.<\/p>\n\n\n\n<p>Durante los cuatro d\u00edas de celebraci\u00f3n, el p\u00fablico podr\u00e1 acceder a m\u00e1s de 80 variedades de cerveza artesanal, en una cita que combina degustaci\u00f3n, ocio y actividades para distintos perfiles de asistentes.<\/p>\n\n\n\n<p>La propuesta gastron\u00f3mica incluye la participaci\u00f3n de varios food trucks, que ofrecer\u00e1n diferentes opciones de comida en formato street food. Entre las especialidades disponibles se encuentran burgers gourmet, pizzas artesanas, propuestas de cocina venezolana y opciones dulces como crepes.<\/p>\n\n\n\n<p>Adem\u00e1s de la oferta gastron\u00f3mica, el evento contar\u00e1 con una programaci\u00f3n paralela que incluye conciertos y talleres infantiles de acceso gratuito, configurando un espacio orientado tanto a p\u00fablico adulto como familiar.<\/p>\n\n\n\n<p>La feria se enmarca dentro del calendario de eventos con food trucks en Extremadura, donde este tipo de formatos contin\u00faan integr\u00e1ndose en ferias y festivales al aire libre como complemento a la oferta principal.<\/p>\n\n\n\n<p>M\u00e1s info <strong><em><a href=\"https:\/\/merida.es\/agenda\/feria-cerveza-artesanal-2026\/\" target=\"_blank\" rel=\"noreferrer noopener\">aqu\u00ed<\/a><\/em><\/strong><\/p>\n\n\n\n<hr class=\"wp-block-separator has-alpha-channel-opacity\"\/>\n\n\n\n<p>*<em>Recuerda que si est\u00e1s organizando un evento y quieres alquilar, contratar o reservar food trucks puedes utilizar nuestra Central de Reservas gratuita de<\/em><strong><em><a href=\"https:\/\/foodtruckya.com\/\">&nbsp;Foodtruckya<\/a><\/em><\/strong>&nbsp;<\/p>\n\n\n\n<div class=\"wp-block-buttons is-content-justification-center is-layout-flex wp-container-core-buttons-is-layout-1 wp-block-buttons-is-layout-flex\">\n<div class=\"wp-block-button\"><a class=\"wp-block-button__link wp-element-button\" href=\"https:\/\/foodtruckya.com\/\">visitar FOODTRUCKya<\/a><\/div>\n<\/div>\n\n\n\n<figure class=\"wp-block-image size-full\"><img  loading=\"lazy\"  decoding=\"async\"  width=\"915\"  height=\"1280\"  src=\"data:image\/png;base64,iVBORw0KGgoAAAANSUhEUgAAA5MAAAUAAQMAAADgA5QdAAAAA1BMVEUAAP+KeNJXAAAAAXRSTlMAQObYZgAAAAlwSFlzAAAOxAAADsQBlSsOGwAAAKdJREFUeNrtwTEBAAAAwqD1T20MH6AAAAAAAAAAAAAAAAAAAAAAAAAAAAAAAAAAAAAAAAAAAAAAAAAAAAAAAAAAAAAAAAAAAAAAAAAAAAAAAAAAAAAAAAAAAAAAAAAAAAAAAAAAAAAAAAAAAAAAAAAAAAAAAAAAAAAAAAAAAAAAAAAAAAAAAAAAAAAAAAAAAAAAAAAAAAAAAAAAAAAAAAAAAAAAAIC3AUQeAAFI6j3pAAAAAElFTkSuQmCC\"  alt=\"food trucks extremadura feria m\u00e9rida\"  class=\"wp-image-14220 pk-lazyload\"  data-pk-sizes=\"auto\"  data-ls-sizes=\"(max-width: 915px) 100vw, 915px\"  data-pk-src=\"https:\/\/foodtruckya.com\/magazine\/wp-content\/uploads\/2026\/05\/feria-cerveza-merida-food-trucks.webp\"  data-pk-srcset=\"https:\/\/foodtruckya.com\/magazine\/wp-content\/uploads\/2026\/05\/feria-cerveza-merida-food-trucks.webp 915w, https:\/\/foodtruckya.com\/magazine\/wp-content\/uploads\/2026\/05\/feria-cerveza-merida-food-trucks-800x1119.webp 800w, https:\/\/foodtruckya.com\/magazine\/wp-content\/uploads\/2026\/05\/feria-cerveza-merida-food-trucks-120x168.webp 120w, https:\/\/foodtruckya.com\/magazine\/wp-content\/uploads\/2026\/05\/feria-cerveza-merida-food-trucks-90x126.webp 90w, https:\/\/foodtruckya.com\/magazine\/wp-content\/uploads\/2026\/05\/feria-cerveza-merida-food-trucks-320x448.webp 320w, https:\/\/foodtruckya.com\/magazine\/wp-content\/uploads\/2026\/05\/feria-cerveza-merida-food-trucks-560x783.webp 560w, https:\/\/foodtruckya.com\/magazine\/wp-content\/uploads\/2026\/05\/feria-cerveza-merida-food-trucks-240x336.webp 240w, https:\/\/foodtruckya.com\/magazine\/wp-content\/uploads\/2026\/05\/feria-cerveza-merida-food-trucks-180x252.webp 180w, https:\/\/foodtruckya.com\/magazine\/wp-content\/uploads\/2026\/05\/feria-cerveza-merida-food-trucks-640x895.webp 640w\" ><figcaption class=\"wp-element-caption\">foto by web ayuntamiento m\u00e9rida<\/figcaption><\/figure>\n","protected":false},"excerpt":{"rendered":"<p>La Feria de Cerveza artesanal en M\u00e9rida incorpora food trucks y actividades culturales del 30 de abril al 3 de mayo La ciudad de M\u00e9rida acoge del 30 de abril&hellip;<\/p>\n","protected":false},"author":7,"featured_media":14220,"comment_status":"closed","ping_status":"closed","sticky":false,"template":"","format":"standard","meta":{"footnotes":""},"categories":[1118],"tags":[],"powerkit_post_featured":[],"yoast_head":"<!-- This site is optimized with the Yoast SEO plugin v24.2 - https:\/\/yoast.com\/wordpress\/plugins\/seo\/ -->\n<title>Food trucks en Extremadura. Feria Cerveza artesanal M\u00e9rida &#8212; Street Food Magazine<\/title>\n<meta name=\"description\" content=\"Food trucks en Extremadura. Feria de Cerveza artesanal en M\u00e9rida con food trucks y actividades culturales del 30 de abril al 3 de mayo\" \/>\n<meta name=\"robots\" content=\"index, follow, max-snippet:-1, max-image-preview:large, max-video-preview:-1\" \/>\n<link rel=\"canonical\" href=\"https:\/\/foodtruckya.com\/magazine\/eventos\/food-trucks-en-extremadura-feria-cerveza-artesanal-merida\/\" \/>\n<meta property=\"og:locale\" content=\"es_ES\" \/>\n<meta property=\"og:type\" content=\"article\" \/>\n<meta property=\"og:title\" content=\"Food trucks en Extremadura. Feria Cerveza artesanal M\u00e9rida &#8212; Street Food Magazine\" \/>\n<meta property=\"og:description\" content=\"Food trucks en Extremadura. Feria de Cerveza artesanal en M\u00e9rida con food trucks y actividades culturales del 30 de abril al 3 de mayo\" \/>\n<meta property=\"og:url\" content=\"https:\/\/foodtruckya.com\/magazine\/eventos\/food-trucks-en-extremadura-feria-cerveza-artesanal-merida\/\" \/>\n<meta property=\"og:site_name\" content=\"Street Food Magazine\" \/>\n<meta property=\"article:publisher\" content=\"https:\/\/www.facebook.com\/Foodtruckya\/\" \/>\n<meta property=\"article:published_time\" content=\"2026-05-01T10:02:44+00:00\" \/>\n<meta property=\"article:modified_time\" content=\"2026-05-01T10:02:45+00:00\" \/>\n<meta property=\"og:image\" content=\"https:\/\/foodtruckya.com\/magazine\/wp-content\/uploads\/2026\/05\/feria-cerveza-merida-food-trucks.webp\" \/>\n\t<meta property=\"og:image:width\" content=\"915\" \/>\n\t<meta property=\"og:image:height\" content=\"1280\" \/>\n\t<meta property=\"og:image:type\" content=\"image\/webp\" \/>\n<meta name=\"author\" content=\"Aitor Apraiz\" \/>\n<meta name=\"twitter:card\" content=\"summary_large_image\" \/>\n<meta name=\"twitter:creator\" content=\"@Foodtruckya\" \/>\n<meta name=\"twitter:site\" content=\"@Foodtruckya\" \/>\n<meta name=\"twitter:label1\" content=\"Escrito por\" \/>\n\t<meta name=\"twitter:data1\" content=\"Aitor Apraiz\" \/>\n\t<meta name=\"twitter:label2\" content=\"Tiempo de lectura\" \/>\n\t<meta name=\"twitter:data2\" content=\"2 minutos\" \/>\n<script type=\"application\/ld+json\" class=\"yoast-schema-graph\">{\"@context\":\"https:\/\/schema.org\",\"@graph\":[{\"@type\":\"Article\",\"@id\":\"https:\/\/foodtruckya.com\/magazine\/eventos\/food-trucks-en-extremadura-feria-cerveza-artesanal-merida\/#article\",\"isPartOf\":{\"@id\":\"https:\/\/foodtruckya.com\/magazine\/eventos\/food-trucks-en-extremadura-feria-cerveza-artesanal-merida\/\"},\"author\":{\"name\":\"Aitor Apraiz\",\"@id\":\"https:\/\/foodtruckya.com\/magazine\/#\/schema\/person\/c63463dfe4a6cb311fe8efe83b961b7a\"},\"headline\":\"Food trucks en Extremadura. Feria Cerveza artesanal M\u00e9rida\",\"datePublished\":\"2026-05-01T10:02:44+00:00\",\"dateModified\":\"2026-05-01T10:02:45+00:00\",\"mainEntityOfPage\":{\"@id\":\"https:\/\/foodtruckya.com\/magazine\/eventos\/food-trucks-en-extremadura-feria-cerveza-artesanal-merida\/\"},\"wordCount\":264,\"publisher\":{\"@id\":\"https:\/\/foodtruckya.com\/magazine\/#organization\"},\"image\":{\"@id\":\"https:\/\/foodtruckya.com\/magazine\/eventos\/food-trucks-en-extremadura-feria-cerveza-artesanal-merida\/#primaryimage\"},\"thumbnailUrl\":\"https:\/\/foodtruckya.com\/magazine\/wp-content\/uploads\/2026\/05\/feria-cerveza-merida-food-trucks.webp\",\"articleSection\":[\"Eventos\"],\"inLanguage\":\"es\"},{\"@type\":\"WebPage\",\"@id\":\"https:\/\/foodtruckya.com\/magazine\/eventos\/food-trucks-en-extremadura-feria-cerveza-artesanal-merida\/\",\"url\":\"https:\/\/foodtruckya.com\/magazine\/eventos\/food-trucks-en-extremadura-feria-cerveza-artesanal-merida\/\",\"name\":\"Food trucks en Extremadura. Feria Cerveza artesanal M\u00e9rida &#8212; Street Food Magazine\",\"isPartOf\":{\"@id\":\"https:\/\/foodtruckya.com\/magazine\/#website\"},\"primaryImageOfPage\":{\"@id\":\"https:\/\/foodtruckya.com\/magazine\/eventos\/food-trucks-en-extremadura-feria-cerveza-artesanal-merida\/#primaryimage\"},\"image\":{\"@id\":\"https:\/\/foodtruckya.com\/magazine\/eventos\/food-trucks-en-extremadura-feria-cerveza-artesanal-merida\/#primaryimage\"},\"thumbnailUrl\":\"https:\/\/foodtruckya.com\/magazine\/wp-content\/uploads\/2026\/05\/feria-cerveza-merida-food-trucks.webp\",\"datePublished\":\"2026-05-01T10:02:44+00:00\",\"dateModified\":\"2026-05-01T10:02:45+00:00\",\"description\":\"Food trucks en Extremadura. Feria de Cerveza artesanal en M\u00e9rida con food trucks y actividades culturales del 30 de abril al 3 de mayo\",\"breadcrumb\":{\"@id\":\"https:\/\/foodtruckya.com\/magazine\/eventos\/food-trucks-en-extremadura-feria-cerveza-artesanal-merida\/#breadcrumb\"},\"inLanguage\":\"es\",\"potentialAction\":[{\"@type\":\"ReadAction\",\"target\":[\"https:\/\/foodtruckya.com\/magazine\/eventos\/food-trucks-en-extremadura-feria-cerveza-artesanal-merida\/\"]}]},{\"@type\":\"ImageObject\",\"inLanguage\":\"es\",\"@id\":\"https:\/\/foodtruckya.com\/magazine\/eventos\/food-trucks-en-extremadura-feria-cerveza-artesanal-merida\/#primaryimage\",\"url\":\"https:\/\/foodtruckya.com\/magazine\/wp-content\/uploads\/2026\/05\/feria-cerveza-merida-food-trucks.webp\",\"contentUrl\":\"https:\/\/foodtruckya.com\/magazine\/wp-content\/uploads\/2026\/05\/feria-cerveza-merida-food-trucks.webp\",\"width\":915,\"height\":1280,\"caption\":\"feria cerveza m\u00e9rida food trucks extremadura\"},{\"@type\":\"BreadcrumbList\",\"@id\":\"https:\/\/foodtruckya.com\/magazine\/eventos\/food-trucks-en-extremadura-feria-cerveza-artesanal-merida\/#breadcrumb\",\"itemListElement\":[{\"@type\":\"ListItem\",\"position\":1,\"name\":\"Portada\",\"item\":\"https:\/\/foodtruckya.com\/magazine\/\"},{\"@type\":\"ListItem\",\"position\":2,\"name\":\"Food trucks en Extremadura. Feria Cerveza artesanal M\u00e9rida\"}]},{\"@type\":\"WebSite\",\"@id\":\"https:\/\/foodtruckya.com\/magazine\/#website\",\"url\":\"https:\/\/foodtruckya.com\/magazine\/\",\"name\":\"Street Food Magazine\",\"description\":\"Informaci\u00f3n sobre food trucks by Foodtruckya\",\"publisher\":{\"@id\":\"https:\/\/foodtruckya.com\/magazine\/#organization\"},\"potentialAction\":[{\"@type\":\"SearchAction\",\"target\":{\"@type\":\"EntryPoint\",\"urlTemplate\":\"https:\/\/foodtruckya.com\/magazine\/?s={search_term_string}\"},\"query-input\":{\"@type\":\"PropertyValueSpecification\",\"valueRequired\":true,\"valueName\":\"search_term_string\"}}],\"inLanguage\":\"es\"},{\"@type\":\"Organization\",\"@id\":\"https:\/\/foodtruckya.com\/magazine\/#organization\",\"name\":\"Foodtruckya\",\"url\":\"https:\/\/foodtruckya.com\/magazine\/\",\"logo\":{\"@type\":\"ImageObject\",\"inLanguage\":\"es\",\"@id\":\"https:\/\/foodtruckya.com\/magazine\/#\/schema\/logo\/image\/\",\"url\":\"https:\/\/foodtruckya.com\/magazine\/wp-content\/uploads\/2023\/05\/logo.png\",\"contentUrl\":\"https:\/\/foodtruckya.com\/magazine\/wp-content\/uploads\/2023\/05\/logo.png\",\"width\":500,\"height\":133,\"caption\":\"Foodtruckya\"},\"image\":{\"@id\":\"https:\/\/foodtruckya.com\/magazine\/#\/schema\/logo\/image\/\"},\"sameAs\":[\"https:\/\/www.facebook.com\/Foodtruckya\/\",\"https:\/\/x.com\/Foodtruckya\",\"https:\/\/www.instagram.com\/foodtruckya_oficial\/\"]},{\"@type\":\"Person\",\"@id\":\"https:\/\/foodtruckya.com\/magazine\/#\/schema\/person\/c63463dfe4a6cb311fe8efe83b961b7a\",\"name\":\"Aitor Apraiz\",\"url\":\"https:\/\/foodtruckya.com\/magazine\/author\/aitor\/\"}]}<\/script>\n<!-- \/ Yoast SEO plugin. -->","yoast_head_json":{"title":"Food trucks en Extremadura. Feria Cerveza artesanal M\u00e9rida &#8212; Street Food Magazine","description":"Food trucks en Extremadura. Feria de Cerveza artesanal en M\u00e9rida con food trucks y actividades culturales del 30 de abril al 3 de mayo","robots":{"index":"index","follow":"follow","max-snippet":"max-snippet:-1","max-image-preview":"max-image-preview:large","max-video-preview":"max-video-preview:-1"},"canonical":"https:\/\/foodtruckya.com\/magazine\/eventos\/food-trucks-en-extremadura-feria-cerveza-artesanal-merida\/","og_locale":"es_ES","og_type":"article","og_title":"Food trucks en Extremadura. Feria Cerveza artesanal M\u00e9rida &#8212; Street Food Magazine","og_description":"Food trucks en Extremadura. Feria de Cerveza artesanal en M\u00e9rida con food trucks y actividades culturales del 30 de abril al 3 de mayo","og_url":"https:\/\/foodtruckya.com\/magazine\/eventos\/food-trucks-en-extremadura-feria-cerveza-artesanal-merida\/","og_site_name":"Street Food Magazine","article_publisher":"https:\/\/www.facebook.com\/Foodtruckya\/","article_published_time":"2026-05-01T10:02:44+00:00","article_modified_time":"2026-05-01T10:02:45+00:00","og_image":[{"width":915,"height":1280,"url":"https:\/\/foodtruckya.com\/magazine\/wp-content\/uploads\/2026\/05\/feria-cerveza-merida-food-trucks.webp","type":"image\/webp"}],"author":"Aitor Apraiz","twitter_card":"summary_large_image","twitter_creator":"@Foodtruckya","twitter_site":"@Foodtruckya","twitter_misc":{"Escrito por":"Aitor Apraiz","Tiempo de lectura":"2 minutos"},"schema":{"@context":"https:\/\/schema.org","@graph":[{"@type":"Article","@id":"https:\/\/foodtruckya.com\/magazine\/eventos\/food-trucks-en-extremadura-feria-cerveza-artesanal-merida\/#article","isPartOf":{"@id":"https:\/\/foodtruckya.com\/magazine\/eventos\/food-trucks-en-extremadura-feria-cerveza-artesanal-merida\/"},"author":{"name":"Aitor Apraiz","@id":"https:\/\/foodtruckya.com\/magazine\/#\/schema\/person\/c63463dfe4a6cb311fe8efe83b961b7a"},"headline":"Food trucks en Extremadura. Feria Cerveza artesanal M\u00e9rida","datePublished":"2026-05-01T10:02:44+00:00","dateModified":"2026-05-01T10:02:45+00:00","mainEntityOfPage":{"@id":"https:\/\/foodtruckya.com\/magazine\/eventos\/food-trucks-en-extremadura-feria-cerveza-artesanal-merida\/"},"wordCount":264,"publisher":{"@id":"https:\/\/foodtruckya.com\/magazine\/#organization"},"image":{"@id":"https:\/\/foodtruckya.com\/magazine\/eventos\/food-trucks-en-extremadura-feria-cerveza-artesanal-merida\/#primaryimage"},"thumbnailUrl":"https:\/\/foodtruckya.com\/magazine\/wp-content\/uploads\/2026\/05\/feria-cerveza-merida-food-trucks.webp","articleSection":["Eventos"],"inLanguage":"es"},{"@type":"WebPage","@id":"https:\/\/foodtruckya.com\/magazine\/eventos\/food-trucks-en-extremadura-feria-cerveza-artesanal-merida\/","url":"https:\/\/foodtruckya.com\/magazine\/eventos\/food-trucks-en-extremadura-feria-cerveza-artesanal-merida\/","name":"Food trucks en Extremadura. Feria Cerveza artesanal M\u00e9rida &#8212; Street Food Magazine","isPartOf":{"@id":"https:\/\/foodtruckya.com\/magazine\/#website"},"primaryImageOfPage":{"@id":"https:\/\/foodtruckya.com\/magazine\/eventos\/food-trucks-en-extremadura-feria-cerveza-artesanal-merida\/#primaryimage"},"image":{"@id":"https:\/\/foodtruckya.com\/magazine\/eventos\/food-trucks-en-extremadura-feria-cerveza-artesanal-merida\/#primaryimage"},"thumbnailUrl":"https:\/\/foodtruckya.com\/magazine\/wp-content\/uploads\/2026\/05\/feria-cerveza-merida-food-trucks.webp","datePublished":"2026-05-01T10:02:44+00:00","dateModified":"2026-05-01T10:02:45+00:00","description":"Food trucks en Extremadura. Feria de Cerveza artesanal en M\u00e9rida con food trucks y actividades culturales del 30 de abril al 3 de mayo","breadcrumb":{"@id":"https:\/\/foodtruckya.com\/magazine\/eventos\/food-trucks-en-extremadura-feria-cerveza-artesanal-merida\/#breadcrumb"},"inLanguage":"es","potentialAction":[{"@type":"ReadAction","target":["https:\/\/foodtruckya.com\/magazine\/eventos\/food-trucks-en-extremadura-feria-cerveza-artesanal-merida\/"]}]},{"@type":"ImageObject","inLanguage":"es","@id":"https:\/\/foodtruckya.com\/magazine\/eventos\/food-trucks-en-extremadura-feria-cerveza-artesanal-merida\/#primaryimage","url":"https:\/\/foodtruckya.com\/magazine\/wp-content\/uploads\/2026\/05\/feria-cerveza-merida-food-trucks.webp","contentUrl":"https:\/\/foodtruckya.com\/magazine\/wp-content\/uploads\/2026\/05\/feria-cerveza-merida-food-trucks.webp","width":915,"height":1280,"caption":"feria cerveza m\u00e9rida food trucks extremadura"},{"@type":"BreadcrumbList","@id":"https:\/\/foodtruckya.com\/magazine\/eventos\/food-trucks-en-extremadura-feria-cerveza-artesanal-merida\/#breadcrumb","itemListElement":[{"@type":"ListItem","position":1,"name":"Portada","item":"https:\/\/foodtruckya.com\/magazine\/"},{"@type":"ListItem","position":2,"name":"Food trucks en Extremadura. Feria Cerveza artesanal M\u00e9rida"}]},{"@type":"WebSite","@id":"https:\/\/foodtruckya.com\/magazine\/#website","url":"https:\/\/foodtruckya.com\/magazine\/","name":"Street Food Magazine","description":"Informaci\u00f3n sobre food trucks by Foodtruckya","publisher":{"@id":"https:\/\/foodtruckya.com\/magazine\/#organization"},"potentialAction":[{"@type":"SearchAction","target":{"@type":"EntryPoint","urlTemplate":"https:\/\/foodtruckya.com\/magazine\/?s={search_term_string}"},"query-input":{"@type":"PropertyValueSpecification","valueRequired":true,"valueName":"search_term_string"}}],"inLanguage":"es"},{"@type":"Organization","@id":"https:\/\/foodtruckya.com\/magazine\/#organization","name":"Foodtruckya","url":"https:\/\/foodtruckya.com\/magazine\/","logo":{"@type":"ImageObject","inLanguage":"es","@id":"https:\/\/foodtruckya.com\/magazine\/#\/schema\/logo\/image\/","url":"https:\/\/foodtruckya.com\/magazine\/wp-content\/uploads\/2023\/05\/logo.png","contentUrl":"https:\/\/foodtruckya.com\/magazine\/wp-content\/uploads\/2023\/05\/logo.png","width":500,"height":133,"caption":"Foodtruckya"},"image":{"@id":"https:\/\/foodtruckya.com\/magazine\/#\/schema\/logo\/image\/"},"sameAs":["https:\/\/www.facebook.com\/Foodtruckya\/","https:\/\/x.com\/Foodtruckya","https:\/\/www.instagram.com\/foodtruckya_oficial\/"]},{"@type":"Person","@id":"https:\/\/foodtruckya.com\/magazine\/#\/schema\/person\/c63463dfe4a6cb311fe8efe83b961b7a","name":"Aitor Apraiz","url":"https:\/\/foodtruckya.com\/magazine\/author\/aitor\/"}]}},"_links":{"self":[{"href":"https:\/\/foodtruckya.com\/magazine\/wp-json\/wp\/v2\/posts\/14219"}],"collection":[{"href":"https:\/\/foodtruckya.com\/magazine\/wp-json\/wp\/v2\/posts"}],"about":[{"href":"https:\/\/foodtruckya.com\/magazine\/wp-json\/wp\/v2\/types\/post"}],"author":[{"embeddable":true,"href":"https:\/\/foodtruckya.com\/magazine\/wp-json\/wp\/v2\/users\/7"}],"replies":[{"embeddable":true,"href":"https:\/\/foodtruckya.com\/magazine\/wp-json\/wp\/v2\/comments?post=14219"}],"version-history":[{"count":1,"href":"https:\/\/foodtruckya.com\/magazine\/wp-json\/wp\/v2\/posts\/14219\/revisions"}],"predecessor-version":[{"id":14221,"href":"https:\/\/foodtruckya.com\/magazine\/wp-json\/wp\/v2\/posts\/14219\/revisions\/14221"}],"wp:featuredmedia":[{"embeddable":true,"href":"https:\/\/foodtruckya.com\/magazine\/wp-json\/wp\/v2\/media\/14220"}],"wp:attachment":[{"href":"https:\/\/foodtruckya.com\/magazine\/wp-json\/wp\/v2\/media?parent=14219"}],"wp:term":[{"taxonomy":"category","embeddable":true,"href":"https:\/\/foodtruckya.com\/magazine\/wp-json\/wp\/v2\/categories?post=14219"},{"taxonomy":"post_tag","embeddable":true,"href":"https:\/\/foodtruckya.com\/magazine\/wp-json\/wp\/v2\/tags?post=14219"},{"taxonomy":"powerkit_post_featured","embeddable":true,"href":"https:\/\/foodtruckya.com\/magazine\/wp-json\/wp\/v2\/powerkit_post_featured?post=14219"}],"curies":[{"name":"wp","href":"https:\/\/api.w.org\/{rel}","templated":true}]}}