{"id":14532,"date":"2026-09-02T09:31:05","date_gmt":"2026-09-02T07:31:05","guid":{"rendered":"https:\/\/foodtruckya.com\/magazine\/?p=14532"},"modified":"2026-09-02T09:36:24","modified_gmt":"2026-09-02T07:36:24","slug":"adri-al-fuego","status":"publish","type":"post","link":"https:\/\/foodtruckya.com\/magazine\/entrevistas-food-trucks\/adri-al-fuego\/","title":{"rendered":"Adri al fuego"},"content":{"rendered":"\n<h1 class=\"wp-block-heading has-medium-font-size\" id=\"entrevista-emprendedores-food-trucks-espana\">Entrevista emprendedores food trucks Espa\u00f1a<\/h1>\n\n\n\n<p>Charlamos con Elena y Adri\u00e1n, emprendedores del street food y responsables del food truck&nbsp;<strong><em>Adri al fuego<\/em><\/strong><\/p>\n\n\n\n<figure class=\"wp-block-image size-large\"><img  loading=\"lazy\"  decoding=\"async\"  width=\"1160\"  height=\"870\"  src=\"data:image\/png;base64,iVBORw0KGgoAAAANSUhEUgAABIgAAANmAQMAAACrCyL8AAAAA1BMVEUAAP+KeNJXAAAAAXRSTlMAQObYZgAAAAlwSFlzAAAOxAAADsQBlSsOGwAAAJJJREFUeNrtwTEBAAAAwqD1T20JT6AAAAAAAAAAAAAAAAAAAAAAAAAAAAAAAAAAAAAAAAAAAAAAAAAAAAAAAAAAAAAAAAAAAAAAAAAAAAAAAAAAAAAAAAAAAAAAAAAAAAAAAAAAAAAAAAAAAAAAAAAAAAAAAAAAAAAAAAAAAAAAAAAAAAAAAAAAAAAAAAAAAAD+BvA7AAGTZkFsAAAAAElFTkSuQmCC\"  alt=\"adri street food truck\"  class=\"wp-image-14534 pk-lazyload\"  data-pk-sizes=\"auto\"  data-ls-sizes=\"(max-width: 1160px) 100vw, 1160px\"  data-pk-src=\"https:\/\/foodtruckya.com\/magazine\/wp-content\/uploads\/2026\/09\/adri-food-truck-1160x870.jpeg\"  data-pk-srcset=\"https:\/\/foodtruckya.com\/magazine\/wp-content\/uploads\/2026\/09\/adri-food-truck-1160x870.jpeg 1160w, https:\/\/foodtruckya.com\/magazine\/wp-content\/uploads\/2026\/09\/adri-food-truck-800x600.jpeg 800w, https:\/\/foodtruckya.com\/magazine\/wp-content\/uploads\/2026\/09\/adri-food-truck-320x240.jpeg 320w, https:\/\/foodtruckya.com\/magazine\/wp-content\/uploads\/2026\/09\/adri-food-truck-1536x1152.jpeg 1536w, https:\/\/foodtruckya.com\/magazine\/wp-content\/uploads\/2026\/09\/adri-food-truck-300x225.jpeg 300w, https:\/\/foodtruckya.com\/magazine\/wp-content\/uploads\/2026\/09\/adri-food-truck-120x90.jpeg 120w, https:\/\/foodtruckya.com\/magazine\/wp-content\/uploads\/2026\/09\/adri-food-truck-90x68.jpeg 90w, https:\/\/foodtruckya.com\/magazine\/wp-content\/uploads\/2026\/09\/adri-food-truck-560x420.jpeg 560w, https:\/\/foodtruckya.com\/magazine\/wp-content\/uploads\/2026\/09\/adri-food-truck-600x450.jpeg 600w, https:\/\/foodtruckya.com\/magazine\/wp-content\/uploads\/2026\/09\/adri-food-truck-240x180.jpeg 240w, https:\/\/foodtruckya.com\/magazine\/wp-content\/uploads\/2026\/09\/adri-food-truck-180x136.jpeg 180w, https:\/\/foodtruckya.com\/magazine\/wp-content\/uploads\/2026\/09\/adri-food-truck-640x480.jpeg 640w, https:\/\/foodtruckya.com\/magazine\/wp-content\/uploads\/2026\/09\/adri-food-truck-1120x840.jpeg 1120w, https:\/\/foodtruckya.com\/magazine\/wp-content\/uploads\/2026\/09\/adri-food-truck.jpeg 1600w\" ><\/figure>\n\n\n\n<h2 class=\"wp-block-heading has-medium-font-size\" id=\"E173\"><span id=\"como-os-adentrasteis-en-el-movimiento-street-food\">\u00bfC\u00f3mo os adentrasteis en el movimiento street food?<\/span><\/h2>\n\n\n\n<p id=\"E177\">Despu\u00e9s de muchos a\u00f1os trabajando en hosteler\u00eda y cocina profesional, ten\u00eda ganas de crear un proyecto propio en el que pudiera cocinar con m\u00e1s libertad y estar en contacto directo con la gente. <\/p>\n\n\n\n<p id=\"E177\">Siempre me ha atra\u00eddo el concepto de street food porque permite ofrecer una cocina con personalidad, r\u00e1pida pero bien elaborada. De ah\u00ed naci\u00f3 Adri al Fuego, como una forma de llevar mi experiencia en cocina a ferias, fiestas y eventos de una manera diferente.<\/p>\n\n\n\n<h2 class=\"wp-block-heading has-medium-font-size\" id=\"E179\"><span id=\"que-dificultades-habeis-encontrado-para-sacar-adelante-vuestro-proyecto-de-food-truck\">\u00bfQu\u00e9 dificultades hab\u00e9is encontrado para sacar adelante vuestro proyecto de food truck?<\/span><\/h2>\n\n\n\n<p id=\"E183\">Probablemente la parte m\u00e1s complicada ha sido todo lo que hay detr\u00e1s y que el cliente no ve: permisos, registros sanitarios, documentaci\u00f3n, seguros, instalaciones de gas y electricidad, desplazamientos y requisitos diferentes en cada municipio o evento.<\/p>\n\n\n\n<figure class=\"wp-block-image size-large\"><img  loading=\"lazy\"  decoding=\"async\"  width=\"1160\"  height=\"653\"  src=\"data:image\/png;base64,iVBORw0KGgoAAAANSUhEUgAABIgAAAKNAQMAAABx\/8IJAAAAA1BMVEUAAP+KeNJXAAAAAXRSTlMAQObYZgAAAAlwSFlzAAAOxAAADsQBlSsOGwAAAHNJREFUeNrtwTEBAAAAwqD1T20ND6AAAAAAAAAAAAAAAAAAAAAAAAAAAAAAAAAAAAAAAAAAAAAAAAAAAAAAAAAAAAAAAAAAAAAAAAAAAAAAAAAAAAAAAAAAAAAAAAAAAAAAAAAAAAAAAAAAAAAAAAAAAPgwdHkAAc7CT7QAAAAASUVORK5CYII=\"  alt=\"adri street food truck 1\"  class=\"wp-image-14535 pk-lazyload\"  data-pk-sizes=\"auto\"  data-ls-sizes=\"(max-width: 1160px) 100vw, 1160px\"  data-pk-src=\"https:\/\/foodtruckya.com\/magazine\/wp-content\/uploads\/2026\/09\/adri-food-truck-10-1160x653.jpeg\"  data-pk-srcset=\"https:\/\/foodtruckya.com\/magazine\/wp-content\/uploads\/2026\/09\/adri-food-truck-10-1160x653.jpeg 1160w, https:\/\/foodtruckya.com\/magazine\/wp-content\/uploads\/2026\/09\/adri-food-truck-10-800x450.jpeg 800w, https:\/\/foodtruckya.com\/magazine\/wp-content\/uploads\/2026\/09\/adri-food-truck-10-1536x864.jpeg 1536w, https:\/\/foodtruckya.com\/magazine\/wp-content\/uploads\/2026\/09\/adri-food-truck-10-120x68.jpeg 120w, https:\/\/foodtruckya.com\/magazine\/wp-content\/uploads\/2026\/09\/adri-food-truck-10-90x51.jpeg 90w, https:\/\/foodtruckya.com\/magazine\/wp-content\/uploads\/2026\/09\/adri-food-truck-10-320x180.jpeg 320w, https:\/\/foodtruckya.com\/magazine\/wp-content\/uploads\/2026\/09\/adri-food-truck-10-560x315.jpeg 560w, https:\/\/foodtruckya.com\/magazine\/wp-content\/uploads\/2026\/09\/adri-food-truck-10-240x135.jpeg 240w, https:\/\/foodtruckya.com\/magazine\/wp-content\/uploads\/2026\/09\/adri-food-truck-10-180x101.jpeg 180w, https:\/\/foodtruckya.com\/magazine\/wp-content\/uploads\/2026\/09\/adri-food-truck-10-640x360.jpeg 640w, https:\/\/foodtruckya.com\/magazine\/wp-content\/uploads\/2026\/09\/adri-food-truck-10-1120x630.jpeg 1120w, https:\/\/foodtruckya.com\/magazine\/wp-content\/uploads\/2026\/09\/adri-food-truck-10-1600x900.jpeg 1600w, https:\/\/foodtruckya.com\/magazine\/wp-content\/uploads\/2026\/09\/adri-food-truck-10.jpeg 1920w\" ><\/figure>\n\n\n\n<p id=\"E186\">Tambi\u00e9n es un negocio en el que dependes mucho de factores como la ubicaci\u00f3n, el tiempo, la asistencia real de p\u00fablico o la organizaci\u00f3n del evento. Poco a poco vas aprendiendo a calcular mejor las cantidades, adaptar la oferta y organizar toda la log\u00edstica.<\/p>\n\n\n\n<h2 class=\"wp-block-heading has-medium-font-size\" id=\"E188\"><span id=\"que-mejorariais-de-la-normativa-para-food-trucks\">\u00bfQu\u00e9 mejorar\u00edais de la normativa para food trucks?<\/span><\/h2>\n\n\n\n<p id=\"E192\">Creo que ser\u00eda muy positivo que existiera una normativa m\u00e1s homog\u00e9nea y clara. Actualmente los requisitos pueden cambiar bastante dependiendo del municipio o del organizador.<\/p>\n\n\n\n<p id=\"E194\">Una regulaci\u00f3n espec\u00edfica para food trucks, con criterios comunes en aspectos sanitarios, t\u00e9cnicos y de ocupaci\u00f3n del espacio p\u00fablico, facilitar\u00eda mucho el trabajo tanto a los profesionales como a las administraciones. No se trata de tener menos controles, sino de tener unas reglas m\u00e1s claras y uniformes.<\/p>\n\n\n\n<h2 class=\"wp-block-heading has-medium-font-size\" id=\"E199\"><span id=\"de-donde-viene-el-nombre-de-vuestro-food-truck\">\u00bfDe d\u00f3nde viene el nombre de vuestro food truck?<\/span><\/h2>\n\n\n\n<p id=\"E203\">Adri al Fuego nace de unir mi nombre, Adri\u00e1n, con uno de los elementos que m\u00e1s representa mi manera de cocinar: el fuego.<\/p>\n\n\n\n<p id=\"E203\">Quer\u00edamos un nombre sencillo, f\u00e1cil de recordar y que transmitiera cocina, car\u00e1cter y movimiento. Adem\u00e1s, encaja muy bien con nuestro lema: \u201cSabor mediterr\u00e1neo con alma y fuego\u201d.<\/p>\n\n\n\n<figure class=\"wp-block-image size-large\"><img  loading=\"lazy\"  decoding=\"async\"  width=\"1160\"  height=\"265\"  src=\"data:image\/png;base64,iVBORw0KGgoAAAANSUhEUgAABIgAAAEJAQMAAADFNo5aAAAAA1BMVEUAAP+KeNJXAAAAAXRSTlMAQObYZgAAAAlwSFlzAAAOxAAADsQBlSsOGwAAADtJREFUeNrtwQEBAAAAgiD\/r25IQAEAAAAAAAAAAAAAAAAAAAAAAAAAAAAAAAAAAAAAAAAAAAAAAADwaZciAAHRAmVRAAAAAElFTkSuQmCC\"  alt=\"\"  class=\"wp-image-14537 pk-lazyload\"  data-pk-sizes=\"auto\"  data-ls-sizes=\"(max-width: 1160px) 100vw, 1160px\"  data-pk-src=\"https:\/\/foodtruckya.com\/magazine\/wp-content\/uploads\/2026\/09\/adri-food-truck-5-1160x265.jpg\"  data-pk-srcset=\"https:\/\/foodtruckya.com\/magazine\/wp-content\/uploads\/2026\/09\/adri-food-truck-5-1160x265.jpg 1160w, https:\/\/foodtruckya.com\/magazine\/wp-content\/uploads\/2026\/09\/adri-food-truck-5-800x183.jpg 800w, https:\/\/foodtruckya.com\/magazine\/wp-content\/uploads\/2026\/09\/adri-food-truck-5-120x27.jpg 120w, https:\/\/foodtruckya.com\/magazine\/wp-content\/uploads\/2026\/09\/adri-food-truck-5-90x21.jpg 90w, https:\/\/foodtruckya.com\/magazine\/wp-content\/uploads\/2026\/09\/adri-food-truck-5-320x73.jpg 320w, https:\/\/foodtruckya.com\/magazine\/wp-content\/uploads\/2026\/09\/adri-food-truck-5-560x128.jpg 560w, https:\/\/foodtruckya.com\/magazine\/wp-content\/uploads\/2026\/09\/adri-food-truck-5-240x55.jpg 240w, https:\/\/foodtruckya.com\/magazine\/wp-content\/uploads\/2026\/09\/adri-food-truck-5-180x41.jpg 180w, https:\/\/foodtruckya.com\/magazine\/wp-content\/uploads\/2026\/09\/adri-food-truck-5-640x146.jpg 640w, https:\/\/foodtruckya.com\/magazine\/wp-content\/uploads\/2026\/09\/adri-food-truck-5-1120x256.jpg 1120w, https:\/\/foodtruckya.com\/magazine\/wp-content\/uploads\/2026\/09\/adri-food-truck-5.jpg 1200w\" ><\/figure>\n\n\n\n<h2 class=\"wp-block-heading has-medium-font-size\" id=\"E208\"><span id=\"cual-es-vuestro-plato-estrella\">\u00bfCu\u00e1l es vuestro plato estrella?<\/span><\/h2>\n\n\n\n<p id=\"E212\">Uno de nuestros platos m\u00e1s representativos es el shawarma de pollo, preparado con pollo marinado por nosotros, salsa tzatziki, verduras frescas, pepinillo, sumac y perejil.<\/p>\n\n\n\n<p id=\"E214\">Tambi\u00e9n tenemos el Dr\u00e1cula Roll, que aporta ese toque diferente de nuestras ra\u00edces rumanas, elaborado con mici y servido en formato street food. Precisamente nos gusta combinar sabores mediterr\u00e1neos con algunos gui\u00f1os a la gastronom\u00eda rumana.<\/p>\n\n\n\n<figure class=\"wp-block-gallery has-nested-images columns-default is-cropped wp-block-gallery-1 is-layout-flex wp-block-gallery-is-layout-flex\">\n<figure class=\"wp-block-image size-large\"><img  loading=\"lazy\"  decoding=\"async\"  width=\"1160\"  height=\"870\"  data-id=\"14538\"  src=\"data:image\/png;base64,iVBORw0KGgoAAAANSUhEUgAABIgAAANmAQMAAACrCyL8AAAAA1BMVEUAAP+KeNJXAAAAAXRSTlMAQObYZgAAAAlwSFlzAAAOxAAADsQBlSsOGwAAAJJJREFUeNrtwTEBAAAAwqD1T20JT6AAAAAAAAAAAAAAAAAAAAAAAAAAAAAAAAAAAAAAAAAAAAAAAAAAAAAAAAAAAAAAAAAAAAAAAAAAAAAAAAAAAAAAAAAAAAAAAAAAAAAAAAAAAAAAAAAAAAAAAAAAAAAAAAAAAAAAAAAAAAAAAAAAAAAAAAAAAAAAAAAAAAD+BvA7AAGTZkFsAAAAAElFTkSuQmCC\"  alt=\"adri street food truck 2\"  class=\"wp-image-14538 pk-lazyload\"  data-pk-sizes=\"auto\"  data-ls-sizes=\"(max-width: 1160px) 100vw, 1160px\"  data-pk-src=\"https:\/\/foodtruckya.com\/magazine\/wp-content\/uploads\/2026\/09\/adri-foodtruck3-op-1160x870.jpg\"  data-pk-srcset=\"https:\/\/foodtruckya.com\/magazine\/wp-content\/uploads\/2026\/09\/adri-foodtruck3-op-1160x870.jpg 1160w, https:\/\/foodtruckya.com\/magazine\/wp-content\/uploads\/2026\/09\/adri-foodtruck3-op-800x600.jpg 800w, https:\/\/foodtruckya.com\/magazine\/wp-content\/uploads\/2026\/09\/adri-foodtruck3-op-320x240.jpg 320w, https:\/\/foodtruckya.com\/magazine\/wp-content\/uploads\/2026\/09\/adri-foodtruck3-op-300x225.jpg 300w, https:\/\/foodtruckya.com\/magazine\/wp-content\/uploads\/2026\/09\/adri-foodtruck3-op-120x90.jpg 120w, https:\/\/foodtruckya.com\/magazine\/wp-content\/uploads\/2026\/09\/adri-foodtruck3-op-90x68.jpg 90w, https:\/\/foodtruckya.com\/magazine\/wp-content\/uploads\/2026\/09\/adri-foodtruck3-op-560x420.jpg 560w, https:\/\/foodtruckya.com\/magazine\/wp-content\/uploads\/2026\/09\/adri-foodtruck3-op-600x450.jpg 600w, https:\/\/foodtruckya.com\/magazine\/wp-content\/uploads\/2026\/09\/adri-foodtruck3-op-240x180.jpg 240w, https:\/\/foodtruckya.com\/magazine\/wp-content\/uploads\/2026\/09\/adri-foodtruck3-op-180x136.jpg 180w, https:\/\/foodtruckya.com\/magazine\/wp-content\/uploads\/2026\/09\/adri-foodtruck3-op-640x480.jpg 640w, https:\/\/foodtruckya.com\/magazine\/wp-content\/uploads\/2026\/09\/adri-foodtruck3-op-1120x840.jpg 1120w, https:\/\/foodtruckya.com\/magazine\/wp-content\/uploads\/2026\/09\/adri-foodtruck3-op.jpg 1200w\" ><\/figure>\n\n\n\n<figure class=\"wp-block-image size-large\"><img  loading=\"lazy\"  decoding=\"async\"  width=\"1160\"  height=\"870\"  data-id=\"14540\"  src=\"data:image\/png;base64,iVBORw0KGgoAAAANSUhEUgAABIgAAANmAQMAAACrCyL8AAAAA1BMVEUAAP+KeNJXAAAAAXRSTlMAQObYZgAAAAlwSFlzAAAOxAAADsQBlSsOGwAAAJJJREFUeNrtwTEBAAAAwqD1T20JT6AAAAAAAAAAAAAAAAAAAAAAAAAAAAAAAAAAAAAAAAAAAAAAAAAAAAAAAAAAAAAAAAAAAAAAAAAAAAAAAAAAAAAAAAAAAAAAAAAAAAAAAAAAAAAAAAAAAAAAAAAAAAAAAAAAAAAAAAAAAAAAAAAAAAAAAAAAAAAAAAAAAAD+BvA7AAGTZkFsAAAAAElFTkSuQmCC\"  alt=\"adri street food truck 3\"  class=\"wp-image-14540 pk-lazyload\"  data-pk-sizes=\"auto\"  data-ls-sizes=\"(max-width: 1160px) 100vw, 1160px\"  data-pk-src=\"https:\/\/foodtruckya.com\/magazine\/wp-content\/uploads\/2026\/09\/adri-foodtruck2op-1160x870.jpg\"  data-pk-srcset=\"https:\/\/foodtruckya.com\/magazine\/wp-content\/uploads\/2026\/09\/adri-foodtruck2op-1160x870.jpg 1160w, https:\/\/foodtruckya.com\/magazine\/wp-content\/uploads\/2026\/09\/adri-foodtruck2op-800x600.jpg 800w, https:\/\/foodtruckya.com\/magazine\/wp-content\/uploads\/2026\/09\/adri-foodtruck2op-320x240.jpg 320w, https:\/\/foodtruckya.com\/magazine\/wp-content\/uploads\/2026\/09\/adri-foodtruck2op-300x225.jpg 300w, https:\/\/foodtruckya.com\/magazine\/wp-content\/uploads\/2026\/09\/adri-foodtruck2op-120x90.jpg 120w, https:\/\/foodtruckya.com\/magazine\/wp-content\/uploads\/2026\/09\/adri-foodtruck2op-90x68.jpg 90w, https:\/\/foodtruckya.com\/magazine\/wp-content\/uploads\/2026\/09\/adri-foodtruck2op-560x420.jpg 560w, https:\/\/foodtruckya.com\/magazine\/wp-content\/uploads\/2026\/09\/adri-foodtruck2op-600x450.jpg 600w, https:\/\/foodtruckya.com\/magazine\/wp-content\/uploads\/2026\/09\/adri-foodtruck2op-240x180.jpg 240w, https:\/\/foodtruckya.com\/magazine\/wp-content\/uploads\/2026\/09\/adri-foodtruck2op-180x136.jpg 180w, https:\/\/foodtruckya.com\/magazine\/wp-content\/uploads\/2026\/09\/adri-foodtruck2op-640x480.jpg 640w, https:\/\/foodtruckya.com\/magazine\/wp-content\/uploads\/2026\/09\/adri-foodtruck2op-1120x840.jpg 1120w, https:\/\/foodtruckya.com\/magazine\/wp-content\/uploads\/2026\/09\/adri-foodtruck2op.jpg 1200w\" ><\/figure>\n\n\n\n<figure class=\"wp-block-image size-large\"><img  loading=\"lazy\"  decoding=\"async\"  width=\"1160\"  height=\"870\"  data-id=\"14539\"  src=\"data:image\/png;base64,iVBORw0KGgoAAAANSUhEUgAABIgAAANmAQMAAACrCyL8AAAAA1BMVEUAAP+KeNJXAAAAAXRSTlMAQObYZgAAAAlwSFlzAAAOxAAADsQBlSsOGwAAAJJJREFUeNrtwTEBAAAAwqD1T20JT6AAAAAAAAAAAAAAAAAAAAAAAAAAAAAAAAAAAAAAAAAAAAAAAAAAAAAAAAAAAAAAAAAAAAAAAAAAAAAAAAAAAAAAAAAAAAAAAAAAAAAAAAAAAAAAAAAAAAAAAAAAAAAAAAAAAAAAAAAAAAAAAAAAAAAAAAAAAAAAAAAAAAD+BvA7AAGTZkFsAAAAAElFTkSuQmCC\"  alt=\"adri street food truck 4\"  class=\"wp-image-14539 pk-lazyload\"  data-pk-sizes=\"auto\"  data-ls-sizes=\"(max-width: 1160px) 100vw, 1160px\"  data-pk-src=\"https:\/\/foodtruckya.com\/magazine\/wp-content\/uploads\/2026\/09\/adri-foodtruck-1160x870.jpg\"  data-pk-srcset=\"https:\/\/foodtruckya.com\/magazine\/wp-content\/uploads\/2026\/09\/adri-foodtruck-1160x870.jpg 1160w, https:\/\/foodtruckya.com\/magazine\/wp-content\/uploads\/2026\/09\/adri-foodtruck-800x600.jpg 800w, https:\/\/foodtruckya.com\/magazine\/wp-content\/uploads\/2026\/09\/adri-foodtruck-320x240.jpg 320w, https:\/\/foodtruckya.com\/magazine\/wp-content\/uploads\/2026\/09\/adri-foodtruck-300x225.jpg 300w, https:\/\/foodtruckya.com\/magazine\/wp-content\/uploads\/2026\/09\/adri-foodtruck-120x90.jpg 120w, https:\/\/foodtruckya.com\/magazine\/wp-content\/uploads\/2026\/09\/adri-foodtruck-90x68.jpg 90w, https:\/\/foodtruckya.com\/magazine\/wp-content\/uploads\/2026\/09\/adri-foodtruck-560x420.jpg 560w, https:\/\/foodtruckya.com\/magazine\/wp-content\/uploads\/2026\/09\/adri-foodtruck-600x450.jpg 600w, https:\/\/foodtruckya.com\/magazine\/wp-content\/uploads\/2026\/09\/adri-foodtruck-240x180.jpg 240w, https:\/\/foodtruckya.com\/magazine\/wp-content\/uploads\/2026\/09\/adri-foodtruck-180x136.jpg 180w, https:\/\/foodtruckya.com\/magazine\/wp-content\/uploads\/2026\/09\/adri-foodtruck-640x480.jpg 640w, https:\/\/foodtruckya.com\/magazine\/wp-content\/uploads\/2026\/09\/adri-foodtruck-1120x840.jpg 1120w, https:\/\/foodtruckya.com\/magazine\/wp-content\/uploads\/2026\/09\/adri-foodtruck.jpg 1200w\" ><\/figure>\n<\/figure>\n\n\n\n<h2 class=\"wp-block-heading has-medium-font-size\" id=\"E217\"><span id=\"que-os-hace-un-food-truck-unico-por-que-deben-visitaros\">\u00bfQu\u00e9 os hace un food truck \u00fanico? \u00bfPor qu\u00e9 deben visitaros?<\/span><\/h2>\n\n\n\n<p id=\"E221\">Lo que intentamos hacer diferente es trasladar una cocina de verdad al formato street food. Gran parte de nuestras elaboraciones son propias: marinamos la carne, preparamos nuestras salsas y cuidamos mucho tanto el producto como el servicio.<\/p>\n\n\n\n<p id=\"E223\">Nuestra propuesta mezcla influencias mediterr\u00e1neas y rumanas y busca ofrecer sabores reconocibles pero con personalidad propia.<\/p>\n\n\n\n<p id=\"E226\">Quien se acerque a Adri al Fuego encontrar\u00e1 comida preparada con cari\u00f1o, producto sabroso, raciones generosas y, sobre todo, la intenci\u00f3n de que no sea simplemente comer algo en un evento, sino recordar lo que ha probado.<\/p>\n\n\n\n<hr class=\"wp-block-separator has-alpha-channel-opacity\"\/>\n\n\n\n<p>Puedes ver la ficha del food truck <strong>Adri al fuego<\/strong> en Foodtruckya Espa\u00f1a, y contactarles para tu pr\u00f3ximo evento <strong><em><a href=\"https:\/\/foodtruckya.com\/es\/catering\/adri-al-fuego\" target=\"_blank\" rel=\"noreferrer noopener\">aqu\u00ed<\/a><\/em><\/strong><\/p>\n","protected":false},"excerpt":{"rendered":"<p>Entrevista emprendedores food trucks Espa\u00f1a Charlamos con Elena y Adri\u00e1n, emprendedores del street food y responsables del food truck&nbsp;Adri al fuego \u00bfC\u00f3mo os adentrasteis en el movimiento street food? Despu\u00e9s&hellip;<\/p>\n","protected":false},"author":7,"featured_media":14534,"comment_status":"closed","ping_status":"closed","sticky":false,"template":"","format":"standard","meta":{"footnotes":""},"categories":[41,43],"tags":[],"powerkit_post_featured":[3,6],"yoast_head":"<!-- This site is optimized with the Yoast SEO plugin v24.2 - https:\/\/yoast.com\/wordpress\/plugins\/seo\/ -->\n<title>Adri al fuego &#8212; Street Food Magazine<\/title>\n<meta name=\"description\" content=\"Entrevista emprendedores food trucks Espa\u00f1a. Charlamos con Elena y Adri\u00e1n, responsables del food truck\u00a0Adri al fuego\" \/>\n<meta name=\"robots\" content=\"index, follow, max-snippet:-1, max-image-preview:large, max-video-preview:-1\" \/>\n<link rel=\"canonical\" href=\"https:\/\/foodtruckya.com\/magazine\/entrevistas-food-trucks\/adri-al-fuego\/\" \/>\n<meta property=\"og:locale\" content=\"es_ES\" \/>\n<meta property=\"og:type\" content=\"article\" \/>\n<meta property=\"og:title\" content=\"Adri al fuego &#8212; Street Food Magazine\" \/>\n<meta property=\"og:description\" content=\"Entrevista emprendedores food trucks Espa\u00f1a. Charlamos con Elena y Adri\u00e1n, responsables del food truck\u00a0Adri al fuego\" \/>\n<meta property=\"og:url\" content=\"https:\/\/foodtruckya.com\/magazine\/entrevistas-food-trucks\/adri-al-fuego\/\" \/>\n<meta property=\"og:site_name\" content=\"Street Food Magazine\" \/>\n<meta property=\"article:publisher\" content=\"https:\/\/www.facebook.com\/Foodtruckya\/\" \/>\n<meta property=\"article:published_time\" content=\"2026-09-02T07:31:05+00:00\" \/>\n<meta property=\"article:modified_time\" content=\"2026-09-02T07:36:24+00:00\" \/>\n<meta property=\"og:image\" content=\"https:\/\/foodtruckya.com\/magazine\/wp-content\/uploads\/2026\/09\/adri-food-truck.jpeg\" \/>\n\t<meta property=\"og:image:width\" content=\"1600\" \/>\n\t<meta property=\"og:image:height\" content=\"1200\" \/>\n\t<meta property=\"og:image:type\" content=\"image\/jpeg\" \/>\n<meta name=\"author\" content=\"Aitor Apraiz\" \/>\n<meta name=\"twitter:card\" content=\"summary_large_image\" \/>\n<meta name=\"twitter:creator\" content=\"@Foodtruckya\" \/>\n<meta name=\"twitter:site\" content=\"@Foodtruckya\" \/>\n<meta name=\"twitter:label1\" content=\"Escrito por\" \/>\n\t<meta name=\"twitter:data1\" content=\"Aitor Apraiz\" \/>\n\t<meta name=\"twitter:label2\" content=\"Tiempo de lectura\" \/>\n\t<meta name=\"twitter:data2\" content=\"4 minutos\" \/>\n<script type=\"application\/ld+json\" class=\"yoast-schema-graph\">{\"@context\":\"https:\/\/schema.org\",\"@graph\":[{\"@type\":\"Article\",\"@id\":\"https:\/\/foodtruckya.com\/magazine\/entrevistas-food-trucks\/adri-al-fuego\/#article\",\"isPartOf\":{\"@id\":\"https:\/\/foodtruckya.com\/magazine\/entrevistas-food-trucks\/adri-al-fuego\/\"},\"author\":{\"name\":\"Aitor Apraiz\",\"@id\":\"https:\/\/foodtruckya.com\/magazine\/#\/schema\/person\/c63463dfe4a6cb311fe8efe83b961b7a\"},\"headline\":\"Adri al fuego\",\"datePublished\":\"2026-09-02T07:31:05+00:00\",\"dateModified\":\"2026-09-02T07:36:24+00:00\",\"mainEntityOfPage\":{\"@id\":\"https:\/\/foodtruckya.com\/magazine\/entrevistas-food-trucks\/adri-al-fuego\/\"},\"wordCount\":581,\"publisher\":{\"@id\":\"https:\/\/foodtruckya.com\/magazine\/#organization\"},\"image\":{\"@id\":\"https:\/\/foodtruckya.com\/magazine\/entrevistas-food-trucks\/adri-al-fuego\/#primaryimage\"},\"thumbnailUrl\":\"https:\/\/foodtruckya.com\/magazine\/wp-content\/uploads\/2026\/09\/adri-food-truck.jpeg\",\"articleSection\":[\"Entrevistas\",\"Entrevistas Espa\u00f1a\"],\"inLanguage\":\"es\"},{\"@type\":\"WebPage\",\"@id\":\"https:\/\/foodtruckya.com\/magazine\/entrevistas-food-trucks\/adri-al-fuego\/\",\"url\":\"https:\/\/foodtruckya.com\/magazine\/entrevistas-food-trucks\/adri-al-fuego\/\",\"name\":\"Adri al fuego &#8212; Street Food Magazine\",\"isPartOf\":{\"@id\":\"https:\/\/foodtruckya.com\/magazine\/#website\"},\"primaryImageOfPage\":{\"@id\":\"https:\/\/foodtruckya.com\/magazine\/entrevistas-food-trucks\/adri-al-fuego\/#primaryimage\"},\"image\":{\"@id\":\"https:\/\/foodtruckya.com\/magazine\/entrevistas-food-trucks\/adri-al-fuego\/#primaryimage\"},\"thumbnailUrl\":\"https:\/\/foodtruckya.com\/magazine\/wp-content\/uploads\/2026\/09\/adri-food-truck.jpeg\",\"datePublished\":\"2026-09-02T07:31:05+00:00\",\"dateModified\":\"2026-09-02T07:36:24+00:00\",\"description\":\"Entrevista emprendedores food trucks Espa\u00f1a. Charlamos con Elena y Adri\u00e1n, responsables del food truck\u00a0Adri al fuego\",\"breadcrumb\":{\"@id\":\"https:\/\/foodtruckya.com\/magazine\/entrevistas-food-trucks\/adri-al-fuego\/#breadcrumb\"},\"inLanguage\":\"es\",\"potentialAction\":[{\"@type\":\"ReadAction\",\"target\":[\"https:\/\/foodtruckya.com\/magazine\/entrevistas-food-trucks\/adri-al-fuego\/\"]}]},{\"@type\":\"ImageObject\",\"inLanguage\":\"es\",\"@id\":\"https:\/\/foodtruckya.com\/magazine\/entrevistas-food-trucks\/adri-al-fuego\/#primaryimage\",\"url\":\"https:\/\/foodtruckya.com\/magazine\/wp-content\/uploads\/2026\/09\/adri-food-truck.jpeg\",\"contentUrl\":\"https:\/\/foodtruckya.com\/magazine\/wp-content\/uploads\/2026\/09\/adri-food-truck.jpeg\",\"width\":1600,\"height\":1200,\"caption\":\"adri food truck\"},{\"@type\":\"BreadcrumbList\",\"@id\":\"https:\/\/foodtruckya.com\/magazine\/entrevistas-food-trucks\/adri-al-fuego\/#breadcrumb\",\"itemListElement\":[{\"@type\":\"ListItem\",\"position\":1,\"name\":\"Portada\",\"item\":\"https:\/\/foodtruckya.com\/magazine\/\"},{\"@type\":\"ListItem\",\"position\":2,\"name\":\"Adri al fuego\"}]},{\"@type\":\"WebSite\",\"@id\":\"https:\/\/foodtruckya.com\/magazine\/#website\",\"url\":\"https:\/\/foodtruckya.com\/magazine\/\",\"name\":\"Street Food Magazine\",\"description\":\"Informaci\u00f3n sobre food trucks by Foodtruckya\",\"publisher\":{\"@id\":\"https:\/\/foodtruckya.com\/magazine\/#organization\"},\"potentialAction\":[{\"@type\":\"SearchAction\",\"target\":{\"@type\":\"EntryPoint\",\"urlTemplate\":\"https:\/\/foodtruckya.com\/magazine\/?s={search_term_string}\"},\"query-input\":{\"@type\":\"PropertyValueSpecification\",\"valueRequired\":true,\"valueName\":\"search_term_string\"}}],\"inLanguage\":\"es\"},{\"@type\":\"Organization\",\"@id\":\"https:\/\/foodtruckya.com\/magazine\/#organization\",\"name\":\"Foodtruckya\",\"url\":\"https:\/\/foodtruckya.com\/magazine\/\",\"logo\":{\"@type\":\"ImageObject\",\"inLanguage\":\"es\",\"@id\":\"https:\/\/foodtruckya.com\/magazine\/#\/schema\/logo\/image\/\",\"url\":\"https:\/\/foodtruckya.com\/magazine\/wp-content\/uploads\/2023\/05\/logo.png\",\"contentUrl\":\"https:\/\/foodtruckya.com\/magazine\/wp-content\/uploads\/2023\/05\/logo.png\",\"width\":500,\"height\":133,\"caption\":\"Foodtruckya\"},\"image\":{\"@id\":\"https:\/\/foodtruckya.com\/magazine\/#\/schema\/logo\/image\/\"},\"sameAs\":[\"https:\/\/www.facebook.com\/Foodtruckya\/\",\"https:\/\/x.com\/Foodtruckya\",\"https:\/\/www.instagram.com\/foodtruckya_oficial\/\"]},{\"@type\":\"Person\",\"@id\":\"https:\/\/foodtruckya.com\/magazine\/#\/schema\/person\/c63463dfe4a6cb311fe8efe83b961b7a\",\"name\":\"Aitor Apraiz\",\"url\":\"https:\/\/foodtruckya.com\/magazine\/author\/aitor\/\"}]}<\/script>\n<!-- \/ Yoast SEO plugin. -->","yoast_head_json":{"title":"Adri al fuego &#8212; Street Food Magazine","description":"Entrevista emprendedores food trucks Espa\u00f1a. Charlamos con Elena y Adri\u00e1n, responsables del food truck\u00a0Adri al fuego","robots":{"index":"index","follow":"follow","max-snippet":"max-snippet:-1","max-image-preview":"max-image-preview:large","max-video-preview":"max-video-preview:-1"},"canonical":"https:\/\/foodtruckya.com\/magazine\/entrevistas-food-trucks\/adri-al-fuego\/","og_locale":"es_ES","og_type":"article","og_title":"Adri al fuego &#8212; Street Food Magazine","og_description":"Entrevista emprendedores food trucks Espa\u00f1a. Charlamos con Elena y Adri\u00e1n, responsables del food truck\u00a0Adri al fuego","og_url":"https:\/\/foodtruckya.com\/magazine\/entrevistas-food-trucks\/adri-al-fuego\/","og_site_name":"Street Food Magazine","article_publisher":"https:\/\/www.facebook.com\/Foodtruckya\/","article_published_time":"2026-09-02T07:31:05+00:00","article_modified_time":"2026-09-02T07:36:24+00:00","og_image":[{"width":1600,"height":1200,"url":"https:\/\/foodtruckya.com\/magazine\/wp-content\/uploads\/2026\/09\/adri-food-truck.jpeg","type":"image\/jpeg"}],"author":"Aitor Apraiz","twitter_card":"summary_large_image","twitter_creator":"@Foodtruckya","twitter_site":"@Foodtruckya","twitter_misc":{"Escrito por":"Aitor Apraiz","Tiempo de lectura":"4 minutos"},"schema":{"@context":"https:\/\/schema.org","@graph":[{"@type":"Article","@id":"https:\/\/foodtruckya.com\/magazine\/entrevistas-food-trucks\/adri-al-fuego\/#article","isPartOf":{"@id":"https:\/\/foodtruckya.com\/magazine\/entrevistas-food-trucks\/adri-al-fuego\/"},"author":{"name":"Aitor Apraiz","@id":"https:\/\/foodtruckya.com\/magazine\/#\/schema\/person\/c63463dfe4a6cb311fe8efe83b961b7a"},"headline":"Adri al fuego","datePublished":"2026-09-02T07:31:05+00:00","dateModified":"2026-09-02T07:36:24+00:00","mainEntityOfPage":{"@id":"https:\/\/foodtruckya.com\/magazine\/entrevistas-food-trucks\/adri-al-fuego\/"},"wordCount":581,"publisher":{"@id":"https:\/\/foodtruckya.com\/magazine\/#organization"},"image":{"@id":"https:\/\/foodtruckya.com\/magazine\/entrevistas-food-trucks\/adri-al-fuego\/#primaryimage"},"thumbnailUrl":"https:\/\/foodtruckya.com\/magazine\/wp-content\/uploads\/2026\/09\/adri-food-truck.jpeg","articleSection":["Entrevistas","Entrevistas Espa\u00f1a"],"inLanguage":"es"},{"@type":"WebPage","@id":"https:\/\/foodtruckya.com\/magazine\/entrevistas-food-trucks\/adri-al-fuego\/","url":"https:\/\/foodtruckya.com\/magazine\/entrevistas-food-trucks\/adri-al-fuego\/","name":"Adri al fuego &#8212; Street Food Magazine","isPartOf":{"@id":"https:\/\/foodtruckya.com\/magazine\/#website"},"primaryImageOfPage":{"@id":"https:\/\/foodtruckya.com\/magazine\/entrevistas-food-trucks\/adri-al-fuego\/#primaryimage"},"image":{"@id":"https:\/\/foodtruckya.com\/magazine\/entrevistas-food-trucks\/adri-al-fuego\/#primaryimage"},"thumbnailUrl":"https:\/\/foodtruckya.com\/magazine\/wp-content\/uploads\/2026\/09\/adri-food-truck.jpeg","datePublished":"2026-09-02T07:31:05+00:00","dateModified":"2026-09-02T07:36:24+00:00","description":"Entrevista emprendedores food trucks Espa\u00f1a. Charlamos con Elena y Adri\u00e1n, responsables del food truck\u00a0Adri al fuego","breadcrumb":{"@id":"https:\/\/foodtruckya.com\/magazine\/entrevistas-food-trucks\/adri-al-fuego\/#breadcrumb"},"inLanguage":"es","potentialAction":[{"@type":"ReadAction","target":["https:\/\/foodtruckya.com\/magazine\/entrevistas-food-trucks\/adri-al-fuego\/"]}]},{"@type":"ImageObject","inLanguage":"es","@id":"https:\/\/foodtruckya.com\/magazine\/entrevistas-food-trucks\/adri-al-fuego\/#primaryimage","url":"https:\/\/foodtruckya.com\/magazine\/wp-content\/uploads\/2026\/09\/adri-food-truck.jpeg","contentUrl":"https:\/\/foodtruckya.com\/magazine\/wp-content\/uploads\/2026\/09\/adri-food-truck.jpeg","width":1600,"height":1200,"caption":"adri food truck"},{"@type":"BreadcrumbList","@id":"https:\/\/foodtruckya.com\/magazine\/entrevistas-food-trucks\/adri-al-fuego\/#breadcrumb","itemListElement":[{"@type":"ListItem","position":1,"name":"Portada","item":"https:\/\/foodtruckya.com\/magazine\/"},{"@type":"ListItem","position":2,"name":"Adri al fuego"}]},{"@type":"WebSite","@id":"https:\/\/foodtruckya.com\/magazine\/#website","url":"https:\/\/foodtruckya.com\/magazine\/","name":"Street Food Magazine","description":"Informaci\u00f3n sobre food trucks by Foodtruckya","publisher":{"@id":"https:\/\/foodtruckya.com\/magazine\/#organization"},"potentialAction":[{"@type":"SearchAction","target":{"@type":"EntryPoint","urlTemplate":"https:\/\/foodtruckya.com\/magazine\/?s={search_term_string}"},"query-input":{"@type":"PropertyValueSpecification","valueRequired":true,"valueName":"search_term_string"}}],"inLanguage":"es"},{"@type":"Organization","@id":"https:\/\/foodtruckya.com\/magazine\/#organization","name":"Foodtruckya","url":"https:\/\/foodtruckya.com\/magazine\/","logo":{"@type":"ImageObject","inLanguage":"es","@id":"https:\/\/foodtruckya.com\/magazine\/#\/schema\/logo\/image\/","url":"https:\/\/foodtruckya.com\/magazine\/wp-content\/uploads\/2023\/05\/logo.png","contentUrl":"https:\/\/foodtruckya.com\/magazine\/wp-content\/uploads\/2023\/05\/logo.png","width":500,"height":133,"caption":"Foodtruckya"},"image":{"@id":"https:\/\/foodtruckya.com\/magazine\/#\/schema\/logo\/image\/"},"sameAs":["https:\/\/www.facebook.com\/Foodtruckya\/","https:\/\/x.com\/Foodtruckya","https:\/\/www.instagram.com\/foodtruckya_oficial\/"]},{"@type":"Person","@id":"https:\/\/foodtruckya.com\/magazine\/#\/schema\/person\/c63463dfe4a6cb311fe8efe83b961b7a","name":"Aitor Apraiz","url":"https:\/\/foodtruckya.com\/magazine\/author\/aitor\/"}]}},"_links":{"self":[{"href":"https:\/\/foodtruckya.com\/magazine\/wp-json\/wp\/v2\/posts\/14532"}],"collection":[{"href":"https:\/\/foodtruckya.com\/magazine\/wp-json\/wp\/v2\/posts"}],"about":[{"href":"https:\/\/foodtruckya.com\/magazine\/wp-json\/wp\/v2\/types\/post"}],"author":[{"embeddable":true,"href":"https:\/\/foodtruckya.com\/magazine\/wp-json\/wp\/v2\/users\/7"}],"replies":[{"embeddable":true,"href":"https:\/\/foodtruckya.com\/magazine\/wp-json\/wp\/v2\/comments?post=14532"}],"version-history":[{"count":3,"href":"https:\/\/foodtruckya.com\/magazine\/wp-json\/wp\/v2\/posts\/14532\/revisions"}],"predecessor-version":[{"id":14542,"href":"https:\/\/foodtruckya.com\/magazine\/wp-json\/wp\/v2\/posts\/14532\/revisions\/14542"}],"wp:featuredmedia":[{"embeddable":true,"href":"https:\/\/foodtruckya.com\/magazine\/wp-json\/wp\/v2\/media\/14534"}],"wp:attachment":[{"href":"https:\/\/foodtruckya.com\/magazine\/wp-json\/wp\/v2\/media?parent=14532"}],"wp:term":[{"taxonomy":"category","embeddable":true,"href":"https:\/\/foodtruckya.com\/magazine\/wp-json\/wp\/v2\/categories?post=14532"},{"taxonomy":"post_tag","embeddable":true,"href":"https:\/\/foodtruckya.com\/magazine\/wp-json\/wp\/v2\/tags?post=14532"},{"taxonomy":"powerkit_post_featured","embeddable":true,"href":"https:\/\/foodtruckya.com\/magazine\/wp-json\/wp\/v2\/powerkit_post_featured?post=14532"}],"curies":[{"name":"wp","href":"https:\/\/api.w.org\/{rel}","templated":true}]}}