{"id":1849,"date":"2015-11-06T14:09:15","date_gmt":"2015-11-06T13:09:15","guid":{"rendered":"http:\/\/foodtruckya.com\/blog\/?p=1849"},"modified":"2019-08-10T10:53:23","modified_gmt":"2019-08-10T08:53:23","slug":"emprendedores-madalenas-de-colores-food-truck","status":"publish","type":"post","link":"https:\/\/foodtruckya.com\/magazine\/entrevistas-food-trucks\/emprendedores-madalenas-de-colores-food-truck\/","title":{"rendered":"Emprendedores: Madalenas de Colores"},"content":{"rendered":"<p><img  loading=\"lazy\"  decoding=\"async\"  class=\"aligncenter size-medium wp-image-5718 pk-lazyload\"  src=\"data:image\/png;base64,iVBORw0KGgoAAAANSUhEUgAAAyAAAAMgAQMAAADhvpQrAAAAA1BMVEUAAP+KeNJXAAAAAXRSTlMAQObYZgAAAGVJREFUeNrtwTEBAAAAwqD1T20Gf6AAAAAAAAAAAAAAAAAAAAAAAAAAAAAAAAAAAAAAAAAAAAAAAAAAAAAAAAAAAAAAAAAAAAAAAAAAAAAAAAAAAAAAAAAAAAAAAAAAAAAAAAB4DDuvAAF2A3fYAAAAAElFTkSuQmCC\"  alt=\"Emprendedores: Madalenas de Colores\"  width=\"800\"  height=\"800\"  data-pk-sizes=\"auto\"  data-ls-sizes=\"(max-width: 800px) 100vw, 800px\"  data-pk-src=\"https:\/\/foodtruckya.com\/magazine\/wp-content\/uploads\/2015\/11\/madalenasdecolorespost1-1024x1024-800x800.jpg\"  data-pk-srcset=\"https:\/\/foodtruckya.com\/magazine\/wp-content\/uploads\/2015\/11\/madalenasdecolorespost1-1024x1024-800x800.jpg 800w, https:\/\/foodtruckya.com\/magazine\/wp-content\/uploads\/2015\/11\/madalenasdecolorespost1-1024x1024-80x80.jpg 80w, https:\/\/foodtruckya.com\/magazine\/wp-content\/uploads\/2015\/11\/madalenasdecolorespost1-1024x1024-320x320.jpg 320w, https:\/\/foodtruckya.com\/magazine\/wp-content\/uploads\/2015\/11\/madalenasdecolorespost1-1024x1024-560x560.jpg 560w, https:\/\/foodtruckya.com\/magazine\/wp-content\/uploads\/2015\/11\/madalenasdecolorespost1-1024x1024-90x90.jpg 90w, https:\/\/foodtruckya.com\/magazine\/wp-content\/uploads\/2015\/11\/madalenasdecolorespost1-1024x1024-160x160.jpg 160w, https:\/\/foodtruckya.com\/magazine\/wp-content\/uploads\/2015\/11\/madalenasdecolorespost1-1024x1024-640x640.jpg 640w, https:\/\/foodtruckya.com\/magazine\/wp-content\/uploads\/2015\/11\/madalenasdecolorespost1-1024x1024-180x180.jpg 180w, https:\/\/foodtruckya.com\/magazine\/wp-content\/uploads\/2015\/11\/madalenasdecolorespost1-1024x1024.jpg 1024w\" ><\/p>\n<p><span style=\"color: #000000;\">Una de las f\u00f3rmulas, que ya hemos visto en alguna ocasi\u00f3n, en lo que se refiere al perfil de emprendedores en el movimiento food truck, es la de aquellos, que ya tienen una empresa\u00a0propia y ven en este formato callejero, una magn\u00edfica manera, de promocionarse y de acercarse a sus clientes,\u00a0estando presentes en diferentes localizaciones, presentando as\u00ed, sus productos de un modo m\u00e1s directo y atractivo.<\/span><!--more--><\/p>\n<p><span style=\"color: #000000;\"><strong>1) \u00bfC\u00f3mo os adentrasteis en el movimiento Street Food?\u00a0<\/strong><\/span><\/p>\n<div class=\"\">\n<div class=\"\">\n<div class=\"\" dir=\"ltr\">\n<div class=\"\">\n<p><span style=\"color: #000000;\">Observando los movimientos Steet Food en otros pa\u00edses cercanos a nosotros, nos pareci\u00f3 una forma interesante y atractiva para expandir nuestro negocio existente. Quer\u00edamos crecer en nuestra Bakery de Gij\u00f3n y nos pareci\u00f3 la forma m\u00e1s original y distinta para que nuestro negocio siguiera creciendo.<\/span><\/p>\n<p><img  loading=\"lazy\"  decoding=\"async\"  class=\"aligncenter size-full wp-image-5720 pk-lazyload\"  src=\"data:image\/png;base64,iVBORw0KGgoAAAANSUhEUgAAAsQAAALGAQMAAAB4UxXLAAAAA1BMVEUAAP+KeNJXAAAAAXRSTlMAQObYZgAAAFVJREFUeNrtwQENAAAAwqD3T20ON6AAAAAAAAAAAAAAAAAAAAAAAAAAAAAAAAAAAAAAAAAAAAAAAAAAAAAAAAAAAAAAAAAAAAAAAAAAAAAAAAAAgCcD+ZwAAczbyYAAAAAASUVORK5CYII=\"  alt=\"Madalenas de colores foodtruck\"  width=\"708\"  height=\"710\"  data-pk-sizes=\"auto\"  data-ls-sizes=\"(max-width: 708px) 100vw, 708px\"  data-pk-src=\"https:\/\/foodtruckya.com\/magazine\/wp-content\/uploads\/2015\/11\/MADALENASPOST3.png\"  data-pk-srcset=\"https:\/\/foodtruckya.com\/magazine\/wp-content\/uploads\/2015\/11\/MADALENASPOST3.png 708w, https:\/\/foodtruckya.com\/magazine\/wp-content\/uploads\/2015\/11\/MADALENASPOST3-80x80.png 80w, https:\/\/foodtruckya.com\/magazine\/wp-content\/uploads\/2015\/11\/MADALENASPOST3-320x320.png 320w, https:\/\/foodtruckya.com\/magazine\/wp-content\/uploads\/2015\/11\/MADALENASPOST3-560x562.png 560w, https:\/\/foodtruckya.com\/magazine\/wp-content\/uploads\/2015\/11\/MADALENASPOST3-90x90.png 90w, https:\/\/foodtruckya.com\/magazine\/wp-content\/uploads\/2015\/11\/MADALENASPOST3-160x160.png 160w, https:\/\/foodtruckya.com\/magazine\/wp-content\/uploads\/2015\/11\/MADALENASPOST3-640x642.png 640w, https:\/\/foodtruckya.com\/magazine\/wp-content\/uploads\/2015\/11\/MADALENASPOST3-180x180.png 180w\" >&nbsp;<\/p>\n<p><span style=\"color: #000000;\"><strong>2) \u00bfDe d\u00f3nde viene el nombre de vuestro food truck?<\/strong><\/span><\/p>\n<p><span style=\"color: #000000;\">El nombre viene de nuestro establecimiento. <i class=\"\">Madalenasdecolores<\/i> es tambi\u00e9n el nombre de nuestra Bakery de Gij\u00f3n. Nuestra food truck es el brazo extensible de nuestro negocio, cari\u00f1osamente, le llamamos<span style=\"color: #ff6600;\"> <strong><a style=\"color: #ff6600;\" href=\"http:\/\/www.foodtruckya.com\/foodtrucks\/234\/MADALENAS%20DE%20COLORES\" target=\"_blank\" rel=\"noopener noreferrer\">Madaleni food truck<\/a><\/strong><\/span>. Es nuestra forma de dar a conocer nuestros productos fuera de nuestra tienda f\u00edsica.<\/span><\/p>\n<p><span style=\"color: #000000;\"><strong>3) \u00bfCu\u00e1l es vuestro plato estrella?<\/strong><\/span><\/p>\n<p><span style=\"color: #000000;\">Evidentemente, somos especialistas en Reposter\u00eda creativa, nuestros cupcakes son la estrella, pero evidentemente no nos quedamos solo ah\u00ed, nuestras cookies, porciones de tartas ( <i class=\"\">Red velvet<\/i>,<i class=\"\"> carrot cake<\/i>\u2026) cake pops, rollitos de canela\u2026 todo ello acompa\u00f1ados de nuestro delicioso cafe y chocolate caliente. Tambi\u00e9n causa sensaci\u00f3n nuestra amplia variedad de batidos artesanales con nata montada al momento, <i class=\"\">chocoreo,<\/i> <i class=\"\">chocahoy<\/i>, <i class=\"\">recuerdos de infancia<\/i>\u2026 el que los prueba queda gratamente sorprendido. \u00a0Y como no todo va a ser dulce, acompa\u00f1amos nuestra carta con una amplia variedad de perritos exclusivos gourmet, de <i class=\"\">salsa cabrales<\/i>, de <i class=\"\">curry de pollo<\/i>, de <i class=\"\">miel y mostaza<\/i>\u2026 imposible no probarlos.<\/span><\/p>\n<p><img  loading=\"lazy\"  decoding=\"async\"  class=\"aligncenter size-medium wp-image-5722 pk-lazyload\"  src=\"data:image\/png;base64,iVBORw0KGgoAAAANSUhEUgAAAyAAAAIUAQMAAADYItokAAAAA1BMVEUAAP+KeNJXAAAAAXRSTlMAQObYZgAAAEtJREFUeNrtwTEBAAAAwqD1T20IX6AAAAAAAAAAAAAAAAAAAAAAAAAAAAAAAAAAAAAAAAAAAAAAAAAAAAAAAAAAAAAAAAAAAAAAfgPR5AAB2s5y3QAAAABJRU5ErkJggg==\"  alt=\"street food, madalenas de colores\"  width=\"800\"  height=\"532\"  data-pk-sizes=\"auto\"  data-ls-sizes=\"(max-width: 800px) 100vw, 800px\"  data-pk-src=\"https:\/\/foodtruckya.com\/magazine\/wp-content\/uploads\/2015\/11\/madalenaspost4-800x532.png\"  data-pk-srcset=\"https:\/\/foodtruckya.com\/magazine\/wp-content\/uploads\/2015\/11\/madalenaspost4-800x532.png 800w, https:\/\/foodtruckya.com\/magazine\/wp-content\/uploads\/2015\/11\/madalenaspost4-320x213.png 320w, https:\/\/foodtruckya.com\/magazine\/wp-content\/uploads\/2015\/11\/madalenaspost4-560x372.png 560w, https:\/\/foodtruckya.com\/magazine\/wp-content\/uploads\/2015\/11\/madalenaspost4-640x426.png 640w, https:\/\/foodtruckya.com\/magazine\/wp-content\/uploads\/2015\/11\/madalenaspost4.png 958w\" >&nbsp;<\/p>\n<p><span style=\"color: #000000;\"><strong><span class=\"\" lang=\"ES\">4) \u00bfQu\u00e9 os hace un food truck \u00fanico? \u00bfPor qu\u00e9 deben visitaros?<\/span><\/strong><\/span><\/p>\n<p><span style=\"color: #000000;\">Creemos que somos una food truck \u00fanica, por que junto con nuestra cuidada est\u00e9tica, ( estamos trabajando sobre una citroen HY del a\u00f1o 67, totalmente restaurada ) ofrecemos unos productos de alt\u00edsima calidad, totalmente artesanales, realizados con las mejores materias primas y con la experiencia que nos da a\u00f1os de trabajo en el sector. Una combinaci\u00f3n que creemos que gusta mucho al cliente y por la que creo que deber\u00edan visitarnos. Y una raz\u00f3n importante tambi\u00e9n para que nos visiten, es que estamos en continua creaci\u00f3n, diariamente, le estamos dando vueltas a nuestra amplia carta, para ofrecer productos nuevos y apetecibles para el p\u00fablico en general, de todas las edades.<\/span><\/p>\n<p><span style=\"color: #000000;\"><strong><span class=\"\" lang=\"ES\">5) \u00bfC\u00f3mo te imaginas el mundo del Street Food en 5 a\u00f1os?<\/span><\/strong><\/span><\/p>\n<p><span style=\"color: #000000;\">Dentro de cinco a\u00f1os, creemos que se habr\u00e1 consolidado y estabilizado la comida en la calle. Creo que se mantendr\u00e1 la comida de calidad (como en otros pa\u00edses) y que el p\u00fablico es soberano y mantendr\u00e1 los que verdaderamente merezcan la pena. Es una buena oportunidad para dar otro tipo de comida, muy atractivo, pero que entre todos tenemos que cuidar, dando calidad y servicio.<\/span><\/p>\n<p><img  loading=\"lazy\"  decoding=\"async\"  class=\"aligncenter size-full wp-image-5719 pk-lazyload\"  src=\"data:image\/png;base64,iVBORw0KGgoAAAANSUhEUgAAAtAAAAHdAQMAAAAO79ycAAAAA1BMVEUAAP+KeNJXAAAAAXRSTlMAQObYZgAAAEFJREFUeNrtwTEBAAAAwqD1T20IX6AAAAAAAAAAAAAAAAAAAAAAAAAAAAAAAAAAAAAAAAAAAAAAAAAAAAAAAAAuA6mPAAGYDsijAAAAAElFTkSuQmCC\"  alt=\"clientes de Madalenas de colores\"  width=\"720\"  height=\"477\"  data-pk-sizes=\"auto\"  data-ls-sizes=\"(max-width: 720px) 100vw, 720px\"  data-pk-src=\"https:\/\/foodtruckya.com\/magazine\/wp-content\/uploads\/2015\/11\/madalenasdecolorespost2.jpg\"  data-pk-srcset=\"https:\/\/foodtruckya.com\/magazine\/wp-content\/uploads\/2015\/11\/madalenasdecolorespost2.jpg 720w, https:\/\/foodtruckya.com\/magazine\/wp-content\/uploads\/2015\/11\/madalenasdecolorespost2-320x212.jpg 320w, https:\/\/foodtruckya.com\/magazine\/wp-content\/uploads\/2015\/11\/madalenasdecolorespost2-560x371.jpg 560w, https:\/\/foodtruckya.com\/magazine\/wp-content\/uploads\/2015\/11\/madalenasdecolorespost2-640x424.jpg 640w\" >&nbsp;<\/p>\n<p><span class=\"\" lang=\"ES\" style=\"color: #000000;\"><strong>6) Tres consejos para futuros emprendedores de food trucks<\/strong>.<\/span><\/p>\n<p><span style=\"color: #000000;\">Que estudien, primeramente, en lo que se consideren que son buenos, que productos manejan a la perfecci\u00f3n. Que piensen que les gustar\u00eda a ellos encontrar en la calle, como les gustar\u00eda que se lo sirvieran en qu\u00e9 entorno\u2026y en marcha&#8230;<\/span><span style=\"color: #000000;\">\u00a0puede ser duro, pero con ilusi\u00f3n y trabajo, todo se consigue.\u00a0<\/span><\/p>\n<\/div>\n<\/div>\n<\/div>\n<\/div>\n<p><span style=\"color: #000000;\"><strong>7) \u00bfAlguna an\u00e9cdota que os haya ocurrido en alg\u00fan evento?<\/strong><\/span><\/p>\n<div class=\"\">\n<div class=\"\" dir=\"ltr\">\n<div class=\"\">\n<p><span style=\"color: #000000;\">Muchas, estando en la calle, te puedes imaginar que muchas&#8230; (tanto buenas como malas&#8230;) pero nos quedamos, con el cari\u00f1o de la gente, con el buen rollo que nos encontramos all\u00e1 a donde vamos, tanto de clientes, como de compa\u00f1eros. De esos clientes fieles, que incluso nos siguen en distintas ferias, que te saludan ya como amigos, m\u00e1s que como clientes es muy enriquecedor y te da fuerzas para seguir y aguantar esas jornadas a veces maratonianas, donde no nos da tiempo a veces ni a parar 5 minutos. Pero merece la pena, sin duda. Con ilusi\u00f3n, el trabajo es llevadero. Por eso quiero aprovechar estas l\u00edneas para agradecer a todos los clientes que nos visitan, que sin ellos, no tendr\u00eda sentido nuestro esfuerzo. Gracias.<\/span><\/p>\n<\/div>\n<\/div>\n<\/div>\n<p>&nbsp;<\/p>\n<p>&nbsp;<\/p>\n<p>&nbsp;<\/p>\n<p>&nbsp;<\/p>\n","protected":false},"excerpt":{"rendered":"<p>Una de las f\u00f3rmulas, que ya hemos visto en alguna ocasi\u00f3n, en lo que se refiere al perfil de emprendedores en el movimiento food truck, es la de aquellos, que&hellip;<\/p>\n","protected":false},"author":1,"featured_media":5719,"comment_status":"open","ping_status":"open","sticky":false,"template":"","format":"standard","meta":{"footnotes":""},"categories":[41,43],"tags":[319,526,320,323],"powerkit_post_featured":[],"yoast_head":"<!-- This site is optimized with the Yoast SEO plugin v24.2 - https:\/\/yoast.com\/wordpress\/plugins\/seo\/ -->\n<title>Madalenas de Colores food truck<\/title>\n<meta name=\"description\" content=\"Madalenasdecolores es el nombre de nuestra Bakery de Gij\u00f3n. Nuestra food truck es el brazo de nuestro negocio, le llamamos Madaleni food truck\" \/>\n<meta name=\"robots\" content=\"index, follow, max-snippet:-1, max-image-preview:large, max-video-preview:-1\" \/>\n<link rel=\"canonical\" href=\"https:\/\/foodtruckya.com\/magazine\/entrevistas-food-trucks\/emprendedores-madalenas-de-colores-food-truck\/\" \/>\n<meta property=\"og:locale\" content=\"es_ES\" \/>\n<meta property=\"og:type\" content=\"article\" \/>\n<meta property=\"og:title\" content=\"Madalenas de Colores food truck\" \/>\n<meta property=\"og:description\" content=\"Madalenasdecolores es el nombre de nuestra Bakery de Gij\u00f3n. Nuestra food truck es el brazo de nuestro negocio, le llamamos Madaleni food truck\" \/>\n<meta property=\"og:url\" content=\"https:\/\/foodtruckya.com\/magazine\/entrevistas-food-trucks\/emprendedores-madalenas-de-colores-food-truck\/\" \/>\n<meta property=\"og:site_name\" content=\"Street Food Magazine\" \/>\n<meta property=\"article:publisher\" content=\"https:\/\/www.facebook.com\/Foodtruckya\/\" \/>\n<meta property=\"article:published_time\" content=\"2015-11-06T13:09:15+00:00\" \/>\n<meta property=\"article:modified_time\" content=\"2019-08-10T08:53:23+00:00\" \/>\n<meta property=\"og:image\" content=\"https:\/\/foodtruckya.com\/magazine\/wp-content\/uploads\/2015\/11\/madalenasdecolorespost2.jpg\" \/>\n\t<meta property=\"og:image:width\" content=\"720\" \/>\n\t<meta property=\"og:image:height\" content=\"477\" \/>\n\t<meta property=\"og:image:type\" content=\"image\/jpeg\" \/>\n<meta name=\"author\" content=\"magazine\" \/>\n<meta name=\"twitter:card\" content=\"summary_large_image\" \/>\n<meta name=\"twitter:creator\" content=\"@Foodtruckya\" \/>\n<meta name=\"twitter:site\" content=\"@Foodtruckya\" \/>\n<meta name=\"twitter:label1\" content=\"Escrito por\" \/>\n\t<meta name=\"twitter:data1\" content=\"magazine\" \/>\n\t<meta name=\"twitter:label2\" content=\"Tiempo de lectura\" \/>\n\t<meta name=\"twitter:data2\" content=\"4 minutos\" \/>\n<script type=\"application\/ld+json\" class=\"yoast-schema-graph\">{\"@context\":\"https:\/\/schema.org\",\"@graph\":[{\"@type\":\"Article\",\"@id\":\"https:\/\/foodtruckya.com\/magazine\/entrevistas-food-trucks\/emprendedores-madalenas-de-colores-food-truck\/#article\",\"isPartOf\":{\"@id\":\"https:\/\/foodtruckya.com\/magazine\/entrevistas-food-trucks\/emprendedores-madalenas-de-colores-food-truck\/\"},\"author\":{\"name\":\"magazine\",\"@id\":\"https:\/\/foodtruckya.com\/magazine\/#\/schema\/person\/f6d3a304172e1e37b9ffd44d22795db9\"},\"headline\":\"Emprendedores: Madalenas de Colores\",\"datePublished\":\"2015-11-06T13:09:15+00:00\",\"dateModified\":\"2019-08-10T08:53:23+00:00\",\"mainEntityOfPage\":{\"@id\":\"https:\/\/foodtruckya.com\/magazine\/entrevistas-food-trucks\/emprendedores-madalenas-de-colores-food-truck\/\"},\"wordCount\":726,\"commentCount\":0,\"publisher\":{\"@id\":\"https:\/\/foodtruckya.com\/magazine\/#organization\"},\"image\":{\"@id\":\"https:\/\/foodtruckya.com\/magazine\/entrevistas-food-trucks\/emprendedores-madalenas-de-colores-food-truck\/#primaryimage\"},\"thumbnailUrl\":\"https:\/\/foodtruckya.com\/magazine\/wp-content\/uploads\/2015\/11\/madalenasdecolorespost2.jpg\",\"keywords\":[\"comida callejera\",\"foodtruckers emprendedores\",\"foodtrucks\",\"street food\"],\"articleSection\":[\"Entrevistas\",\"Entrevistas Espa\u00f1a\"],\"inLanguage\":\"es\",\"potentialAction\":[{\"@type\":\"CommentAction\",\"name\":\"Comment\",\"target\":[\"https:\/\/foodtruckya.com\/magazine\/entrevistas-food-trucks\/emprendedores-madalenas-de-colores-food-truck\/#respond\"]}]},{\"@type\":\"WebPage\",\"@id\":\"https:\/\/foodtruckya.com\/magazine\/entrevistas-food-trucks\/emprendedores-madalenas-de-colores-food-truck\/\",\"url\":\"https:\/\/foodtruckya.com\/magazine\/entrevistas-food-trucks\/emprendedores-madalenas-de-colores-food-truck\/\",\"name\":\"Madalenas de Colores food truck\",\"isPartOf\":{\"@id\":\"https:\/\/foodtruckya.com\/magazine\/#website\"},\"primaryImageOfPage\":{\"@id\":\"https:\/\/foodtruckya.com\/magazine\/entrevistas-food-trucks\/emprendedores-madalenas-de-colores-food-truck\/#primaryimage\"},\"image\":{\"@id\":\"https:\/\/foodtruckya.com\/magazine\/entrevistas-food-trucks\/emprendedores-madalenas-de-colores-food-truck\/#primaryimage\"},\"thumbnailUrl\":\"https:\/\/foodtruckya.com\/magazine\/wp-content\/uploads\/2015\/11\/madalenasdecolorespost2.jpg\",\"datePublished\":\"2015-11-06T13:09:15+00:00\",\"dateModified\":\"2019-08-10T08:53:23+00:00\",\"description\":\"Madalenasdecolores es el nombre de nuestra Bakery de Gij\u00f3n. Nuestra food truck es el brazo de nuestro negocio, le llamamos Madaleni food truck\",\"breadcrumb\":{\"@id\":\"https:\/\/foodtruckya.com\/magazine\/entrevistas-food-trucks\/emprendedores-madalenas-de-colores-food-truck\/#breadcrumb\"},\"inLanguage\":\"es\",\"potentialAction\":[{\"@type\":\"ReadAction\",\"target\":[\"https:\/\/foodtruckya.com\/magazine\/entrevistas-food-trucks\/emprendedores-madalenas-de-colores-food-truck\/\"]}]},{\"@type\":\"ImageObject\",\"inLanguage\":\"es\",\"@id\":\"https:\/\/foodtruckya.com\/magazine\/entrevistas-food-trucks\/emprendedores-madalenas-de-colores-food-truck\/#primaryimage\",\"url\":\"https:\/\/foodtruckya.com\/magazine\/wp-content\/uploads\/2015\/11\/madalenasdecolorespost2.jpg\",\"contentUrl\":\"https:\/\/foodtruckya.com\/magazine\/wp-content\/uploads\/2015\/11\/madalenasdecolorespost2.jpg\",\"width\":720,\"height\":477,\"caption\":\"clientes de Madalenas de colores\"},{\"@type\":\"BreadcrumbList\",\"@id\":\"https:\/\/foodtruckya.com\/magazine\/entrevistas-food-trucks\/emprendedores-madalenas-de-colores-food-truck\/#breadcrumb\",\"itemListElement\":[{\"@type\":\"ListItem\",\"position\":1,\"name\":\"Portada\",\"item\":\"https:\/\/foodtruckya.com\/magazine\/\"},{\"@type\":\"ListItem\",\"position\":2,\"name\":\"Emprendedores: Madalenas de Colores\"}]},{\"@type\":\"WebSite\",\"@id\":\"https:\/\/foodtruckya.com\/magazine\/#website\",\"url\":\"https:\/\/foodtruckya.com\/magazine\/\",\"name\":\"Street Food Magazine\",\"description\":\"Informaci\u00f3n sobre food trucks by Foodtruckya\",\"publisher\":{\"@id\":\"https:\/\/foodtruckya.com\/magazine\/#organization\"},\"potentialAction\":[{\"@type\":\"SearchAction\",\"target\":{\"@type\":\"EntryPoint\",\"urlTemplate\":\"https:\/\/foodtruckya.com\/magazine\/?s={search_term_string}\"},\"query-input\":{\"@type\":\"PropertyValueSpecification\",\"valueRequired\":true,\"valueName\":\"search_term_string\"}}],\"inLanguage\":\"es\"},{\"@type\":\"Organization\",\"@id\":\"https:\/\/foodtruckya.com\/magazine\/#organization\",\"name\":\"Foodtruckya\",\"url\":\"https:\/\/foodtruckya.com\/magazine\/\",\"logo\":{\"@type\":\"ImageObject\",\"inLanguage\":\"es\",\"@id\":\"https:\/\/foodtruckya.com\/magazine\/#\/schema\/logo\/image\/\",\"url\":\"https:\/\/foodtruckya.com\/magazine\/wp-content\/uploads\/2023\/05\/logo.png\",\"contentUrl\":\"https:\/\/foodtruckya.com\/magazine\/wp-content\/uploads\/2023\/05\/logo.png\",\"width\":500,\"height\":133,\"caption\":\"Foodtruckya\"},\"image\":{\"@id\":\"https:\/\/foodtruckya.com\/magazine\/#\/schema\/logo\/image\/\"},\"sameAs\":[\"https:\/\/www.facebook.com\/Foodtruckya\/\",\"https:\/\/x.com\/Foodtruckya\",\"https:\/\/www.instagram.com\/foodtruckya_oficial\/\"]},{\"@type\":\"Person\",\"@id\":\"https:\/\/foodtruckya.com\/magazine\/#\/schema\/person\/f6d3a304172e1e37b9ffd44d22795db9\",\"name\":\"magazine\",\"url\":\"https:\/\/foodtruckya.com\/magazine\/author\/magazine\/\"}]}<\/script>\n<!-- \/ Yoast SEO plugin. -->","yoast_head_json":{"title":"Madalenas de Colores food truck","description":"Madalenasdecolores es el nombre de nuestra Bakery de Gij\u00f3n. Nuestra food truck es el brazo de nuestro negocio, le llamamos Madaleni food truck","robots":{"index":"index","follow":"follow","max-snippet":"max-snippet:-1","max-image-preview":"max-image-preview:large","max-video-preview":"max-video-preview:-1"},"canonical":"https:\/\/foodtruckya.com\/magazine\/entrevistas-food-trucks\/emprendedores-madalenas-de-colores-food-truck\/","og_locale":"es_ES","og_type":"article","og_title":"Madalenas de Colores food truck","og_description":"Madalenasdecolores es el nombre de nuestra Bakery de Gij\u00f3n. Nuestra food truck es el brazo de nuestro negocio, le llamamos Madaleni food truck","og_url":"https:\/\/foodtruckya.com\/magazine\/entrevistas-food-trucks\/emprendedores-madalenas-de-colores-food-truck\/","og_site_name":"Street Food Magazine","article_publisher":"https:\/\/www.facebook.com\/Foodtruckya\/","article_published_time":"2015-11-06T13:09:15+00:00","article_modified_time":"2019-08-10T08:53:23+00:00","og_image":[{"width":720,"height":477,"url":"https:\/\/foodtruckya.com\/magazine\/wp-content\/uploads\/2015\/11\/madalenasdecolorespost2.jpg","type":"image\/jpeg"}],"author":"magazine","twitter_card":"summary_large_image","twitter_creator":"@Foodtruckya","twitter_site":"@Foodtruckya","twitter_misc":{"Escrito por":"magazine","Tiempo de lectura":"4 minutos"},"schema":{"@context":"https:\/\/schema.org","@graph":[{"@type":"Article","@id":"https:\/\/foodtruckya.com\/magazine\/entrevistas-food-trucks\/emprendedores-madalenas-de-colores-food-truck\/#article","isPartOf":{"@id":"https:\/\/foodtruckya.com\/magazine\/entrevistas-food-trucks\/emprendedores-madalenas-de-colores-food-truck\/"},"author":{"name":"magazine","@id":"https:\/\/foodtruckya.com\/magazine\/#\/schema\/person\/f6d3a304172e1e37b9ffd44d22795db9"},"headline":"Emprendedores: Madalenas de Colores","datePublished":"2015-11-06T13:09:15+00:00","dateModified":"2019-08-10T08:53:23+00:00","mainEntityOfPage":{"@id":"https:\/\/foodtruckya.com\/magazine\/entrevistas-food-trucks\/emprendedores-madalenas-de-colores-food-truck\/"},"wordCount":726,"commentCount":0,"publisher":{"@id":"https:\/\/foodtruckya.com\/magazine\/#organization"},"image":{"@id":"https:\/\/foodtruckya.com\/magazine\/entrevistas-food-trucks\/emprendedores-madalenas-de-colores-food-truck\/#primaryimage"},"thumbnailUrl":"https:\/\/foodtruckya.com\/magazine\/wp-content\/uploads\/2015\/11\/madalenasdecolorespost2.jpg","keywords":["comida callejera","foodtruckers emprendedores","foodtrucks","street food"],"articleSection":["Entrevistas","Entrevistas Espa\u00f1a"],"inLanguage":"es","potentialAction":[{"@type":"CommentAction","name":"Comment","target":["https:\/\/foodtruckya.com\/magazine\/entrevistas-food-trucks\/emprendedores-madalenas-de-colores-food-truck\/#respond"]}]},{"@type":"WebPage","@id":"https:\/\/foodtruckya.com\/magazine\/entrevistas-food-trucks\/emprendedores-madalenas-de-colores-food-truck\/","url":"https:\/\/foodtruckya.com\/magazine\/entrevistas-food-trucks\/emprendedores-madalenas-de-colores-food-truck\/","name":"Madalenas de Colores food truck","isPartOf":{"@id":"https:\/\/foodtruckya.com\/magazine\/#website"},"primaryImageOfPage":{"@id":"https:\/\/foodtruckya.com\/magazine\/entrevistas-food-trucks\/emprendedores-madalenas-de-colores-food-truck\/#primaryimage"},"image":{"@id":"https:\/\/foodtruckya.com\/magazine\/entrevistas-food-trucks\/emprendedores-madalenas-de-colores-food-truck\/#primaryimage"},"thumbnailUrl":"https:\/\/foodtruckya.com\/magazine\/wp-content\/uploads\/2015\/11\/madalenasdecolorespost2.jpg","datePublished":"2015-11-06T13:09:15+00:00","dateModified":"2019-08-10T08:53:23+00:00","description":"Madalenasdecolores es el nombre de nuestra Bakery de Gij\u00f3n. Nuestra food truck es el brazo de nuestro negocio, le llamamos Madaleni food truck","breadcrumb":{"@id":"https:\/\/foodtruckya.com\/magazine\/entrevistas-food-trucks\/emprendedores-madalenas-de-colores-food-truck\/#breadcrumb"},"inLanguage":"es","potentialAction":[{"@type":"ReadAction","target":["https:\/\/foodtruckya.com\/magazine\/entrevistas-food-trucks\/emprendedores-madalenas-de-colores-food-truck\/"]}]},{"@type":"ImageObject","inLanguage":"es","@id":"https:\/\/foodtruckya.com\/magazine\/entrevistas-food-trucks\/emprendedores-madalenas-de-colores-food-truck\/#primaryimage","url":"https:\/\/foodtruckya.com\/magazine\/wp-content\/uploads\/2015\/11\/madalenasdecolorespost2.jpg","contentUrl":"https:\/\/foodtruckya.com\/magazine\/wp-content\/uploads\/2015\/11\/madalenasdecolorespost2.jpg","width":720,"height":477,"caption":"clientes de Madalenas de colores"},{"@type":"BreadcrumbList","@id":"https:\/\/foodtruckya.com\/magazine\/entrevistas-food-trucks\/emprendedores-madalenas-de-colores-food-truck\/#breadcrumb","itemListElement":[{"@type":"ListItem","position":1,"name":"Portada","item":"https:\/\/foodtruckya.com\/magazine\/"},{"@type":"ListItem","position":2,"name":"Emprendedores: Madalenas de Colores"}]},{"@type":"WebSite","@id":"https:\/\/foodtruckya.com\/magazine\/#website","url":"https:\/\/foodtruckya.com\/magazine\/","name":"Street Food Magazine","description":"Informaci\u00f3n sobre food trucks by Foodtruckya","publisher":{"@id":"https:\/\/foodtruckya.com\/magazine\/#organization"},"potentialAction":[{"@type":"SearchAction","target":{"@type":"EntryPoint","urlTemplate":"https:\/\/foodtruckya.com\/magazine\/?s={search_term_string}"},"query-input":{"@type":"PropertyValueSpecification","valueRequired":true,"valueName":"search_term_string"}}],"inLanguage":"es"},{"@type":"Organization","@id":"https:\/\/foodtruckya.com\/magazine\/#organization","name":"Foodtruckya","url":"https:\/\/foodtruckya.com\/magazine\/","logo":{"@type":"ImageObject","inLanguage":"es","@id":"https:\/\/foodtruckya.com\/magazine\/#\/schema\/logo\/image\/","url":"https:\/\/foodtruckya.com\/magazine\/wp-content\/uploads\/2023\/05\/logo.png","contentUrl":"https:\/\/foodtruckya.com\/magazine\/wp-content\/uploads\/2023\/05\/logo.png","width":500,"height":133,"caption":"Foodtruckya"},"image":{"@id":"https:\/\/foodtruckya.com\/magazine\/#\/schema\/logo\/image\/"},"sameAs":["https:\/\/www.facebook.com\/Foodtruckya\/","https:\/\/x.com\/Foodtruckya","https:\/\/www.instagram.com\/foodtruckya_oficial\/"]},{"@type":"Person","@id":"https:\/\/foodtruckya.com\/magazine\/#\/schema\/person\/f6d3a304172e1e37b9ffd44d22795db9","name":"magazine","url":"https:\/\/foodtruckya.com\/magazine\/author\/magazine\/"}]}},"_links":{"self":[{"href":"https:\/\/foodtruckya.com\/magazine\/wp-json\/wp\/v2\/posts\/1849"}],"collection":[{"href":"https:\/\/foodtruckya.com\/magazine\/wp-json\/wp\/v2\/posts"}],"about":[{"href":"https:\/\/foodtruckya.com\/magazine\/wp-json\/wp\/v2\/types\/post"}],"author":[{"embeddable":true,"href":"https:\/\/foodtruckya.com\/magazine\/wp-json\/wp\/v2\/users\/1"}],"replies":[{"embeddable":true,"href":"https:\/\/foodtruckya.com\/magazine\/wp-json\/wp\/v2\/comments?post=1849"}],"version-history":[{"count":2,"href":"https:\/\/foodtruckya.com\/magazine\/wp-json\/wp\/v2\/posts\/1849\/revisions"}],"predecessor-version":[{"id":5723,"href":"https:\/\/foodtruckya.com\/magazine\/wp-json\/wp\/v2\/posts\/1849\/revisions\/5723"}],"wp:featuredmedia":[{"embeddable":true,"href":"https:\/\/foodtruckya.com\/magazine\/wp-json\/wp\/v2\/media\/5719"}],"wp:attachment":[{"href":"https:\/\/foodtruckya.com\/magazine\/wp-json\/wp\/v2\/media?parent=1849"}],"wp:term":[{"taxonomy":"category","embeddable":true,"href":"https:\/\/foodtruckya.com\/magazine\/wp-json\/wp\/v2\/categories?post=1849"},{"taxonomy":"post_tag","embeddable":true,"href":"https:\/\/foodtruckya.com\/magazine\/wp-json\/wp\/v2\/tags?post=1849"},{"taxonomy":"powerkit_post_featured","embeddable":true,"href":"https:\/\/foodtruckya.com\/magazine\/wp-json\/wp\/v2\/powerkit_post_featured?post=1849"}],"curies":[{"name":"wp","href":"https:\/\/api.w.org\/{rel}","templated":true}]}}