{"id":1872,"date":"2015-11-18T11:05:43","date_gmt":"2015-11-18T10:05:43","guid":{"rendered":"http:\/\/foodtruckya.com\/blog\/?p=1872"},"modified":"2019-08-09T13:44:16","modified_gmt":"2019-08-09T11:44:16","slug":"emprendedores-el-talleret-de-creps-food-truck","status":"publish","type":"post","link":"https:\/\/foodtruckya.com\/magazine\/entrevistas-food-trucks\/emprendedores-el-talleret-de-creps-food-truck\/","title":{"rendered":"Emprendedores: El Talleret de Creps"},"content":{"rendered":"<p class=\"ecxMsoNormal\">\n<p class=\"ecxMsoNormal\"><span style=\"color: #000000;\"><img  loading=\"lazy\"  decoding=\"async\"  class=\"aligncenter size-full wp-image-5417 pk-lazyload\"  src=\"data:image\/png;base64,iVBORw0KGgoAAAANSUhEUgAAAoAAAAHgAQMAAAAPH06nAAAAA1BMVEUAAP+KeNJXAAAAAXRSTlMAQObYZgAAAD1JREFUeNrtwQENAAAAwqD3T20ON6AAAAAAAAAAAAAAAAAAAAAAAAAAAAAAAAAAAAAAAAAAAAAAAAAA4M8Al+AAAUvMG0oAAAAASUVORK5CYII=\"  alt=\"los due\u00f1os de talleret de creps foodtrucker food truck\"  width=\"640\"  height=\"480\"  data-pk-sizes=\"auto\"  data-ls-sizes=\"(max-width: 640px) 100vw, 640px\"  data-pk-src=\"https:\/\/foodtruckya.com\/magazine\/wp-content\/uploads\/2015\/11\/talleret4.jpeg\"  data-pk-srcset=\"https:\/\/foodtruckya.com\/magazine\/wp-content\/uploads\/2015\/11\/talleret4.jpeg 640w, https:\/\/foodtruckya.com\/magazine\/wp-content\/uploads\/2015\/11\/talleret4-320x240.jpeg 320w, https:\/\/foodtruckya.com\/magazine\/wp-content\/uploads\/2015\/11\/talleret4-300x225.jpeg 300w, https:\/\/foodtruckya.com\/magazine\/wp-content\/uploads\/2015\/11\/talleret4-560x420.jpeg 560w, https:\/\/foodtruckya.com\/magazine\/wp-content\/uploads\/2015\/11\/talleret4-600x450.jpeg 600w\" >La uni\u00f3n de 2 aficiones como son la creatividad y la gastronom\u00eda, dieron base y sentido al proyecto. Si adem\u00e1s le a\u00f1adimos, productos de calidad y la pasi\u00f3n que transmiten por su trabajo, tenemos como resultado <\/span><strong><a href=\"http:\/\/www.foodtruckya.com\/foodtrucks\/323\/El%20Talleret%20de%20Creps\" target=\"_blank\" rel=\"noopener noreferrer\">El Talleret de Creps<\/a><\/strong>.<\/p>\n\n<h4 id=\"como-os-adentrasteis-en-el-movimiento-street-food\" class=\"ecxMsoNormal\"><span style=\"color: #000000;\"><strong><span class=\"\" lang=\"ES\">\u00bfC\u00f3mo os adentrasteis en el movimiento Street Food?\u00a0<\/span><\/strong><\/span><\/h4>\n<p class=\"ecxMsoNormal\"><span style=\"color: #000000;\">Hace ya m\u00e1s de 10 a\u00f1os que nos embarcamos en el fascinante mundo de la gastronom\u00eda callejera con la idea de ofrecer comida r\u00e1pida, asequible y de buena calidad<\/span><\/p>\n<p class=\"ecxMsoNormal\"><span style=\"color: #000000;\"><img  loading=\"lazy\"  decoding=\"async\"  class=\"aligncenter size-full wp-image-5416 pk-lazyload\"  src=\"data:image\/png;base64,iVBORw0KGgoAAAANSUhEUgAAAoAAAAGqAQMAAACh3GetAAAAA1BMVEUAAP+KeNJXAAAAAXRSTlMAQObYZgAAADhJREFUeNrtwQENAAAAwqD3T20ON6AAAAAAAAAAAAAAAAAAAAAAAAAAAAAAAAAAAAAAAAAAAAD4NobKAAFhB0TLAAAAAElFTkSuQmCC\"  alt=\"interior de talleret de creps food trucks\"  width=\"640\"  height=\"426\"  data-pk-sizes=\"auto\"  data-ls-sizes=\"(max-width: 640px) 100vw, 640px\"  data-pk-src=\"https:\/\/foodtruckya.com\/magazine\/wp-content\/uploads\/2015\/11\/talleret.jpeg\"  data-pk-srcset=\"https:\/\/foodtruckya.com\/magazine\/wp-content\/uploads\/2015\/11\/talleret.jpeg 640w, https:\/\/foodtruckya.com\/magazine\/wp-content\/uploads\/2015\/11\/talleret-320x213.jpeg 320w, https:\/\/foodtruckya.com\/magazine\/wp-content\/uploads\/2015\/11\/talleret-560x373.jpeg 560w\" ><\/span><\/p>\n<h4 id=\"de-donde-viene-el-nombre-de-vuestro-food-truck\" class=\"ecxMsoNormal\"><span style=\"color: #000000;\"><strong><span class=\"\" lang=\"ES\">\u00bfDe d\u00f3nde viene el nombre de vuestro food truck?<\/span><\/strong><\/span><\/h4>\n<p class=\"ecxMsoNormal\"><span style=\"color: #000000;\">Es la fusi\u00f3n de mis dos grandes pasiones, la creatividad y la cocina<\/span><\/p>\n<h4 id=\"cual-es-vuestro-plato-estrella\" class=\"ecxMsoNormal\"><span style=\"color: #000000;\"><strong><span class=\"\" lang=\"ES\">\u00bfCu\u00e1l es vuestro plato estrella?<\/span><\/strong><\/span><\/h4>\n<p class=\"ecxMsoNormal\"><span style=\"color: #000000;\">Tenemos tanta variedad que se hace dif\u00edcil elegir un solo plato estrella pero a destacar la crep de pulpo de Llan\u00e7\u00e0 con queso, patatas chips y piment\u00f3n de la Vera; la de los tres cerditos; la de queso brie con confitura de\u00a0tomate del huerto y almendra tostada y el cl\u00e1sico bocadillo de bacon, queso y cebolla confitada en versi\u00f3n crep, sin olvidarnos, entre otras, de las adictivas dulces de chocolate negro, blanco y con leche,\u00a0todas ellas elaboradas con productos caseros y de proximidad.<\/span><\/p>\n<p class=\"ecxMsoNormal\"><span style=\"color: #000000;\"><img  loading=\"lazy\"  decoding=\"async\"  class=\"aligncenter size-full wp-image-5415 pk-lazyload\"  src=\"data:image\/png;base64,iVBORw0KGgoAAAANSUhEUgAAAoAAAAGqAQMAAACh3GetAAAAA1BMVEUAAP+KeNJXAAAAAXRSTlMAQObYZgAAADhJREFUeNrtwQENAAAAwqD3T20ON6AAAAAAAAAAAAAAAAAAAAAAAAAAAAAAAAAAAAAAAAAAAAD4NobKAAFhB0TLAAAAAElFTkSuQmCC\"  alt=\"carta del talleret de creps gastroneta\"  width=\"640\"  height=\"426\"  data-pk-sizes=\"auto\"  data-ls-sizes=\"(max-width: 640px) 100vw, 640px\"  data-pk-src=\"https:\/\/foodtruckya.com\/magazine\/wp-content\/uploads\/2015\/11\/talleret2.jpeg\"  data-pk-srcset=\"https:\/\/foodtruckya.com\/magazine\/wp-content\/uploads\/2015\/11\/talleret2.jpeg 640w, https:\/\/foodtruckya.com\/magazine\/wp-content\/uploads\/2015\/11\/talleret2-320x213.jpeg 320w, https:\/\/foodtruckya.com\/magazine\/wp-content\/uploads\/2015\/11\/talleret2-560x373.jpeg 560w\" ><\/span><\/p>\n<h4 id=\"que-os-hace-un-food-truck-unico-por-que-deben-visitaros\" class=\"ecxMsoNormal\"><span style=\"color: #000000;\"><strong><span class=\"\" lang=\"ES\">\u00bfQu\u00e9 os hace un food truck \u00fanico? \u00bfPor qu\u00e9 deben visitaros?<\/span><\/strong><\/span><\/h4>\n<p class=\"ecxMsoNormal\"><span style=\"color: #000000;\">\u00danico es un tanto atrevido decirlo pero la calidad del producto que ofrecemos, la variedad de la extensa carta, el cari\u00f1o con el que las elaboramos y el buen trato con los clientes-amig@s es sin duda lo que m\u00e1s nos\u00a0caracteriza, me siento muy afortunada ya que me apasiona mi trabajo y sin duda me gusta transmitirlo.<\/span><\/p>\n<h4 id=\"como-te-imaginas-el-mundo-del-street-food-en-5-anos\" class=\"ecxMsoNormal\"><span style=\"color: #000000;\"><strong><span class=\"\" lang=\"ES\">\u00a0\u00bfC\u00f3mo te imaginas el mundo del Street Food en 5 a\u00f1os?<\/span><\/strong><\/span><\/h4>\n<p class=\"ecxMsoNormal\"><span style=\"color: #000000;\">Imagino que m\u00e1s regulado y m\u00e1s valorado siempre que prime la calidad y la originalidad de las propuestas gastron\u00f3micas<\/span><\/p>\n<h4 id=\"tres-consejos-para-futuros-emprendedores-de-food-trucks\" class=\"ecxMsoNormal\"><span style=\"color: #000000;\"><strong><span class=\"\" lang=\"ES\">Tres consejos para futuros emprendedores de food trucks<\/span><\/strong><\/span><\/h4>\n<p class=\"ecxMsoNormal\"><span style=\"color: #000000;\">Perseverancia, calidad y originalidad<\/span><\/p>\n<p><span style=\"color: #000000;\"><img  loading=\"lazy\"  decoding=\"async\"  class=\"aligncenter size-full wp-image-5414 pk-lazyload\"  src=\"data:image\/png;base64,iVBORw0KGgoAAAANSUhEUgAAAoAAAAHgAQMAAAAPH06nAAAAA1BMVEUAAP+KeNJXAAAAAXRSTlMAQObYZgAAAD1JREFUeNrtwQENAAAAwqD3T20ON6AAAAAAAAAAAAAAAAAAAAAAAAAAAAAAAAAAAAAAAAAAAAAAAAAA4M8Al+AAAUvMG0oAAAAASUVORK5CYII=\"  alt=\"atendiendo a los clientes en talleret de creps\"  width=\"640\"  height=\"480\"  data-pk-sizes=\"auto\"  data-ls-sizes=\"(max-width: 640px) 100vw, 640px\"  data-pk-src=\"https:\/\/foodtruckya.com\/magazine\/wp-content\/uploads\/2015\/11\/talleret3.jpeg\"  data-pk-srcset=\"https:\/\/foodtruckya.com\/magazine\/wp-content\/uploads\/2015\/11\/talleret3.jpeg 640w, https:\/\/foodtruckya.com\/magazine\/wp-content\/uploads\/2015\/11\/talleret3-320x240.jpeg 320w, https:\/\/foodtruckya.com\/magazine\/wp-content\/uploads\/2015\/11\/talleret3-300x225.jpeg 300w, https:\/\/foodtruckya.com\/magazine\/wp-content\/uploads\/2015\/11\/talleret3-560x420.jpeg 560w, https:\/\/foodtruckya.com\/magazine\/wp-content\/uploads\/2015\/11\/talleret3-600x450.jpeg 600w\" ><\/span><\/p>\n<h4 id=\"alguna-anecdota-que-os-haya-ocurrido-en-algun-evento\" class=\"ecxMsoNormal\"><span style=\"color: #000000;\"><strong><span class=\"\" lang=\"ES\">\u00bfAlguna an\u00e9cdota que os haya ocurrido en alg\u00fan evento?<\/span><\/strong><\/span><\/h4>\n<p class=\"ecxMsoNormal\"><span style=\"color: #000000;\">Lejos de casa, con todo a punto para dar comienzo al evento, darnos cuenta de haber olvidado el utensilio m\u00e1s imprescindible y necesario para hacer crepes, la esp\u00e1tula. A partir de ese d\u00eda en el coche siempre llevamos, el kit de supervivencia.<\/span><\/p>\n<p>Visita la ficha del food truck <strong><a href=\"http:\/\/www.foodtruckya.com\/foodtrucks\/323\/El%20Talleret%20de%20Creps\" target=\"_blank\" rel=\"noopener noreferrer\">El Talleret de Creps<\/a><\/strong> en\u00a0<a href=\"http:\/\/www.foodtruckya.com\/\"><strong>Foodtruckya.com\u00a0<\/strong><\/a>el buscador de food trucks.<\/p>\n<p style=\"text-align: center;\"><strong><a href=\"http:\/\/www.foodtruckya.com\/foodtrucks\/tipo_contrato\">Date de alta como Food Truck<\/a> &#8211; <a href=\"http:\/\/www.foodtruckya.com\/reservar\/catering\">Haz tu reserva para pr\u00f3ximo evento aqu\u00ed <\/a>&#8211; <a href=\"http:\/\/www.foodtruckya.com\/cl\/emprendedores\/proveedores\/tipo_contrato\">Vende tus productos\/servicios<\/a><\/strong><\/p>\n<p>&nbsp;<\/p>\n","protected":false},"excerpt":{"rendered":"<p>La uni\u00f3n de 2 aficiones como son la creatividad y la gastronom\u00eda, dieron base y sentido al proyecto. Si adem\u00e1s le a\u00f1adimos, productos de calidad y la pasi\u00f3n que transmiten&hellip;<\/p>\n","protected":false},"author":1,"featured_media":5414,"comment_status":"open","ping_status":"open","sticky":false,"template":"","format":"standard","meta":{"footnotes":""},"categories":[41,43],"tags":[485,484,470,483],"powerkit_post_featured":[],"yoast_head":"<!-- This site is optimized with the Yoast SEO plugin v24.2 - https:\/\/yoast.com\/wordpress\/plugins\/seo\/ -->\n<title>EMPRENDEDORES EL TALLERET DE CREPS FOOD TRUCK<\/title>\n<meta name=\"description\" content=\"La uni\u00f3n de 2 aficiones como son la creatividad y la gastronom\u00eda, dieron como resultado el food truck El Talleret de Creps. comida r\u00e1pida, asequible calidad\" \/>\n<meta name=\"robots\" content=\"index, follow, max-snippet:-1, max-image-preview:large, max-video-preview:-1\" \/>\n<link rel=\"canonical\" href=\"https:\/\/foodtruckya.com\/magazine\/entrevistas-food-trucks\/emprendedores-el-talleret-de-creps-food-truck\/\" \/>\n<meta property=\"og:locale\" content=\"es_ES\" \/>\n<meta property=\"og:type\" content=\"article\" \/>\n<meta property=\"og:title\" content=\"EMPRENDEDORES EL TALLERET DE CREPS FOOD TRUCK\" \/>\n<meta property=\"og:description\" content=\"La uni\u00f3n de 2 aficiones como son la creatividad y la gastronom\u00eda, dieron como resultado el food truck El Talleret de Creps. comida r\u00e1pida, asequible calidad\" \/>\n<meta property=\"og:url\" content=\"https:\/\/foodtruckya.com\/magazine\/entrevistas-food-trucks\/emprendedores-el-talleret-de-creps-food-truck\/\" \/>\n<meta property=\"og:site_name\" content=\"Street Food Magazine\" \/>\n<meta property=\"article:publisher\" content=\"https:\/\/www.facebook.com\/Foodtruckya\/\" \/>\n<meta property=\"article:published_time\" content=\"2015-11-18T10:05:43+00:00\" \/>\n<meta property=\"article:modified_time\" content=\"2019-08-09T11:44:16+00:00\" \/>\n<meta property=\"og:image\" content=\"https:\/\/foodtruckya.com\/magazine\/wp-content\/uploads\/2015\/11\/talleret3.jpeg\" \/>\n\t<meta property=\"og:image:width\" content=\"640\" \/>\n\t<meta property=\"og:image:height\" content=\"480\" \/>\n\t<meta property=\"og:image:type\" content=\"image\/jpeg\" \/>\n<meta name=\"author\" content=\"magazine\" \/>\n<meta name=\"twitter:card\" content=\"summary_large_image\" \/>\n<meta name=\"twitter:creator\" content=\"@Foodtruckya\" \/>\n<meta name=\"twitter:site\" content=\"@Foodtruckya\" \/>\n<meta name=\"twitter:label1\" content=\"Escrito por\" \/>\n\t<meta name=\"twitter:data1\" content=\"magazine\" \/>\n\t<meta name=\"twitter:label2\" content=\"Tiempo de lectura\" \/>\n\t<meta name=\"twitter:data2\" content=\"2 minutos\" \/>\n<script type=\"application\/ld+json\" class=\"yoast-schema-graph\">{\"@context\":\"https:\/\/schema.org\",\"@graph\":[{\"@type\":\"Article\",\"@id\":\"https:\/\/foodtruckya.com\/magazine\/entrevistas-food-trucks\/emprendedores-el-talleret-de-creps-food-truck\/#article\",\"isPartOf\":{\"@id\":\"https:\/\/foodtruckya.com\/magazine\/entrevistas-food-trucks\/emprendedores-el-talleret-de-creps-food-truck\/\"},\"author\":{\"name\":\"magazine\",\"@id\":\"https:\/\/foodtruckya.com\/magazine\/#\/schema\/person\/f6d3a304172e1e37b9ffd44d22795db9\"},\"headline\":\"Emprendedores: El Talleret de Creps\",\"datePublished\":\"2015-11-18T10:05:43+00:00\",\"dateModified\":\"2019-08-09T11:44:16+00:00\",\"mainEntityOfPage\":{\"@id\":\"https:\/\/foodtruckya.com\/magazine\/entrevistas-food-trucks\/emprendedores-el-talleret-de-creps-food-truck\/\"},\"wordCount\":424,\"commentCount\":0,\"publisher\":{\"@id\":\"https:\/\/foodtruckya.com\/magazine\/#organization\"},\"image\":{\"@id\":\"https:\/\/foodtruckya.com\/magazine\/entrevistas-food-trucks\/emprendedores-el-talleret-de-creps-food-truck\/#primaryimage\"},\"thumbnailUrl\":\"https:\/\/foodtruckya.com\/magazine\/wp-content\/uploads\/2015\/11\/talleret3.jpeg\",\"keywords\":[\"crepes\",\"creps\",\"foodtrucker\",\"Talleret de creps\"],\"articleSection\":[\"Entrevistas\",\"Entrevistas Espa\u00f1a\"],\"inLanguage\":\"es\",\"potentialAction\":[{\"@type\":\"CommentAction\",\"name\":\"Comment\",\"target\":[\"https:\/\/foodtruckya.com\/magazine\/entrevistas-food-trucks\/emprendedores-el-talleret-de-creps-food-truck\/#respond\"]}]},{\"@type\":\"WebPage\",\"@id\":\"https:\/\/foodtruckya.com\/magazine\/entrevistas-food-trucks\/emprendedores-el-talleret-de-creps-food-truck\/\",\"url\":\"https:\/\/foodtruckya.com\/magazine\/entrevistas-food-trucks\/emprendedores-el-talleret-de-creps-food-truck\/\",\"name\":\"EMPRENDEDORES EL TALLERET DE CREPS FOOD TRUCK\",\"isPartOf\":{\"@id\":\"https:\/\/foodtruckya.com\/magazine\/#website\"},\"primaryImageOfPage\":{\"@id\":\"https:\/\/foodtruckya.com\/magazine\/entrevistas-food-trucks\/emprendedores-el-talleret-de-creps-food-truck\/#primaryimage\"},\"image\":{\"@id\":\"https:\/\/foodtruckya.com\/magazine\/entrevistas-food-trucks\/emprendedores-el-talleret-de-creps-food-truck\/#primaryimage\"},\"thumbnailUrl\":\"https:\/\/foodtruckya.com\/magazine\/wp-content\/uploads\/2015\/11\/talleret3.jpeg\",\"datePublished\":\"2015-11-18T10:05:43+00:00\",\"dateModified\":\"2019-08-09T11:44:16+00:00\",\"description\":\"La uni\u00f3n de 2 aficiones como son la creatividad y la gastronom\u00eda, dieron como resultado el food truck El Talleret de Creps. comida r\u00e1pida, asequible calidad\",\"breadcrumb\":{\"@id\":\"https:\/\/foodtruckya.com\/magazine\/entrevistas-food-trucks\/emprendedores-el-talleret-de-creps-food-truck\/#breadcrumb\"},\"inLanguage\":\"es\",\"potentialAction\":[{\"@type\":\"ReadAction\",\"target\":[\"https:\/\/foodtruckya.com\/magazine\/entrevistas-food-trucks\/emprendedores-el-talleret-de-creps-food-truck\/\"]}]},{\"@type\":\"ImageObject\",\"inLanguage\":\"es\",\"@id\":\"https:\/\/foodtruckya.com\/magazine\/entrevistas-food-trucks\/emprendedores-el-talleret-de-creps-food-truck\/#primaryimage\",\"url\":\"https:\/\/foodtruckya.com\/magazine\/wp-content\/uploads\/2015\/11\/talleret3.jpeg\",\"contentUrl\":\"https:\/\/foodtruckya.com\/magazine\/wp-content\/uploads\/2015\/11\/talleret3.jpeg\",\"width\":640,\"height\":480,\"caption\":\"atendiendo a los clientes en talleret de creps\"},{\"@type\":\"BreadcrumbList\",\"@id\":\"https:\/\/foodtruckya.com\/magazine\/entrevistas-food-trucks\/emprendedores-el-talleret-de-creps-food-truck\/#breadcrumb\",\"itemListElement\":[{\"@type\":\"ListItem\",\"position\":1,\"name\":\"Portada\",\"item\":\"https:\/\/foodtruckya.com\/magazine\/\"},{\"@type\":\"ListItem\",\"position\":2,\"name\":\"Emprendedores: El Talleret de Creps\"}]},{\"@type\":\"WebSite\",\"@id\":\"https:\/\/foodtruckya.com\/magazine\/#website\",\"url\":\"https:\/\/foodtruckya.com\/magazine\/\",\"name\":\"Street Food Magazine\",\"description\":\"Informaci\u00f3n sobre food trucks by Foodtruckya\",\"publisher\":{\"@id\":\"https:\/\/foodtruckya.com\/magazine\/#organization\"},\"potentialAction\":[{\"@type\":\"SearchAction\",\"target\":{\"@type\":\"EntryPoint\",\"urlTemplate\":\"https:\/\/foodtruckya.com\/magazine\/?s={search_term_string}\"},\"query-input\":{\"@type\":\"PropertyValueSpecification\",\"valueRequired\":true,\"valueName\":\"search_term_string\"}}],\"inLanguage\":\"es\"},{\"@type\":\"Organization\",\"@id\":\"https:\/\/foodtruckya.com\/magazine\/#organization\",\"name\":\"Foodtruckya\",\"url\":\"https:\/\/foodtruckya.com\/magazine\/\",\"logo\":{\"@type\":\"ImageObject\",\"inLanguage\":\"es\",\"@id\":\"https:\/\/foodtruckya.com\/magazine\/#\/schema\/logo\/image\/\",\"url\":\"https:\/\/foodtruckya.com\/magazine\/wp-content\/uploads\/2023\/05\/logo.png\",\"contentUrl\":\"https:\/\/foodtruckya.com\/magazine\/wp-content\/uploads\/2023\/05\/logo.png\",\"width\":500,\"height\":133,\"caption\":\"Foodtruckya\"},\"image\":{\"@id\":\"https:\/\/foodtruckya.com\/magazine\/#\/schema\/logo\/image\/\"},\"sameAs\":[\"https:\/\/www.facebook.com\/Foodtruckya\/\",\"https:\/\/x.com\/Foodtruckya\",\"https:\/\/www.instagram.com\/foodtruckya_oficial\/\"]},{\"@type\":\"Person\",\"@id\":\"https:\/\/foodtruckya.com\/magazine\/#\/schema\/person\/f6d3a304172e1e37b9ffd44d22795db9\",\"name\":\"magazine\",\"url\":\"https:\/\/foodtruckya.com\/magazine\/author\/magazine\/\"}]}<\/script>\n<!-- \/ Yoast SEO plugin. -->","yoast_head_json":{"title":"EMPRENDEDORES EL TALLERET DE CREPS FOOD TRUCK","description":"La uni\u00f3n de 2 aficiones como son la creatividad y la gastronom\u00eda, dieron como resultado el food truck El Talleret de Creps. comida r\u00e1pida, asequible calidad","robots":{"index":"index","follow":"follow","max-snippet":"max-snippet:-1","max-image-preview":"max-image-preview:large","max-video-preview":"max-video-preview:-1"},"canonical":"https:\/\/foodtruckya.com\/magazine\/entrevistas-food-trucks\/emprendedores-el-talleret-de-creps-food-truck\/","og_locale":"es_ES","og_type":"article","og_title":"EMPRENDEDORES EL TALLERET DE CREPS FOOD TRUCK","og_description":"La uni\u00f3n de 2 aficiones como son la creatividad y la gastronom\u00eda, dieron como resultado el food truck El Talleret de Creps. comida r\u00e1pida, asequible calidad","og_url":"https:\/\/foodtruckya.com\/magazine\/entrevistas-food-trucks\/emprendedores-el-talleret-de-creps-food-truck\/","og_site_name":"Street Food Magazine","article_publisher":"https:\/\/www.facebook.com\/Foodtruckya\/","article_published_time":"2015-11-18T10:05:43+00:00","article_modified_time":"2019-08-09T11:44:16+00:00","og_image":[{"width":640,"height":480,"url":"https:\/\/foodtruckya.com\/magazine\/wp-content\/uploads\/2015\/11\/talleret3.jpeg","type":"image\/jpeg"}],"author":"magazine","twitter_card":"summary_large_image","twitter_creator":"@Foodtruckya","twitter_site":"@Foodtruckya","twitter_misc":{"Escrito por":"magazine","Tiempo de lectura":"2 minutos"},"schema":{"@context":"https:\/\/schema.org","@graph":[{"@type":"Article","@id":"https:\/\/foodtruckya.com\/magazine\/entrevistas-food-trucks\/emprendedores-el-talleret-de-creps-food-truck\/#article","isPartOf":{"@id":"https:\/\/foodtruckya.com\/magazine\/entrevistas-food-trucks\/emprendedores-el-talleret-de-creps-food-truck\/"},"author":{"name":"magazine","@id":"https:\/\/foodtruckya.com\/magazine\/#\/schema\/person\/f6d3a304172e1e37b9ffd44d22795db9"},"headline":"Emprendedores: El Talleret de Creps","datePublished":"2015-11-18T10:05:43+00:00","dateModified":"2019-08-09T11:44:16+00:00","mainEntityOfPage":{"@id":"https:\/\/foodtruckya.com\/magazine\/entrevistas-food-trucks\/emprendedores-el-talleret-de-creps-food-truck\/"},"wordCount":424,"commentCount":0,"publisher":{"@id":"https:\/\/foodtruckya.com\/magazine\/#organization"},"image":{"@id":"https:\/\/foodtruckya.com\/magazine\/entrevistas-food-trucks\/emprendedores-el-talleret-de-creps-food-truck\/#primaryimage"},"thumbnailUrl":"https:\/\/foodtruckya.com\/magazine\/wp-content\/uploads\/2015\/11\/talleret3.jpeg","keywords":["crepes","creps","foodtrucker","Talleret de creps"],"articleSection":["Entrevistas","Entrevistas Espa\u00f1a"],"inLanguage":"es","potentialAction":[{"@type":"CommentAction","name":"Comment","target":["https:\/\/foodtruckya.com\/magazine\/entrevistas-food-trucks\/emprendedores-el-talleret-de-creps-food-truck\/#respond"]}]},{"@type":"WebPage","@id":"https:\/\/foodtruckya.com\/magazine\/entrevistas-food-trucks\/emprendedores-el-talleret-de-creps-food-truck\/","url":"https:\/\/foodtruckya.com\/magazine\/entrevistas-food-trucks\/emprendedores-el-talleret-de-creps-food-truck\/","name":"EMPRENDEDORES EL TALLERET DE CREPS FOOD TRUCK","isPartOf":{"@id":"https:\/\/foodtruckya.com\/magazine\/#website"},"primaryImageOfPage":{"@id":"https:\/\/foodtruckya.com\/magazine\/entrevistas-food-trucks\/emprendedores-el-talleret-de-creps-food-truck\/#primaryimage"},"image":{"@id":"https:\/\/foodtruckya.com\/magazine\/entrevistas-food-trucks\/emprendedores-el-talleret-de-creps-food-truck\/#primaryimage"},"thumbnailUrl":"https:\/\/foodtruckya.com\/magazine\/wp-content\/uploads\/2015\/11\/talleret3.jpeg","datePublished":"2015-11-18T10:05:43+00:00","dateModified":"2019-08-09T11:44:16+00:00","description":"La uni\u00f3n de 2 aficiones como son la creatividad y la gastronom\u00eda, dieron como resultado el food truck El Talleret de Creps. comida r\u00e1pida, asequible calidad","breadcrumb":{"@id":"https:\/\/foodtruckya.com\/magazine\/entrevistas-food-trucks\/emprendedores-el-talleret-de-creps-food-truck\/#breadcrumb"},"inLanguage":"es","potentialAction":[{"@type":"ReadAction","target":["https:\/\/foodtruckya.com\/magazine\/entrevistas-food-trucks\/emprendedores-el-talleret-de-creps-food-truck\/"]}]},{"@type":"ImageObject","inLanguage":"es","@id":"https:\/\/foodtruckya.com\/magazine\/entrevistas-food-trucks\/emprendedores-el-talleret-de-creps-food-truck\/#primaryimage","url":"https:\/\/foodtruckya.com\/magazine\/wp-content\/uploads\/2015\/11\/talleret3.jpeg","contentUrl":"https:\/\/foodtruckya.com\/magazine\/wp-content\/uploads\/2015\/11\/talleret3.jpeg","width":640,"height":480,"caption":"atendiendo a los clientes en talleret de creps"},{"@type":"BreadcrumbList","@id":"https:\/\/foodtruckya.com\/magazine\/entrevistas-food-trucks\/emprendedores-el-talleret-de-creps-food-truck\/#breadcrumb","itemListElement":[{"@type":"ListItem","position":1,"name":"Portada","item":"https:\/\/foodtruckya.com\/magazine\/"},{"@type":"ListItem","position":2,"name":"Emprendedores: El Talleret de Creps"}]},{"@type":"WebSite","@id":"https:\/\/foodtruckya.com\/magazine\/#website","url":"https:\/\/foodtruckya.com\/magazine\/","name":"Street Food Magazine","description":"Informaci\u00f3n sobre food trucks by Foodtruckya","publisher":{"@id":"https:\/\/foodtruckya.com\/magazine\/#organization"},"potentialAction":[{"@type":"SearchAction","target":{"@type":"EntryPoint","urlTemplate":"https:\/\/foodtruckya.com\/magazine\/?s={search_term_string}"},"query-input":{"@type":"PropertyValueSpecification","valueRequired":true,"valueName":"search_term_string"}}],"inLanguage":"es"},{"@type":"Organization","@id":"https:\/\/foodtruckya.com\/magazine\/#organization","name":"Foodtruckya","url":"https:\/\/foodtruckya.com\/magazine\/","logo":{"@type":"ImageObject","inLanguage":"es","@id":"https:\/\/foodtruckya.com\/magazine\/#\/schema\/logo\/image\/","url":"https:\/\/foodtruckya.com\/magazine\/wp-content\/uploads\/2023\/05\/logo.png","contentUrl":"https:\/\/foodtruckya.com\/magazine\/wp-content\/uploads\/2023\/05\/logo.png","width":500,"height":133,"caption":"Foodtruckya"},"image":{"@id":"https:\/\/foodtruckya.com\/magazine\/#\/schema\/logo\/image\/"},"sameAs":["https:\/\/www.facebook.com\/Foodtruckya\/","https:\/\/x.com\/Foodtruckya","https:\/\/www.instagram.com\/foodtruckya_oficial\/"]},{"@type":"Person","@id":"https:\/\/foodtruckya.com\/magazine\/#\/schema\/person\/f6d3a304172e1e37b9ffd44d22795db9","name":"magazine","url":"https:\/\/foodtruckya.com\/magazine\/author\/magazine\/"}]}},"_links":{"self":[{"href":"https:\/\/foodtruckya.com\/magazine\/wp-json\/wp\/v2\/posts\/1872"}],"collection":[{"href":"https:\/\/foodtruckya.com\/magazine\/wp-json\/wp\/v2\/posts"}],"about":[{"href":"https:\/\/foodtruckya.com\/magazine\/wp-json\/wp\/v2\/types\/post"}],"author":[{"embeddable":true,"href":"https:\/\/foodtruckya.com\/magazine\/wp-json\/wp\/v2\/users\/1"}],"replies":[{"embeddable":true,"href":"https:\/\/foodtruckya.com\/magazine\/wp-json\/wp\/v2\/comments?post=1872"}],"version-history":[{"count":2,"href":"https:\/\/foodtruckya.com\/magazine\/wp-json\/wp\/v2\/posts\/1872\/revisions"}],"predecessor-version":[{"id":5413,"href":"https:\/\/foodtruckya.com\/magazine\/wp-json\/wp\/v2\/posts\/1872\/revisions\/5413"}],"wp:featuredmedia":[{"embeddable":true,"href":"https:\/\/foodtruckya.com\/magazine\/wp-json\/wp\/v2\/media\/5414"}],"wp:attachment":[{"href":"https:\/\/foodtruckya.com\/magazine\/wp-json\/wp\/v2\/media?parent=1872"}],"wp:term":[{"taxonomy":"category","embeddable":true,"href":"https:\/\/foodtruckya.com\/magazine\/wp-json\/wp\/v2\/categories?post=1872"},{"taxonomy":"post_tag","embeddable":true,"href":"https:\/\/foodtruckya.com\/magazine\/wp-json\/wp\/v2\/tags?post=1872"},{"taxonomy":"powerkit_post_featured","embeddable":true,"href":"https:\/\/foodtruckya.com\/magazine\/wp-json\/wp\/v2\/powerkit_post_featured?post=1872"}],"curies":[{"name":"wp","href":"https:\/\/api.w.org\/{rel}","templated":true}]}}